{"id":81720,"date":"2025-11-29T09:44:53","date_gmt":"2025-11-29T12:44:53","guid":{"rendered":"https:\/\/blogopara.com.br\/?p=81720"},"modified":"2025-11-29T09:44:53","modified_gmt":"2025-11-29T12:44:53","slug":"como-economizar-ate-30-na-conta-de-energia-com-ajustes-simples-veja-14-dicas","status":"publish","type":"post","link":"https:\/\/blogopara.com.br\/index.php\/2025\/11\/29\/como-economizar-ate-30-na-conta-de-energia-com-ajustes-simples-veja-14-dicas","title":{"rendered":"Como economizar at\u00e9 30% na conta de energia com ajustes simples? Veja 14 dicas"},"content":{"rendered":"<div class=\"flex flex-col w-full font-normal text-[18px] leading-[30px] text-tw-theme-text-default\">\n<p id=\"paragrafo-v1o8lk13bx\">Voc\u00ea sabia que pequenas mudan\u00e7as na rotina podem ajudar a reduzir em at\u00e9 30% a conta de energia? Embora o boleto seja uma despesa fixa na vida adulta, \u00e9 poss\u00edvel adotar comportamentos que diminuem o consumo mensal.<\/p>\n<\/div>\n<div class=\"article_mrec_destaque sticky\">\n<div id=\"internas_336x280_01\"><\/div>\n<\/div>\n<div class=\"flex flex-col p-2 px-0 w-full font-normal text-[18px] leading-[30px] text-tw-theme-text-default\">\n<p id=\"paragrafo-whatsapp-link\"><strong><a class=\"link\" href=\"https:\/\/chat.whatsapp.com\/HefihgDpTvZ4ODF6vRo8x0\" target=\"_blank\" rel=\"noopener\">Clique aqui para receber as not\u00edcias do CORREIO pelo WhatsApp<\/a><\/strong><\/p>\n<\/div>\n<div class=\"flex flex-col w-full font-normal text-[18px] leading-[30px] text-tw-theme-text-default\">\n<div><\/div>\n<p id=\"paragrafo-koeat7d2gg\">Quem d\u00e1 as orienta\u00e7\u00f5es \u00e9 Ana Christina Mascarenhas, superintendente de Efici\u00eancia Energ\u00e9tica da Neoenergia Coelba. Ela explica que existem duas formas principais de economizar: pela pot\u00eancia dos equipamentos e pelas horas de uso di\u00e1rio.<\/p>\n<\/div>\n<div class=\"btn-google-discover\">\n<div>\n<div><\/div>\n<p>Siga o\u00a0<strong>Jornal Correio<\/strong>\u00a0no Google e receba as principais not\u00edcias da Bahia, do Brasil e do Mundo.<\/p>\n<\/div>\n<div>Seguir no Google<\/div>\n<\/div>\n<div class=\"flex flex-col w-full font-normal text-[18px] leading-[30px] text-tw-theme-text-default\">\n<p id=\"paragrafo-oyjnzdbgum\">\u201cQuanto maior a pot\u00eancia e o tempo de uso, maior ser\u00e1 o gasto. Quando n\u00e3o \u00e9 poss\u00edvel trocar o equipamento por um mais eficiente, a sa\u00edda \u00e9 diminuir as horas de utiliza\u00e7\u00e3o\u201d, afirma.<\/p>\n<\/div>\n<div class=\"flex flex-col w-full font-normal text-[18px] leading-[30px] text-tw-theme-text-default\">\n<p id=\"paragrafo-kj8irg89vx\">Outro h\u00e1bito importante \u00e9 desconectar aparelhos da tomada.\u00a0\u201cTelevis\u00e3o, computador e outros dispositivos consomem energia mesmo no modo stand-by. Tudo que puder ser retirado da tomada deve ser desligado\u201d, diz.<\/p>\n<\/div>\n<div class=\"flex flex-col w-full\">\n<div id=\"galeria-simples-5ogtczz0jx\" class=\"component--galeria simples\">\n<div class=\"wrapper\">\n<div class=\"gallery-header\">\n<p>Como economizar energia?<\/p>\n<\/div>\n<\/div>\n<\/div>\n<\/div>\n<div class=\"flex flex-col w-full\">\n<h2 id=\"intertitulo-e0t6ylo0t7\" class=\"font-family-secondary text-tw-theme-box-titulo-default text-[26px] leading-[38px] font-bold md:text-[31px]\">Ar-condicionado e chuveiro precisam aten\u00e7\u00e3o redobrada<\/h2>\n<\/div>\n<div class=\"flex flex-col w-full font-normal text-[18px] leading-[30px] text-tw-theme-text-default\">\n<p id=\"paragrafo-6lxggjbs44\">Segundo Ana Christina, os maiores vil\u00f5es da conta de luz continuam sendo o ar-condicionado e a geladeira, por funcionarem durante longos per\u00edodos. No caso do ar, a recomenda\u00e7\u00e3o \u00e9 manter a temperatura entre 23\u00baC e 25\u00baC, considerada a faixa de conforto e que reduz o consumo.<\/p>\n<\/div>\n<div class=\"flex flex-col w-full font-normal text-[18px] leading-[30px] text-tw-theme-text-default\">\n<p id=\"paragrafo-yrhf65clyb\">\u201cSe a pessoa troca o ar-condicionado antigo por um modelo com motor inverter e melhor efici\u00eancia, a economia pode chegar a 50%\u201d, explica. Para quem n\u00e3o pode investir agora, a sa\u00edda \u00e9 reduzir horas de uso.<\/p>\n<\/div>\n<div class=\"flex flex-col w-full font-normal text-[18px] leading-[30px] text-tw-theme-text-default\">\n<p id=\"paragrafo-lsi2pdzx68\">Ela lembra ainda que, no ver\u00e3o, desligar o chuveiro el\u00e9trico ajuda na redu\u00e7\u00e3o, j\u00e1 que esse equipamento tem pot\u00eancia muito alta.<\/p>\n<\/div>\n<div class=\"flex flex-col w-full\">\n<h2 id=\"intertitulo-jtvh9j710l\" class=\"font-family-secondary text-tw-theme-box-titulo-default text-[26px] leading-[38px] font-bold md:text-[31px]\">Como economizar nos outros equipamentos?<\/h2>\n<\/div>\n<div class=\"flex flex-col w-full font-normal text-[18px] leading-[30px] text-tw-theme-text-default\">\n<p id=\"paragrafo-yfsrlep9ye\"><b>Micro-ondas<\/b><\/p>\n<\/div>\n<div class=\"flex flex-col w-full font-normal text-[18px] leading-[30px] text-tw-theme-text-default\">\n<p id=\"paragrafo-bjbtxjymyl\">Muita gente usa o micro-ondas para descongelar alimentos, algo que exige mais pot\u00eancia e aumenta o consumo.\u00a0\u201cQuando coloco carne para descongelar, por exemplo, preciso de at\u00e9 10 minutos, enquanto para aquecer um prato gastaria s\u00f3 um minuto e meio. Esse h\u00e1bito impacta na conta\u201d, alerta.<\/p>\n<\/div>\n<div class=\"flex flex-col w-full font-normal text-[18px] leading-[30px] text-tw-theme-text-default\">\n<p id=\"paragrafo-pcjc6v896o\"><b>Air fryer<\/b><\/p>\n<\/div>\n<div class=\"article_intext inline-block text-center w-full h-280\">\n<div id=\"internas_336x280_03\"><\/div>\n<\/div>\n<div class=\"flex flex-col w-full font-normal text-[18px] leading-[30px] text-tw-theme-text-default\">\n<p id=\"paragrafo-vjxmsd1mln\">A superintendente explica que as air fryers t\u00eam pot\u00eancia muito alta.\u00a0\u201cTem gente que cozinha tudo nela. Por isso, acaba usando por longos per\u00edodos e a pot\u00eancia pesa no consumo. Esses h\u00e1bitos modernos t\u00eam impacto\u201d, afirma.<\/p>\n<\/div>\n<div class=\"flex flex-col w-full font-normal text-[18px] leading-[30px] text-tw-theme-text-default\">\n<p id=\"paragrafo-tybvcgncd2\"><b>Forno el\u00e9trico<\/b><\/p>\n<\/div>\n<div class=\"flex flex-col w-full font-normal text-[18px] leading-[30px] text-tw-theme-text-default\">\n<p id=\"paragrafo-tgxkxhbsso\">O forno el\u00e9trico tamb\u00e9m \u00e9 um dos campe\u00f5es de gasto, por operar com pot\u00eancia elevada.\u00a0\u201cPode ser substitu\u00eddo sempre que poss\u00edvel pelo fog\u00e3o, que consome menos\u201d, recomenda.<\/p>\n<\/div>\n<div class=\"flex flex-col w-full font-normal text-[18px] leading-[30px] text-tw-theme-text-default\">\n<p id=\"paragrafo-8x3y65gxac\"><b>L\u00e2mpadas LED<\/b><\/p>\n<\/div>\n<div class=\"flex flex-col w-full font-normal text-[18px] leading-[30px] text-tw-theme-text-default\">\n<p id=\"paragrafo-b3j5c3z96t\">Ana Christina destaca que n\u00e3o entra mais no detalhe das l\u00e2mpadas porque a maioria das pessoas j\u00e1 utiliza LED, que s\u00e3o mais econ\u00f4micas.<\/p>\n<\/div>\n<div class=\"flex flex-col w-full font-normal text-[18px] leading-[30px] text-tw-theme-text-default\">\n<p id=\"paragrafo-84nce4d2do\"><b>Ferro de passar roupa<\/b><\/p>\n<\/div>\n<div class=\"article_intext inline-block text-center w-full h-280\">\n<div id=\"internas_336x280_04\"><\/div>\n<\/div>\n<div class=\"flex flex-col w-full font-normal text-[18px] leading-[30px] text-tw-theme-text-default\">\n<p id=\"paragrafo-zvfd73c8hh\">O ferro \u00e9 um equipamento de alta pot\u00eancia &#8211; e o consumo aumenta ainda mais quando o vapor \u00e9 ativado.\u00a0\u201cUsar vapor eleva o consumo em cerca de 2,5 vezes. J\u00e1 o vaporizador gasta at\u00e9 quatro vezes mais\u201d, explica.<\/p>\n<\/div>\n<div class=\"flex flex-col w-full\">\n<h2 id=\"intertitulo-jal5zz1qew\" class=\"font-family-secondary text-tw-theme-box-titulo-default text-[26px] leading-[38px] font-bold md:text-[31px]\">Comprar equipamentos mais econ\u00f4micos \u00e9 outra op\u00e7\u00e3o<\/h2>\n<\/div>\n<div class=\"flex flex-col w-full font-normal text-[18px] leading-[30px] text-tw-theme-text-default\">\n<p id=\"paragrafo-khj9n8zghw\">Al\u00e9m dos h\u00e1bitos, \u00e9 poss\u00edvel economizar com a escolha de equipamentos mais eficientes.<\/p>\n<\/div>\n<div class=\"flex flex-col w-full font-normal text-[18px] leading-[30px] text-tw-theme-text-default\">\n<p id=\"paragrafo-gm45iksm7r\">Ana Christina cita o selo Procel, que atualmente indica os modelos de melhor efici\u00eancia com a categoria Selo Ouro \u2014 especialmente para ar-condicionado e refrigeradores. A consulta, por\u00e9m, deve ser feita online, j\u00e1 que a etiqueta n\u00e3o aparece mais no equipamento f\u00edsico.<\/p>\n<\/div>\n<div class=\"flex flex-col w-full font-normal text-[18px] leading-[30px] text-tw-theme-text-default\">\n<p id=\"paragrafo-03s7sbgbke\">No caso dos aparelhos de ar, tamb\u00e9m \u00e9 importante verificar o IDRS (\u00cdndice de Desempenho de Resfriamento Sazonal): quanto maior a nota, mais eficiente \u00e9 o equipamento.<\/p>\n<\/div>\n","protected":false},"excerpt":{"rendered":"<p>Voc\u00ea sabia que pequenas mudan\u00e7as na rotina podem ajudar a reduzir em at\u00e9 30% a conta de energia? Embora o boleto seja uma despesa fixa na vida adulta, \u00e9 poss\u00edvel adotar comportamentos que diminuem o consumo mensal. Clique aqui para receber as not\u00edcias do CORREIO pelo WhatsApp Quem d\u00e1 as orienta\u00e7\u00f5es \u00e9 Ana Christina Mascarenhas, [&hellip;]<\/p>\n","protected":false},"author":1,"featured_media":54928,"comment_status":"open","ping_status":"open","sticky":false,"template":"","format":"standard","meta":{"_uag_custom_page_level_css":"","_monsterinsights_skip_tracking":false,"_monsterinsights_sitenote_active":false,"_monsterinsights_sitenote_note":"","_monsterinsights_sitenote_category":0,"jetpack_post_was_ever_published":false,"_jetpack_newsletter_access":"","_jetpack_dont_email_post_to_subs":false,"_jetpack_newsletter_tier_id":0,"_jetpack_memberships_contains_paywalled_content":false,"_jetpack_memberships_contains_paid_content":false,"footnotes":"","jetpack_publicize_message":"","jetpack_publicize_feature_enabled":true,"jetpack_social_post_already_shared":true,"jetpack_social_options":{"image_generator_settings":{"template":"highway","default_image_id":0,"font":"","enabled":false},"version":2}},"categories":[204],"tags":[],"class_list":["post-81720","post","type-post","status-publish","format-standard","has-post-thumbnail","hentry","category-social"],"jetpack_publicize_connections":[],"jetpack_featured_media_url":"https:\/\/blogopara.com.br\/wp-content\/uploads\/2023\/07\/conta_de_luz-aneel_widelg.jpg","uagb_featured_image_src":{"full":["https:\/\/blogopara.com.br\/wp-content\/uploads\/2023\/07\/conta_de_luz-aneel_widelg.jpg",500,281,false],"thumbnail":["https:\/\/blogopara.com.br\/wp-content\/uploads\/2023\/07\/conta_de_luz-aneel_widelg-150x150.jpg",150,150,true],"medium":["https:\/\/blogopara.com.br\/wp-content\/uploads\/2023\/07\/conta_de_luz-aneel_widelg-300x169.jpg",300,169,true],"medium_large":["https:\/\/blogopara.com.br\/wp-content\/uploads\/2023\/07\/conta_de_luz-aneel_widelg.jpg",500,281,false],"large":["https:\/\/blogopara.com.br\/wp-content\/uploads\/2023\/07\/conta_de_luz-aneel_widelg.jpg",500,281,false],"1536x1536":["https:\/\/blogopara.com.br\/wp-content\/uploads\/2023\/07\/conta_de_luz-aneel_widelg.jpg",500,281,false],"2048x2048":["https:\/\/blogopara.com.br\/wp-content\/uploads\/2023\/07\/conta_de_luz-aneel_widelg.jpg",500,281,false],"mantranews-slider-large":["https:\/\/blogopara.com.br\/wp-content\/uploads\/2023\/07\/conta_de_luz-aneel_widelg.jpg",500,281,false],"mantranews-featured-medium":["https:\/\/blogopara.com.br\/wp-content\/uploads\/2023\/07\/conta_de_luz-aneel_widelg-420x281.jpg",420,281,true],"mantranews-featured-long":["https:\/\/blogopara.com.br\/wp-content\/uploads\/2023\/07\/conta_de_luz-aneel_widelg-300x281.jpg",300,281,true],"mantranews-block-medium":["https:\/\/blogopara.com.br\/wp-content\/uploads\/2023\/07\/conta_de_luz-aneel_widelg-464x281.jpg",464,281,true],"mantranews-carousel-image":["https:\/\/blogopara.com.br\/wp-content\/uploads\/2023\/07\/conta_de_luz-aneel_widelg.jpg",500,281,false],"mantranews-block-thumb":["https:\/\/blogopara.com.br\/wp-content\/uploads\/2023\/07\/conta_de_luz-aneel_widelg-322x230.jpg",322,230,true],"mantranews-single-large":["https:\/\/blogopara.com.br\/wp-content\/uploads\/2023\/07\/conta_de_luz-aneel_widelg.jpg",500,281,false]},"uagb_author_info":{"display_name":"Reda\u00e7\u00e3o geral","author_link":"https:\/\/blogopara.com.br\/index.php\/author\/blogopara"},"uagb_comment_info":0,"uagb_excerpt":"Voc\u00ea sabia que pequenas mudan\u00e7as na rotina podem ajudar a reduzir em at\u00e9 30% a conta de energia? Embora o boleto seja uma despesa fixa na vida adulta, \u00e9 poss\u00edvel adotar comportamentos que diminuem o consumo mensal. Clique aqui para receber as not\u00edcias do CORREIO pelo WhatsApp Quem d\u00e1 as orienta\u00e7\u00f5es \u00e9 Ana Christina Mascarenhas,&hellip;","jetpack_sharing_enabled":true,"jetpack_likes_enabled":true,"_links":{"self":[{"href":"https:\/\/blogopara.com.br\/index.php\/wp-json\/wp\/v2\/posts\/81720","targetHints":{"allow":["GET"]}}],"collection":[{"href":"https:\/\/blogopara.com.br\/index.php\/wp-json\/wp\/v2\/posts"}],"about":[{"href":"https:\/\/blogopara.com.br\/index.php\/wp-json\/wp\/v2\/types\/post"}],"author":[{"embeddable":true,"href":"https:\/\/blogopara.com.br\/index.php\/wp-json\/wp\/v2\/users\/1"}],"replies":[{"embeddable":true,"href":"https:\/\/blogopara.com.br\/index.php\/wp-json\/wp\/v2\/comments?post=81720"}],"version-history":[{"count":1,"href":"https:\/\/blogopara.com.br\/index.php\/wp-json\/wp\/v2\/posts\/81720\/revisions"}],"predecessor-version":[{"id":81721,"href":"https:\/\/blogopara.com.br\/index.php\/wp-json\/wp\/v2\/posts\/81720\/revisions\/81721"}],"wp:featuredmedia":[{"embeddable":true,"href":"https:\/\/blogopara.com.br\/index.php\/wp-json\/wp\/v2\/media\/54928"}],"wp:attachment":[{"href":"https:\/\/blogopara.com.br\/index.php\/wp-json\/wp\/v2\/media?parent=81720"}],"wp:term":[{"taxonomy":"category","embeddable":true,"href":"https:\/\/blogopara.com.br\/index.php\/wp-json\/wp\/v2\/categories?post=81720"},{"taxonomy":"post_tag","embeddable":true,"href":"https:\/\/blogopara.com.br\/index.php\/wp-json\/wp\/v2\/tags?post=81720"}],"curies":[{"name":"wp","href":"https:\/\/api.w.org\/{rel}","templated":true}]}}