{"id":81775,"date":"2025-12-01T16:01:25","date_gmt":"2025-12-01T19:01:25","guid":{"rendered":"https:\/\/blogopara.com.br\/?p=81775"},"modified":"2025-12-01T16:01:25","modified_gmt":"2025-12-01T19:01:25","slug":"prefeitura-de-senhor-do-bonfim-adquire-30-novos-veiculos-0-km","status":"publish","type":"post","link":"https:\/\/blogopara.com.br\/index.php\/2025\/12\/01\/prefeitura-de-senhor-do-bonfim-adquire-30-novos-veiculos-0-km","title":{"rendered":"Prefeitura de Senhor do Bonfim adquire 30 novos ve\u00edculos 0 km"},"content":{"rendered":"<p class=\"x_MsoNormal\">A Prefeitura de Senhor do Bonfim apresentou, na noite deste domingo (30), durante a abertura do Natal Iluminado, 30 novos ve\u00edculos 0 km que passam a integrar a frota municipal. A entrega j\u00e1 se torna tradi\u00e7\u00e3o: no mesmo per\u00edodo do ano passado, a gest\u00e3o tamb\u00e9m havia ampliado a frota com a aquisi\u00e7\u00e3o de 22 carros novos.<\/p>\n<p class=\"x_MsoNormal\">Com a nova aquisi\u00e7\u00e3o, o munic\u00edpio ultrapassa a marca de 160 ve\u00edculos, fortalecendo a capacidade de atendimento das secretarias e garantindo mais agilidade, seguran\u00e7a e efici\u00eancia nos servi\u00e7os ofertados \u00e0 popula\u00e7\u00e3o, especialmente nas \u00e1reas de sa\u00fade, assist\u00eancia social, educa\u00e7\u00e3o e infraestrutura.<\/p>\n<p class=\"x_MsoNormal\">O prefeito La\u00e9rcio J\u00fanior destacou que o investimento reflete o compromisso da gest\u00e3o com resultados concretos para a cidade.<\/p>\n<p class=\"x_MsoNormal\">\u201cEstamos renovando e ampliando a frota para que nossas equipes trabalhem melhor e possam atender cada bonfinense com qualidade. Esse \u00e9 mais um passo na constru\u00e7\u00e3o de uma cidade mais moderna e o presente que o nosso povo merece, n\u00e3o s\u00f3 a magia da festa, mas tamb\u00e9m investimentos que impactam diretamente nos servi\u00e7os para a popula\u00e7\u00e3o\u201d.<\/p>\n<p class=\"x_MsoNormal\">\nTexto: Ascom PMSB<\/p>\n","protected":false},"excerpt":{"rendered":"<p>A Prefeitura de Senhor do Bonfim apresentou, na noite deste domingo (30), durante a abertura do Natal Iluminado, 30 novos ve\u00edculos 0 km que passam a integrar a frota municipal. A entrega j\u00e1 se torna tradi\u00e7\u00e3o: no mesmo per\u00edodo do ano passado, a gest\u00e3o tamb\u00e9m havia ampliado a frota com a aquisi\u00e7\u00e3o de 22 carros [&hellip;]<\/p>\n","protected":false},"author":1,"featured_media":81776,"comment_status":"open","ping_status":"open","sticky":false,"template":"","format":"standard","meta":{"_uag_custom_page_level_css":"","_monsterinsights_skip_tracking":false,"_monsterinsights_sitenote_active":false,"_monsterinsights_sitenote_note":"","_monsterinsights_sitenote_category":0,"jetpack_post_was_ever_published":false,"_jetpack_newsletter_access":"","_jetpack_dont_email_post_to_subs":false,"_jetpack_newsletter_tier_id":0,"_jetpack_memberships_contains_paywalled_content":false,"_jetpack_memberships_contains_paid_content":false,"footnotes":"","jetpack_publicize_message":"","jetpack_publicize_feature_enabled":true,"jetpack_social_post_already_shared":true,"jetpack_social_options":{"image_generator_settings":{"template":"highway","default_image_id":0,"font":"","enabled":false},"version":2}},"categories":[199],"tags":[],"class_list":["post-81775","post","type-post","status-publish","format-standard","has-post-thumbnail","hentry","category-bahia"],"jetpack_publicize_connections":[],"jetpack_featured_media_url":"https:\/\/blogopara.com.br\/wp-content\/uploads\/2025\/12\/54956744013_c240347487_k.jpg","uagb_featured_image_src":{"full":["https:\/\/blogopara.com.br\/wp-content\/uploads\/2025\/12\/54956744013_c240347487_k.jpg",499,333,false],"thumbnail":["https:\/\/blogopara.com.br\/wp-content\/uploads\/2025\/12\/54956744013_c240347487_k-150x150.jpg",150,150,true],"medium":["https:\/\/blogopara.com.br\/wp-content\/uploads\/2025\/12\/54956744013_c240347487_k-300x200.jpg",300,200,true],"medium_large":["https:\/\/blogopara.com.br\/wp-content\/uploads\/2025\/12\/54956744013_c240347487_k.jpg",499,333,false],"large":["https:\/\/blogopara.com.br\/wp-content\/uploads\/2025\/12\/54956744013_c240347487_k.jpg",499,333,false],"1536x1536":["https:\/\/blogopara.com.br\/wp-content\/uploads\/2025\/12\/54956744013_c240347487_k.jpg",499,333,false],"2048x2048":["https:\/\/blogopara.com.br\/wp-content\/uploads\/2025\/12\/54956744013_c240347487_k.jpg",499,333,false],"mantranews-slider-large":["https:\/\/blogopara.com.br\/wp-content\/uploads\/2025\/12\/54956744013_c240347487_k.jpg",499,333,false],"mantranews-featured-medium":["https:\/\/blogopara.com.br\/wp-content\/uploads\/2025\/12\/54956744013_c240347487_k-420x307.jpg",420,307,true],"mantranews-featured-long":["https:\/\/blogopara.com.br\/wp-content\/uploads\/2025\/12\/54956744013_c240347487_k-300x333.jpg",300,333,true],"mantranews-block-medium":["https:\/\/blogopara.com.br\/wp-content\/uploads\/2025\/12\/54956744013_c240347487_k-464x290.jpg",464,290,true],"mantranews-carousel-image":["https:\/\/blogopara.com.br\/wp-content\/uploads\/2025\/12\/54956744013_c240347487_k.jpg",499,333,false],"mantranews-block-thumb":["https:\/\/blogopara.com.br\/wp-content\/uploads\/2025\/12\/54956744013_c240347487_k-322x230.jpg",322,230,true],"mantranews-single-large":["https:\/\/blogopara.com.br\/wp-content\/uploads\/2025\/12\/54956744013_c240347487_k.jpg",499,333,false]},"uagb_author_info":{"display_name":"Reda\u00e7\u00e3o geral","author_link":"https:\/\/blogopara.com.br\/index.php\/author\/blogopara"},"uagb_comment_info":0,"uagb_excerpt":"A Prefeitura de Senhor do Bonfim apresentou, na noite deste domingo (30), durante a abertura do Natal Iluminado, 30 novos ve\u00edculos 0 km que passam a integrar a frota municipal. A entrega j\u00e1 se torna tradi\u00e7\u00e3o: no mesmo per\u00edodo do ano passado, a gest\u00e3o tamb\u00e9m havia ampliado a frota com a aquisi\u00e7\u00e3o de 22 carros&hellip;","jetpack_sharing_enabled":true,"jetpack_likes_enabled":true,"_links":{"self":[{"href":"https:\/\/blogopara.com.br\/index.php\/wp-json\/wp\/v2\/posts\/81775","targetHints":{"allow":["GET"]}}],"collection":[{"href":"https:\/\/blogopara.com.br\/index.php\/wp-json\/wp\/v2\/posts"}],"about":[{"href":"https:\/\/blogopara.com.br\/index.php\/wp-json\/wp\/v2\/types\/post"}],"author":[{"embeddable":true,"href":"https:\/\/blogopara.com.br\/index.php\/wp-json\/wp\/v2\/users\/1"}],"replies":[{"embeddable":true,"href":"https:\/\/blogopara.com.br\/index.php\/wp-json\/wp\/v2\/comments?post=81775"}],"version-history":[{"count":1,"href":"https:\/\/blogopara.com.br\/index.php\/wp-json\/wp\/v2\/posts\/81775\/revisions"}],"predecessor-version":[{"id":81777,"href":"https:\/\/blogopara.com.br\/index.php\/wp-json\/wp\/v2\/posts\/81775\/revisions\/81777"}],"wp:featuredmedia":[{"embeddable":true,"href":"https:\/\/blogopara.com.br\/index.php\/wp-json\/wp\/v2\/media\/81776"}],"wp:attachment":[{"href":"https:\/\/blogopara.com.br\/index.php\/wp-json\/wp\/v2\/media?parent=81775"}],"wp:term":[{"taxonomy":"category","embeddable":true,"href":"https:\/\/blogopara.com.br\/index.php\/wp-json\/wp\/v2\/categories?post=81775"},{"taxonomy":"post_tag","embeddable":true,"href":"https:\/\/blogopara.com.br\/index.php\/wp-json\/wp\/v2\/tags?post=81775"}],"curies":[{"name":"wp","href":"https:\/\/api.w.org\/{rel}","templated":true}]}}