{"id":82069,"date":"2025-12-15T15:00:43","date_gmt":"2025-12-15T18:00:43","guid":{"rendered":"https:\/\/blogopara.com.br\/?p=82069"},"modified":"2025-12-15T15:00:43","modified_gmt":"2025-12-15T18:00:43","slug":"caso-geovane-tjba-define-data-de-juri-popular-dos-sete-pms-acusados-de-esquartejar-o-jovem","status":"publish","type":"post","link":"https:\/\/blogopara.com.br\/index.php\/2025\/12\/15\/caso-geovane-tjba-define-data-de-juri-popular-dos-sete-pms-acusados-de-esquartejar-o-jovem","title":{"rendered":"Caso Geovane: TJBA define data de j\u00fari popular dos sete PMs acusados de esquartejar o jovem"},"content":{"rendered":"<div class=\"flex flex-col w-full font-normal text-[18px] leading-[30px] text-tw-theme-text-default\">\n<p id=\"paragrafo-wa760xwj7z\">A m\u00e1xima de que s\u00f3 o tempo cura as dores n\u00e3o se aplica a Jurandy Silva Santana, de 51 anos. \u201cSinto a mesma ang\u00fastia de sempre\u201d, desabafa ao lembrar daquele 2 de agosto de 2014. Naquele dia, seu filho,\u00a0Geovane Mascarenhas de Santana, ent\u00e3o com 22 anos, foi sequestrado e posteriormente decapitado dentro de uma unidade da Pol\u00edcia Militar no bairro do Lobato, em Salvador. Agora, quase 12 anos depois, os sete policiais ir\u00e3o enfrentar o j\u00fari popular no dia 27 de abril de 2026.<\/p>\n<\/div>\n<div class=\"flex flex-col w-full font-normal text-[18px] leading-[30px] text-tw-theme-text-default\">\n<p id=\"paragrafo-qio14rurfi\">\u201cEles que deveriam nos proteger cometeram essa atrocidade. Arrancaram um peda\u00e7o grande de mim. Se a Justi\u00e7a for feita, todos ser\u00e3o condenados e teremos um pouco de al\u00edvio\u201d, declara o pai de Geovane.<\/p>\n<\/div>\n<div class=\"flex flex-col w-full font-normal text-[18px] leading-[30px] text-tw-theme-text-default\">\n<p id=\"paragrafo-eypcp2xcpd\">Geovane foi sequestrado, morto e esquartejado por policiais militares das\u00a0Rondas Especiais da Pol\u00edcia Militar (Rondesp), recentemente transformadas em batalh\u00f5es. As investiga\u00e7\u00f5es apontaram que a m\u00e3o esquerda da v\u00edtima foi encontrada carbonizada junto com a cabe\u00e7a, em Campinas de Piraj\u00e1. O restante do corpo foi deixado no Parque S\u00e3o Bartolomeu.<\/p>\n<\/div>\n<div class=\"flex flex-col w-full font-normal text-[18px] leading-[30px] text-tw-theme-text-default\">\n<p id=\"paragrafo-p7ce2ws9vk\">Ap\u00f3s a conclus\u00e3o da instru\u00e7\u00e3o processual, com a apresenta\u00e7\u00e3o de provas, depoimentos de testemunhas e laudos periciais, o juiz pronunciou os r\u00e9us, mantendo todas as acusa\u00e7\u00f5es descritas na den\u00fancia do Minist\u00e9rio P\u00fablico do Estado da Bahia (MPBA). O Minist\u00e9rio P\u00fablico informou que, em breve, ir\u00e1 designar um promotor para atuar no j\u00fari. Os policiais respondem por sequestro, roubo &#8211; j\u00e1 que a motocicleta e o celular de Geovane n\u00e3o foram encontrados -, oculta\u00e7\u00e3o de cad\u00e1ver, forma\u00e7\u00e3o de quadrilha e homic\u00eddio qualificado.<\/p>\n<\/div>\n<div class=\"flex flex-col w-full font-normal text-[18px] leading-[30px] text-tw-theme-text-default\">\n<p id=\"paragrafo-oospw30a4q\">O j\u00fari est\u00e1 marcado para come\u00e7ar \u00e0s 8h, no F\u00f3rum Ruy Barbosa, no Campo da P\u00f3lvora, em Salvador. A data foi divulgada no dia 1\u00ba deste m\u00eas, no portal do Tribunal de Justi\u00e7a do Estado da Bahia (TJBA). \u201cA prova \u00e9 robusta e demonstra que os policiais estiveram nos locais onde a cabe\u00e7a e o corpo de Geovane foram deixados. Nossa expectativa \u00e9 a condena\u00e7\u00e3o m\u00e1xima, que pode chegar a 40 anos\u201d, afirma o advogado da fam\u00edlia, Paulo Kleber Carneiro Carvalho Filho, que atuar\u00e1 como assistente de acusa\u00e7\u00e3o do MPBA no julgamento.<\/p>\n<\/div>\n<div class=\"flex flex-col w-full font-normal text-[18px] leading-[30px] text-tw-theme-text-default\">\n<p id=\"paragrafo-6kpymf8s9f\">Os r\u00e9us que ir\u00e3o encarar os jurados s\u00e3o o subtenente Cl\u00e1udio Bonfim Borges; o sargento Daniel Pereira de Souza Santos; os soldados Roberto Santos de Oliveira, Alan Moraes Galiza dos Santos e Alex Santos Caetano; al\u00e9m do ex-soldado Jesimiel da Silva Resende, expulso da corpora\u00e7\u00e3o por outro desvio de conduta. J\u00e1 o soldado Jailson Gomes Oliveira ser\u00e1 julgado pelos mesmos crimes, com exce\u00e7\u00e3o da oculta\u00e7\u00e3o de cad\u00e1ver.<\/p>\n<\/div>\n<div class=\"flex flex-col w-full\">\n<div id=\"imagem-jm6yhibv2g\" class=\"w-full\"><span style=\"font-size: 1rem;\">\u201cCom exce\u00e7\u00e3o de Jesimiel, que n\u00e3o faz mais parte da corpora\u00e7\u00e3o, os demais est\u00e3o em plena atividade, trabalhando normalmente, inclusive em atua\u00e7\u00e3o externa\u201d, diz o advogado. O CORREIO procurou a Pol\u00edcia Militar para confirmar as informa\u00e7\u00f5es e solicitar um posicionamento, mas at\u00e9 o momento n\u00e3o houve resposta.<\/span><\/div>\n<\/div>\n<div class=\"flex flex-col w-full font-normal text-[18px] leading-[30px] text-tw-theme-text-default\">\n<p id=\"paragrafo-pf6hhq1hq9\">Inicialmente, 11 policiais militares foram denunciados pelo MPBA. No entanto, a ju\u00edza do caso, Gelzi Maria Almeida de Souza, ent\u00e3o titular do 1\u00ba Ju\u00edzo da 1\u00aa Vara do J\u00fari, absolveu os demais envolvidos no processo: o sargento Gilson Santos Dias e os soldados Cl\u00e1udio C\u00e9sar Souza Nobre, F\u00e1bio Nobre Lima Masavit Cardozo e Jocenilton Santos Ferreira.<\/p>\n<\/div>\n<div class=\"flex flex-col w-full font-normal text-[18px] leading-[30px] text-tw-theme-text-default\">\n<p id=\"paragrafo-drhsoo66sm\"><b>STF<\/b><\/p>\n<\/div>\n<div class=\"flex flex-col w-full font-normal text-[18px] leading-[30px] text-tw-theme-text-default\">\n<p id=\"paragrafo-c2hoszdq1x\">Apesar das in\u00fameras manobras judiciais da defesa e de recursos apresentados at\u00e9 o Supremo Tribunal Federal (STF), n\u00e3o foi poss\u00edvel evitar o julgamento pelo Tribunal do J\u00fari. A audi\u00eancia foi marcada ap\u00f3s 11 anos e 10 meses do crime. \u201cN\u00e3o h\u00e1 mais como adiar, pois todos os r\u00e9us foram intimados. Quem n\u00e3o comparecer sofrer\u00e1 os efeitos da revelia\u201d, explica Paulo Kleber. Segundo ele, a senten\u00e7a n\u00e3o deve sair no mesmo dia. \u201cPela complexidade do caso, pelo volume de provas e pelo n\u00famero de testemunhas de acusa\u00e7\u00e3o e defesa, acredito que o julgamento dure ao menos dois dias\u201d, avalia.<\/p>\n<\/div>\n<div class=\"flex flex-col w-full\">\n<div id=\"imagem-a0uthrpyiw\" class=\"w-full\">Caso Geovane: PMs v\u00e3o \u00e0 j\u00fari popular em abril de 2026\u00a0<span class=\"font-bold\">Cr\u00e9dito: Acervo Pessoal<\/span><\/div>\n<\/div>\n<div class=\"flex flex-col w-full font-normal text-[18px] leading-[30px] text-tw-theme-text-default\">\n<p id=\"paragrafo-96zkqd1evy\">Para a diretora-executiva da Iniciativa Negra, Carol Santos, o crime \u201cdemonstra mais um ato de crueldade de agentes de seguran\u00e7a da Bahia ao executar sumariamente mais um jovem negro perif\u00e9rico\u201d. \u201cN\u00e3o \u00e9 um caso isolado, mas uma atua\u00e7\u00e3o sistem\u00e1tica baseada no racismo estrutural do Estado. \u00c9 fundamental que esses policiais sejam responsabilizados, como forma de garantir justi\u00e7a aos familiares da v\u00edtima e pensar caminhos de enfrentamento e repara\u00e7\u00e3o\u201d, afirma.<\/p>\n<\/div>\n<div class=\"flex flex-col w-full font-normal text-[18px] leading-[30px] text-tw-theme-text-default\">\n<p id=\"paragrafo-g7qxirtl4p\">A reportagem procurou a defesa dos r\u00e9us, mas at\u00e9 o momento n\u00e3o h\u00e1 resposta. O espa\u00e7o segue aberto.<\/p>\n<\/div>\n<div class=\"flex flex-col w-full font-normal text-[18px] leading-[30px] text-tw-theme-text-default\">\n<div><b>Dor<\/b><\/div>\n<\/div>\n<div class=\"flex flex-col w-full font-normal text-[18px] leading-[30px] text-tw-theme-text-default\">\n<p id=\"paragrafo-k99hofd1vt\">Ao longo desses quase 12 anos, a fam\u00edlia de Geovane convive com a dor, a revolta e as sequelas da barb\u00e1rie. O av\u00f4, Get\u00falio Silva de Santana, de 72 anos, morreu em 2021. \u201cEle entrou em depress\u00e3o ap\u00f3s a morte de Geovane. Tinha diabetes, deixou de ir ao m\u00e9dico e de tomar os rem\u00e9dios. Acabou morrendo por complica\u00e7\u00f5es da doen\u00e7a\u201d, conta Jurandy.<\/p>\n<\/div>\n<div class=\"flex flex-col w-full font-normal text-[18px] leading-[30px] text-tw-theme-text-default\">\n<p id=\"paragrafo-grdrr8k6f6\">Pouco depois da morte de Geovane, nasceu a filha dele. Apesar do acompanhamento psicol\u00f3gico, a menina, hoje com 11 anos, ainda tenta compreender o que aconteceu com o pai. \u201cQuando era pequena, diz\u00edamos que ele estava viajando. Com o tempo, passou a questionar mais, queria saber por que os pais das amigas iam busc\u00e1-las na escola e o dela n\u00e3o. Hoje, os psic\u00f3logos trabalham a realidade com ela\u201d, relata Jurandy.<\/p>\n<\/div>\n<div class=\"flex flex-col w-full font-normal text-[18px] leading-[30px] text-tw-theme-text-default\">\n<p id=\"paragrafo-wfq2zypjvg\">Apesar de seus quase dois metros de altura, o pai tenta ser forte para seguir em frente, mas admite que a dor persiste. \u201cNa \u00e9poca eu tinha 39 anos. Tento manter a rotina, inclusive de trabalho, mas a saudade aperta. Qualquer lembran\u00e7a faz tudo voltar\u201d, desabafa.<\/p>\n<\/div>\n<div class=\"flex flex-col w-full font-normal text-[18px] leading-[30px] text-tw-theme-text-default\">\n<p id=\"paragrafo-klnxl97z83\"><b>Abordagem<\/b><\/p>\n<\/div>\n<div class=\"flex flex-col w-full font-normal text-[18px] leading-[30px] text-tw-theme-text-default\">\n<p id=\"paragrafo-orvp0064m0\">Geovane Mascarenhas desapareceu ap\u00f3s ser abordado por policiais da Rondesp BTS, no dia 2 de agosto de 2014, no bairro da Cal\u00e7ada. Sem respostas da pol\u00edcia, o pai iniciou uma investiga\u00e7\u00e3o pr\u00f3pria e encontrou um v\u00eddeo que registra o \u00faltimo dia de vida do filho, no qual ele \u00e9 retirado da motocicleta e colocado no porta-malas de uma viatura da Rondesp\/BTS.<\/p>\n<\/div>\n<div class=\"flex flex-col w-full font-normal text-[18px] leading-[30px] text-tw-theme-text-default\">\n<p id=\"paragrafo-hbrj55cq4q\">Laudo do Departamento de Pol\u00edcia T\u00e9cnica (DPT) apontou que o jovem foi decapitado e teve o corpo carbonizado. Segundo o Minist\u00e9rio P\u00fablico, Geovane foi executado dentro da sede da Rondesp, \u00e0s 21h daquele mesmo dia.\u00a0\u201cO corpo da v\u00edtima foi localizado no dia seguinte, em uma casa abandonada, e a motocicleta e o celular foram subtra\u00eddos pelos acusados\u201d, diz a den\u00fancia.<\/p>\n<\/div>\n<div class=\"flex flex-col w-full font-normal text-[18px] leading-[30px] text-tw-theme-text-default\">\n<p id=\"paragrafo-6394dtw4bn\">Inicialmente, tr\u00eas policiais responderam pelo crime. No decorrer das investiga\u00e7\u00f5es, no entanto, a Pol\u00edcia Civil encontrou ind\u00edcios da participa\u00e7\u00e3o de outros PMs na morte, na oculta\u00e7\u00e3o do cad\u00e1ver e na manipula\u00e7\u00e3o de provas.<\/p>\n<\/div>\n","protected":false},"excerpt":{"rendered":"<p>A m\u00e1xima de que s\u00f3 o tempo cura as dores n\u00e3o se aplica a Jurandy Silva Santana, de 51 anos. \u201cSinto a mesma ang\u00fastia de sempre\u201d, desabafa ao lembrar daquele 2 de agosto de 2014. Naquele dia, seu filho,\u00a0Geovane Mascarenhas de Santana, ent\u00e3o com 22 anos, foi sequestrado e posteriormente decapitado dentro de uma unidade [&hellip;]<\/p>\n","protected":false},"author":1,"featured_media":82070,"comment_status":"open","ping_status":"open","sticky":false,"template":"","format":"standard","meta":{"_uag_custom_page_level_css":"","_monsterinsights_skip_tracking":false,"_monsterinsights_sitenote_active":false,"_monsterinsights_sitenote_note":"","_monsterinsights_sitenote_category":0,"jetpack_post_was_ever_published":false,"_jetpack_newsletter_access":"","_jetpack_dont_email_post_to_subs":false,"_jetpack_newsletter_tier_id":0,"_jetpack_memberships_contains_paywalled_content":false,"_jetpack_memberships_contains_paid_content":false,"footnotes":"","jetpack_publicize_message":"","jetpack_publicize_feature_enabled":true,"jetpack_social_post_already_shared":true,"jetpack_social_options":{"image_generator_settings":{"template":"highway","default_image_id":0,"font":"","enabled":false},"version":2}},"categories":[199,202],"tags":[],"class_list":["post-82069","post","type-post","status-publish","format-standard","has-post-thumbnail","hentry","category-bahia","category-policia"],"jetpack_publicize_connections":[],"jetpack_featured_media_url":"https:\/\/blogopara.com.br\/wp-content\/uploads\/2025\/12\/Capturar-24.jpg","uagb_featured_image_src":{"full":["https:\/\/blogopara.com.br\/wp-content\/uploads\/2025\/12\/Capturar-24.jpg",500,342,false],"thumbnail":["https:\/\/blogopara.com.br\/wp-content\/uploads\/2025\/12\/Capturar-24-150x150.jpg",150,150,true],"medium":["https:\/\/blogopara.com.br\/wp-content\/uploads\/2025\/12\/Capturar-24-300x205.jpg",300,205,true],"medium_large":["https:\/\/blogopara.com.br\/wp-content\/uploads\/2025\/12\/Capturar-24.jpg",500,342,false],"large":["https:\/\/blogopara.com.br\/wp-content\/uploads\/2025\/12\/Capturar-24.jpg",500,342,false],"1536x1536":["https:\/\/blogopara.com.br\/wp-content\/uploads\/2025\/12\/Capturar-24.jpg",500,342,false],"2048x2048":["https:\/\/blogopara.com.br\/wp-content\/uploads\/2025\/12\/Capturar-24.jpg",500,342,false],"mantranews-slider-large":["https:\/\/blogopara.com.br\/wp-content\/uploads\/2025\/12\/Capturar-24.jpg",500,342,false],"mantranews-featured-medium":["https:\/\/blogopara.com.br\/wp-content\/uploads\/2025\/12\/Capturar-24-420x307.jpg",420,307,true],"mantranews-featured-long":["https:\/\/blogopara.com.br\/wp-content\/uploads\/2025\/12\/Capturar-24-300x342.jpg",300,342,true],"mantranews-block-medium":["https:\/\/blogopara.com.br\/wp-content\/uploads\/2025\/12\/Capturar-24-464x290.jpg",464,290,true],"mantranews-carousel-image":["https:\/\/blogopara.com.br\/wp-content\/uploads\/2025\/12\/Capturar-24.jpg",500,342,false],"mantranews-block-thumb":["https:\/\/blogopara.com.br\/wp-content\/uploads\/2025\/12\/Capturar-24-322x230.jpg",322,230,true],"mantranews-single-large":["https:\/\/blogopara.com.br\/wp-content\/uploads\/2025\/12\/Capturar-24.jpg",500,342,false]},"uagb_author_info":{"display_name":"Reda\u00e7\u00e3o geral","author_link":"https:\/\/blogopara.com.br\/index.php\/author\/blogopara"},"uagb_comment_info":0,"uagb_excerpt":"A m\u00e1xima de que s\u00f3 o tempo cura as dores n\u00e3o se aplica a Jurandy Silva Santana, de 51 anos. \u201cSinto a mesma ang\u00fastia de sempre\u201d, desabafa ao lembrar daquele 2 de agosto de 2014. Naquele dia, seu filho,\u00a0Geovane Mascarenhas de Santana, ent\u00e3o com 22 anos, foi sequestrado e posteriormente decapitado dentro de uma unidade&hellip;","jetpack_sharing_enabled":true,"jetpack_likes_enabled":true,"_links":{"self":[{"href":"https:\/\/blogopara.com.br\/index.php\/wp-json\/wp\/v2\/posts\/82069","targetHints":{"allow":["GET"]}}],"collection":[{"href":"https:\/\/blogopara.com.br\/index.php\/wp-json\/wp\/v2\/posts"}],"about":[{"href":"https:\/\/blogopara.com.br\/index.php\/wp-json\/wp\/v2\/types\/post"}],"author":[{"embeddable":true,"href":"https:\/\/blogopara.com.br\/index.php\/wp-json\/wp\/v2\/users\/1"}],"replies":[{"embeddable":true,"href":"https:\/\/blogopara.com.br\/index.php\/wp-json\/wp\/v2\/comments?post=82069"}],"version-history":[{"count":1,"href":"https:\/\/blogopara.com.br\/index.php\/wp-json\/wp\/v2\/posts\/82069\/revisions"}],"predecessor-version":[{"id":82071,"href":"https:\/\/blogopara.com.br\/index.php\/wp-json\/wp\/v2\/posts\/82069\/revisions\/82071"}],"wp:featuredmedia":[{"embeddable":true,"href":"https:\/\/blogopara.com.br\/index.php\/wp-json\/wp\/v2\/media\/82070"}],"wp:attachment":[{"href":"https:\/\/blogopara.com.br\/index.php\/wp-json\/wp\/v2\/media?parent=82069"}],"wp:term":[{"taxonomy":"category","embeddable":true,"href":"https:\/\/blogopara.com.br\/index.php\/wp-json\/wp\/v2\/categories?post=82069"},{"taxonomy":"post_tag","embeddable":true,"href":"https:\/\/blogopara.com.br\/index.php\/wp-json\/wp\/v2\/tags?post=82069"}],"curies":[{"name":"wp","href":"https:\/\/api.w.org\/{rel}","templated":true}]}}