{"id":8227,"date":"2020-03-16T17:02:43","date_gmt":"2020-03-16T20:02:43","guid":{"rendered":"http:\/\/blogopara.com.br\/?p=8227"},"modified":"2020-03-16T17:06:36","modified_gmt":"2020-03-16T20:06:36","slug":"o-saae-cobra-r-100-reais-de-taxa-de-lixo-e-revolta-moradora-de-piranga","status":"publish","type":"post","link":"https:\/\/blogopara.com.br\/index.php\/2020\/03\/16\/o-saae-cobra-r-100-reais-de-taxa-de-lixo-e-revolta-moradora-de-piranga","title":{"rendered":"O SAAE cobra R$ 100 reais de taxa de lixo, e revolta moradora de Piranga"},"content":{"rendered":"<p style=\"text-align: justify;\">O que era para ser uma taxa, tornou-se um grande fardo para a popula\u00e7\u00e3o, principalmente para quem mora na periferia e os servi\u00e7os essenciais s\u00e3o sempre mais prec\u00e1rios.<\/p>\n<p style=\"text-align: justify;\">Nesses \u00faltimos doze anos, Juazeiro viveu uma onda crescente de cria\u00e7\u00e3o de impostos e taxas, sem o acompanhamento da qualidade dos servi\u00e7os prestados pelo munic\u00edpio.\u00a0 Houve a cria\u00e7\u00e3o da taxa de lixo, Zona Azul e aumento exponencial do IPTU, que chegou para alguns moradores a 300%<\/p>\n<p style=\"text-align: justify;\">A bem da verdade a taxa de lixo tem gerado muito mais insatisfa\u00e7\u00e3o porque a cidade continua suja e fedorenta, e at\u00e9 o momento, nem o SAAE nem a Prefeitura apresentaram publicamente o quanto se tem arrecadado com a taxa para o devido acompanhamento destes custos cobrados e avalia\u00e7\u00e3o da qualidade do servi\u00e7o.<\/p>\n<blockquote>\n<p style=\"text-align: justify;\"><span style=\"color: #ff0000;\">Hoje eu recebi a minha conta de \u00e1gua e fiquei revoltada com essa &#8220;taxa simb\u00f3lica&#8221; de coleta de lixo de R$ 96,52. Os juazeirense est\u00e3o acomodados com o abuso de poder, calados sendo roubados e n\u00e3o fazem nada no in\u00edcio acharam at\u00e9 ruim mas hoje paga as taxas caladinhos. gostaria que o senhor fizesse uma nota de rep\u00fadio a isso para ver se essa sociedade acorda e abre a boca, faz barulho para ver se \u00e9 visto e atendido&#8221;.<\/span><\/p>\n<\/blockquote>\n<p style=\"text-align: justify;\">No ano passado o poder judici\u00e1rio chegou a proibir o SAAE de cobrar junto com a conta de \u00e1gua a taxa de lixo, mas o munic\u00edpio recorreu da liminar, e continua cobrando essa taxa abusiva. Na decis\u00e3o o juiz destacou que a Medida Provis\u00f3ria (MP) n\u00ba 844, de 6 de julho de 2018, que permitia a cobran\u00e7a da taxa de lixo n\u00e3o tem mais validade. Outrossim, escreveu o magistrado: &#8220;Com efeito, a medida aparenta colocar o consumidor em desvantagem excessiva, mediante a implementa\u00e7\u00e3o de m\u00e9todo coercitivo e desleal, com indicativo de viola\u00e7\u00e3o \u00e0 boa-f\u00e9, \u00e0 equidade e \u00e0 dignidade da pessoa humana&#8221;.<\/p>\n<p style=\"text-align: justify;\">A Constitui\u00e7\u00e3o Federal permite a cobran\u00e7a de taxa pelos governos federal, estadual ou municipal, desde que seja em raz\u00e3o da utiliza\u00e7\u00e3o de servi\u00e7o p\u00fablico de forma espec\u00edfica e divis\u00edvel. No caso da Taxa de Lixo cobrada pelo munic\u00edpio, o servi\u00e7o prestado atende ao princ\u00edpio da especificidade, pois o caminh\u00e3o de lixo presta o servi\u00e7o especificamente para o contribuinte. Entretanto, n\u00e3o atende ao princ\u00edpio da divisibilidade, pois o lixo n\u00e3o \u00e9 pesado ou medido, como determina a Constitui\u00e7\u00e3o Federal, de forma que cada contribuinte pague proporcionalmente ao servi\u00e7o que lhe \u00e9 prestado.<\/p>\n<p style=\"text-align: justify;\">Por isso, a taxa de lixo deve ser cobrada em boleto separado da \u00e1gua e um pre\u00e7o justo, pois a presta\u00e7\u00e3o de servi\u00e7o a \u00e1gua \u00e9 necess\u00e1rio a vida e ningu\u00e9m pode ser penalizado com o corte de \u00e1gua por n\u00e3o ter tido dinheiro para pagar a taxa abusiva de lixo.<\/p>\n","protected":false},"excerpt":{"rendered":"<p>&#8220;O pa\u00eds vive numa crise e esses &#8230;querem tirar mais um pouco do nosso m\u00edsero sal\u00e1rio. Quero saber para que serve o Minist\u00e9rio P\u00fablico e C\u00e2mara de Vereadores, ser\u00e1 que s\u00f3 pra serem decorativos?&#8221;<\/p>\n","protected":false},"author":1,"featured_media":8228,"comment_status":"open","ping_status":"open","sticky":false,"template":"","format":"standard","meta":{"_uag_custom_page_level_css":"","_monsterinsights_skip_tracking":false,"_monsterinsights_sitenote_active":false,"_monsterinsights_sitenote_note":"","_monsterinsights_sitenote_category":0,"jetpack_post_was_ever_published":false,"_jetpack_newsletter_access":"","_jetpack_dont_email_post_to_subs":false,"_jetpack_newsletter_tier_id":0,"_jetpack_memberships_contains_paywalled_content":false,"_jetpack_memberships_contains_paid_content":false,"footnotes":"","jetpack_publicize_message":"","jetpack_publicize_feature_enabled":true,"jetpack_social_post_already_shared":true,"jetpack_social_options":{"image_generator_settings":{"template":"highway","default_image_id":0,"font":"","enabled":false},"version":2}},"categories":[203],"tags":[],"class_list":["post-8227","post","type-post","status-publish","format-standard","has-post-thumbnail","hentry","category-juazeiro"],"jetpack_publicize_connections":[],"jetpack_featured_media_url":"https:\/\/blogopara.com.br\/wp-content\/uploads\/2020\/03\/saae.jpeg","uagb_featured_image_src":{"full":["https:\/\/blogopara.com.br\/wp-content\/uploads\/2020\/03\/saae.jpeg",500,625,false],"thumbnail":["https:\/\/blogopara.com.br\/wp-content\/uploads\/2020\/03\/saae-150x150.jpeg",150,150,true],"medium":["https:\/\/blogopara.com.br\/wp-content\/uploads\/2020\/03\/saae-240x300.jpeg",240,300,true],"medium_large":["https:\/\/blogopara.com.br\/wp-content\/uploads\/2020\/03\/saae.jpeg",500,625,false],"large":["https:\/\/blogopara.com.br\/wp-content\/uploads\/2020\/03\/saae.jpeg",500,625,false],"1536x1536":["https:\/\/blogopara.com.br\/wp-content\/uploads\/2020\/03\/saae.jpeg",500,625,false],"2048x2048":["https:\/\/blogopara.com.br\/wp-content\/uploads\/2020\/03\/saae.jpeg",500,625,false],"mantranews-slider-large":["https:\/\/blogopara.com.br\/wp-content\/uploads\/2020\/03\/saae.jpeg",500,625,false],"mantranews-featured-medium":["https:\/\/blogopara.com.br\/wp-content\/uploads\/2020\/03\/saae-420x307.jpeg",420,307,true],"mantranews-featured-long":["https:\/\/blogopara.com.br\/wp-content\/uploads\/2020\/03\/saae-300x443.jpeg",300,443,true],"mantranews-block-medium":["https:\/\/blogopara.com.br\/wp-content\/uploads\/2020\/03\/saae-464x290.jpeg",464,290,true],"mantranews-carousel-image":["https:\/\/blogopara.com.br\/wp-content\/uploads\/2020\/03\/saae-500x500.jpeg",500,500,true],"mantranews-block-thumb":["https:\/\/blogopara.com.br\/wp-content\/uploads\/2020\/03\/saae-322x230.jpeg",322,230,true],"mantranews-single-large":["https:\/\/blogopara.com.br\/wp-content\/uploads\/2020\/03\/saae.jpeg",500,625,false]},"uagb_author_info":{"display_name":"Reda\u00e7\u00e3o geral","author_link":"https:\/\/blogopara.com.br\/index.php\/author\/blogopara"},"uagb_comment_info":0,"uagb_excerpt":"\"O pa\u00eds vive numa crise e esses ...querem tirar mais um pouco do nosso m\u00edsero sal\u00e1rio. Quero saber para que serve o Minist\u00e9rio P\u00fablico e C\u00e2mara de Vereadores, ser\u00e1 que s\u00f3 pra serem decorativos?\"","jetpack_sharing_enabled":true,"jetpack_likes_enabled":true,"_links":{"self":[{"href":"https:\/\/blogopara.com.br\/index.php\/wp-json\/wp\/v2\/posts\/8227","targetHints":{"allow":["GET"]}}],"collection":[{"href":"https:\/\/blogopara.com.br\/index.php\/wp-json\/wp\/v2\/posts"}],"about":[{"href":"https:\/\/blogopara.com.br\/index.php\/wp-json\/wp\/v2\/types\/post"}],"author":[{"embeddable":true,"href":"https:\/\/blogopara.com.br\/index.php\/wp-json\/wp\/v2\/users\/1"}],"replies":[{"embeddable":true,"href":"https:\/\/blogopara.com.br\/index.php\/wp-json\/wp\/v2\/comments?post=8227"}],"version-history":[{"count":4,"href":"https:\/\/blogopara.com.br\/index.php\/wp-json\/wp\/v2\/posts\/8227\/revisions"}],"predecessor-version":[{"id":8232,"href":"https:\/\/blogopara.com.br\/index.php\/wp-json\/wp\/v2\/posts\/8227\/revisions\/8232"}],"wp:featuredmedia":[{"embeddable":true,"href":"https:\/\/blogopara.com.br\/index.php\/wp-json\/wp\/v2\/media\/8228"}],"wp:attachment":[{"href":"https:\/\/blogopara.com.br\/index.php\/wp-json\/wp\/v2\/media?parent=8227"}],"wp:term":[{"taxonomy":"category","embeddable":true,"href":"https:\/\/blogopara.com.br\/index.php\/wp-json\/wp\/v2\/categories?post=8227"},{"taxonomy":"post_tag","embeddable":true,"href":"https:\/\/blogopara.com.br\/index.php\/wp-json\/wp\/v2\/tags?post=8227"}],"curies":[{"name":"wp","href":"https:\/\/api.w.org\/{rel}","templated":true}]}}