{"id":82352,"date":"2025-12-30T13:21:06","date_gmt":"2025-12-30T16:21:06","guid":{"rendered":"https:\/\/blogopara.com.br\/?p=82352"},"modified":"2025-12-30T13:21:06","modified_gmt":"2025-12-30T16:21:06","slug":"atendimento-para-o-cadunico-primeiro-agendamento-de-2026-sera-no-dia-02-de-janeiro","status":"publish","type":"post","link":"https:\/\/blogopara.com.br\/index.php\/2025\/12\/30\/atendimento-para-o-cadunico-primeiro-agendamento-de-2026-sera-no-dia-02-de-janeiro","title":{"rendered":"Atendimento para o Cad\u00danico: primeiro agendamento de 2026 ser\u00e1 no dia 02 de janeiro"},"content":{"rendered":"<p>A Secretaria de Desenvolvimento Social, Diversidade, Igualdade Racial e Combate \u00e0 Fome (Sedes) informa que o primeiro agendamento para atendimento do Cadastro \u00danico (Cad\u00danico) de 2026 estar\u00e1 dispon\u00edvel nesta sexta-feira (02). O agendamento \u00e9 voltado para fam\u00edlias que precisam atualizar ou fazer novo cadastro e deve ser realizado no site da<strong><a href=\"http:\/\/agendasocial.juazeiro.ba.gov.br\/\">\u00a0Agenda Social.\u00a0<\/a><\/strong><\/p>\n<p>Importante destacar que fam\u00edlias unipessoais (formadas por apenas uma pessoa) n\u00e3o precisam agendar atendimento presencial. Nesses casos, os benefici\u00e1rios devem solicitar uma visita domiciliar junto \u00e0 equipe do Cad\u00danico, medida obrigat\u00f3ria para garantir a veracidade das informa\u00e7\u00f5es e o cumprimento da legisla\u00e7\u00e3o atual.<\/p>\n<p>A medida busca assegurar maior transpar\u00eancia e efici\u00eancia no acesso aos benef\u00edcios sociais, priorizando o atendimento conforme os crit\u00e9rios estabelecidos pelo Minist\u00e9rio do Desenvolvimento e Assist\u00eancia Social.<\/p>\n<p>Para outras informa\u00e7\u00f5es sobre o agendamento ou a solicita\u00e7\u00e3o de visita domiciliar, a popula\u00e7\u00e3o pode entrar em contato com a Secretaria de Assist\u00eancia Social ou acessar os canais digitais da Prefeitura.<\/p>\n<p>&nbsp;<\/p>\n<p>Texto: Ascom PMJ<\/p>\n","protected":false},"excerpt":{"rendered":"<p>A Secretaria de Desenvolvimento Social, Diversidade, Igualdade Racial e Combate \u00e0 Fome (Sedes) informa que o primeiro agendamento para atendimento do Cadastro \u00danico (Cad\u00danico) de 2026 estar\u00e1 dispon\u00edvel nesta sexta-feira (02). O agendamento \u00e9 voltado para fam\u00edlias que precisam atualizar ou fazer novo cadastro e deve ser realizado no site da\u00a0Agenda Social.\u00a0 Importante destacar que [&hellip;]<\/p>\n","protected":false},"author":1,"featured_media":64719,"comment_status":"open","ping_status":"open","sticky":false,"template":"","format":"standard","meta":{"_uag_custom_page_level_css":"","_monsterinsights_skip_tracking":false,"_monsterinsights_sitenote_active":false,"_monsterinsights_sitenote_note":"","_monsterinsights_sitenote_category":0,"jetpack_post_was_ever_published":false,"_jetpack_newsletter_access":"","_jetpack_dont_email_post_to_subs":false,"_jetpack_newsletter_tier_id":0,"_jetpack_memberships_contains_paywalled_content":false,"_jetpack_memberships_contains_paid_content":false,"footnotes":"","jetpack_publicize_message":"","jetpack_publicize_feature_enabled":true,"jetpack_social_post_already_shared":true,"jetpack_social_options":{"image_generator_settings":{"template":"highway","default_image_id":0,"font":"","enabled":false},"version":2}},"categories":[203],"tags":[],"class_list":["post-82352","post","type-post","status-publish","format-standard","has-post-thumbnail","hentry","category-juazeiro"],"jetpack_publicize_connections":[],"jetpack_featured_media_url":"https:\/\/blogopara.com.br\/wp-content\/uploads\/2024\/05\/thumbnail_Cadastro-Unico.jpg","uagb_featured_image_src":{"full":["https:\/\/blogopara.com.br\/wp-content\/uploads\/2024\/05\/thumbnail_Cadastro-Unico.jpg",500,333,false],"thumbnail":["https:\/\/blogopara.com.br\/wp-content\/uploads\/2024\/05\/thumbnail_Cadastro-Unico-150x150.jpg",150,150,true],"medium":["https:\/\/blogopara.com.br\/wp-content\/uploads\/2024\/05\/thumbnail_Cadastro-Unico-300x200.jpg",300,200,true],"medium_large":["https:\/\/blogopara.com.br\/wp-content\/uploads\/2024\/05\/thumbnail_Cadastro-Unico.jpg",500,333,false],"large":["https:\/\/blogopara.com.br\/wp-content\/uploads\/2024\/05\/thumbnail_Cadastro-Unico.jpg",500,333,false],"1536x1536":["https:\/\/blogopara.com.br\/wp-content\/uploads\/2024\/05\/thumbnail_Cadastro-Unico.jpg",500,333,false],"2048x2048":["https:\/\/blogopara.com.br\/wp-content\/uploads\/2024\/05\/thumbnail_Cadastro-Unico.jpg",500,333,false],"mantranews-slider-large":["https:\/\/blogopara.com.br\/wp-content\/uploads\/2024\/05\/thumbnail_Cadastro-Unico.jpg",500,333,false],"mantranews-featured-medium":["https:\/\/blogopara.com.br\/wp-content\/uploads\/2024\/05\/thumbnail_Cadastro-Unico-420x307.jpg",420,307,true],"mantranews-featured-long":["https:\/\/blogopara.com.br\/wp-content\/uploads\/2024\/05\/thumbnail_Cadastro-Unico-300x333.jpg",300,333,true],"mantranews-block-medium":["https:\/\/blogopara.com.br\/wp-content\/uploads\/2024\/05\/thumbnail_Cadastro-Unico-464x290.jpg",464,290,true],"mantranews-carousel-image":["https:\/\/blogopara.com.br\/wp-content\/uploads\/2024\/05\/thumbnail_Cadastro-Unico.jpg",500,333,false],"mantranews-block-thumb":["https:\/\/blogopara.com.br\/wp-content\/uploads\/2024\/05\/thumbnail_Cadastro-Unico-322x230.jpg",322,230,true],"mantranews-single-large":["https:\/\/blogopara.com.br\/wp-content\/uploads\/2024\/05\/thumbnail_Cadastro-Unico.jpg",500,333,false]},"uagb_author_info":{"display_name":"Reda\u00e7\u00e3o geral","author_link":"https:\/\/blogopara.com.br\/index.php\/author\/blogopara"},"uagb_comment_info":0,"uagb_excerpt":"A Secretaria de Desenvolvimento Social, Diversidade, Igualdade Racial e Combate \u00e0 Fome (Sedes) informa que o primeiro agendamento para atendimento do Cadastro \u00danico (Cad\u00danico) de 2026 estar\u00e1 dispon\u00edvel nesta sexta-feira (02). O agendamento \u00e9 voltado para fam\u00edlias que precisam atualizar ou fazer novo cadastro e deve ser realizado no site da\u00a0Agenda Social.\u00a0 Importante destacar que&hellip;","jetpack_sharing_enabled":true,"jetpack_likes_enabled":true,"_links":{"self":[{"href":"https:\/\/blogopara.com.br\/index.php\/wp-json\/wp\/v2\/posts\/82352","targetHints":{"allow":["GET"]}}],"collection":[{"href":"https:\/\/blogopara.com.br\/index.php\/wp-json\/wp\/v2\/posts"}],"about":[{"href":"https:\/\/blogopara.com.br\/index.php\/wp-json\/wp\/v2\/types\/post"}],"author":[{"embeddable":true,"href":"https:\/\/blogopara.com.br\/index.php\/wp-json\/wp\/v2\/users\/1"}],"replies":[{"embeddable":true,"href":"https:\/\/blogopara.com.br\/index.php\/wp-json\/wp\/v2\/comments?post=82352"}],"version-history":[{"count":1,"href":"https:\/\/blogopara.com.br\/index.php\/wp-json\/wp\/v2\/posts\/82352\/revisions"}],"predecessor-version":[{"id":82353,"href":"https:\/\/blogopara.com.br\/index.php\/wp-json\/wp\/v2\/posts\/82352\/revisions\/82353"}],"wp:featuredmedia":[{"embeddable":true,"href":"https:\/\/blogopara.com.br\/index.php\/wp-json\/wp\/v2\/media\/64719"}],"wp:attachment":[{"href":"https:\/\/blogopara.com.br\/index.php\/wp-json\/wp\/v2\/media?parent=82352"}],"wp:term":[{"taxonomy":"category","embeddable":true,"href":"https:\/\/blogopara.com.br\/index.php\/wp-json\/wp\/v2\/categories?post=82352"},{"taxonomy":"post_tag","embeddable":true,"href":"https:\/\/blogopara.com.br\/index.php\/wp-json\/wp\/v2\/tags?post=82352"}],"curies":[{"name":"wp","href":"https:\/\/api.w.org\/{rel}","templated":true}]}}