{"id":8257,"date":"2020-03-17T15:36:28","date_gmt":"2020-03-17T18:36:28","guid":{"rendered":"http:\/\/blogopara.com.br\/?p=8257"},"modified":"2020-03-17T15:38:31","modified_gmt":"2020-03-17T18:38:31","slug":"prf-nao-e-autoridade-policial-e-sim-de-transito-decide-juiz-federal","status":"publish","type":"post","link":"https:\/\/blogopara.com.br\/index.php\/2020\/03\/17\/prf-nao-e-autoridade-policial-e-sim-de-transito-decide-juiz-federal","title":{"rendered":"&#8216;PRF n\u00e3o \u00e9 autoridade policial e sim de tr\u00e2nsito&#8217;, decide juiz federal"},"content":{"rendered":"<div style=\"text-align: justify;\">Em continuidade \u00e0 mat\u00e9ria sobre confec\u00e7\u00e3o de TCO por PRF, com o t\u00edtulo:\u00a0<a title=\"Judici\u00e1rio acaba com\u00a0\u2018termo de ocorr\u00eancia circunstanciado\u2019 feito pela PRF\" href=\"https:\/\/www.delegados.com.br\/noticia\/judiciario-acaba-com-termo-de-ocorrencia-circunstanciado-feito-pela-prf\">Judici\u00e1rio acaba com\u00a0\u2018termo de ocorr\u00eancia circunstanciado\u2019 feito pela PRF<\/a>,\u00a0o\u00a0juiz federal Manoel Pedro Martins de Castro, da 6.\u00aa Vara Federal, invalidou o artigo do Decreto do presidente Jair Bolsonaro que permitia aos policiais rodovi\u00e1rios federais lavrar termo circunstanciado de ocorr\u00eancia e ainda rotulou a natureza funcional do cargo de policial rodovi\u00e1rio federal.<\/div>\n<div style=\"text-align: justify;\"><\/div>\n<div style=\"text-align: justify;\">Em sua decis\u00e3o, o magistrado federal foi enf\u00e1tico e fiel ao ordenamento jur\u00eddico atual reconhecendo ao delegado de pol\u00edcia a condi\u00e7\u00e3o funcional de autoridade policial, conforme teor do art. 2\u00ba, \u00a7 1\u00ba, da Lei n\u00ba 12.830\/13. Esta norma atribuiu ao delegado de pol\u00edcia o\u00a0\u00fanico agente p\u00fablico possuidor da qualidade de autoridade policial. O policial rodovi\u00e1rio possui apenas &#8220;atividade de natureza policial&#8221;, e n\u00e3o \u00e9 autoridade policial. Essa\u00a0interpreta\u00e7\u00e3o pode ser estendida aos demais policiais fardados, como os militares.<\/div>\n<div style=\"text-align: justify;\">veja trecho da decis\u00e3o:<\/div>\n<div class=\"separator\" style=\"text-align: justify;\"><a href=\"https:\/\/1.bp.blogspot.com\/-al3xoNGLnSo\/XhmfA1sVMPI\/AAAAAAAAAfw\/RrAH3JPf2NY-EJweY7r2HzBmFeT02kjVACLcBGAsYHQ\/s1600\/10jan20-prf-nao-e-autoridade-policial-2.jpg\"><img loading=\"lazy\" decoding=\"async\" src=\"https:\/\/1.bp.blogspot.com\/-al3xoNGLnSo\/XhmfA1sVMPI\/AAAAAAAAAfw\/RrAH3JPf2NY-EJweY7r2HzBmFeT02kjVACLcBGAsYHQ\/s640\/10jan20-prf-nao-e-autoridade-policial-2.jpg\" width=\"640\" height=\"406\" border=\"0\" data-original-height=\"510\" data-original-width=\"800\" \/><\/a><\/div>\n<div style=\"text-align: justify;\"><\/div>\n<div style=\"text-align: justify;\">O magistrado destacou que o art. 2\u00ba-A, \u00a7 1\u00ba, da Lei no 9.654\/1998, inclu\u00eddo pela Lei no 12.775\/2012 define as atribui\u00e7\u00f5es do policial rodovi\u00e1rio federal, dentre as quais, realizar o patrulhamento ostensivo, inexistindo a condi\u00e7\u00e3o de poder investigar crimes ou lavrar TCO.<\/div>\n<div style=\"text-align: justify;\"><\/div>\n<div style=\"text-align: justify;\"><\/div>\n<div style=\"text-align: justify;\">\u201cEssa disposi\u00e7\u00e3o normativa \u00e9 inv\u00e1lida\u201d, decidiu Castro. Segundo ele, a Constitui\u00e7\u00e3o do Brasil determina que apenas a Pol\u00edcia Federal pode exercer fun\u00e7\u00f5es de pol\u00edcia judici\u00e1ria da Uni\u00e3o. \u201cDesse modo, n\u00e3o cabe \u00e0 PRF, de acordo com o texto constitucional, exercer as fun\u00e7\u00f5es de pol\u00edcia judici\u00e1ria da Uni\u00e3o, a exemplo da realiza\u00e7\u00e3o de investiga\u00e7\u00e3o criminal, em que se insere a lavratura do termo circunstanciado de ocorr\u00eancia. Tampouco as leis que regem o tema preveem essa possibilidade.\u201d<\/div>\n<div style=\"text-align: justify;\"><\/div>\n<div style=\"text-align: justify;\">A a\u00e7\u00e3o foi ajuizada pelos sindicatos dos delegados federais de S\u00e3o Paulo, Rio de Janeiro, Paran\u00e1, Distrito Federal, Esp\u00edrito Santo e Bahia, bem como do Sindicato Nacional dos Delegados da Pol\u00edcia Federal, contra a Uni\u00e3o. O advogado das entidades de classe \u00e9 o Luiz Fernando Ferreira Gallo.<\/div>\n<div style=\"text-align: justify;\"><\/div>\n<div style=\"text-align: justify;\">Eles alegam que a medida \u00e9 inconstitucional, uma vez que as fun\u00e7\u00f5es da Pol\u00edcia Rodovi\u00e1ria Federal s\u00e3o de patrulhamento ostensivo das rodovias federais. Argumentam que o termo circunstanciado de ocorr\u00eancia \u2018\u00e9 uma forma de investiga\u00e7\u00e3o criminal, ato privativo do delegado de pol\u00edcia, na condi\u00e7\u00e3o de autoridade policial\u2019.<\/div>\n<div style=\"text-align: justify;\"><\/div>\n<div style=\"text-align: justify;\">A Uni\u00e3o, por sua vez, alega que o detentor do cargo de policial rodovi\u00e1rio federal exerce atividade de natureza policial e que, assim, a express\u00e3o \u2018autoridade policial pode alcan\u00e7ar os policiais rodovi\u00e1rios federais\u2019.<\/div>\n<div style=\"text-align: justify;\"><\/div>\n<div style=\"text-align: justify;\">O magistrado federal n\u00e3o nega que os policiais rodovi\u00e1rios federais exercem atividade de natureza policial, mas ressalta que isso n\u00e3o quer dizer que eles sejam autoridade policial. \u201cS\u00e3o conceitos, atribui\u00e7\u00f5es e responsabilidades diferentes.\u201d<\/div>\n<div style=\"text-align: justify;\"><\/div>\n<div style=\"text-align: justify;\">Por fim, considerou que permitir lavratura do termo circunstanciado de ocorr\u00eancia aos policiais rodovi\u00e1rios federais seria permitir a \u2018designa\u00e7\u00e3o de estranhos \u00e0 carreira para o exerc\u00edcio da fun\u00e7\u00e3o de delegado de pol\u00edcia\u2019.<\/div>\n<div style=\"text-align: justify;\"><\/div>\n<div style=\"text-align: justify;\">Ele decidiu. \u201cDiante desse panorama, tem-se que o Decreto n\u00ba 10.073\/2019, na parte em que alterou o art. 47, inciso XII, do Anexo I do Decreto n\u00ba 9.662\/2019 para permitir \u00e0 PRF a lavratura de termo circunstanciado, ofende o princ\u00edpio da legalidade, ao inovar o direito, sem amparo na lei e na Constitui\u00e7\u00e3o, e ao contrariar o art. 69 da Lei n\u00ba9.099\/1995.\u201d<\/div>\n<div style=\"text-align: justify;\"><\/div>\n<pre>fonte: site\u00a0 delegados.com.br<\/pre>\n","protected":false},"excerpt":{"rendered":"<p>Em continuidade \u00e0 mat\u00e9ria sobre confec\u00e7\u00e3o de TCO por PRF, com o t\u00edtulo:\u00a0Judici\u00e1rio acaba com\u00a0\u2018termo de ocorr\u00eancia circunstanciado\u2019 feito pela PRF,\u00a0o\u00a0juiz federal Manoel Pedro Martins de Castro, da 6.\u00aa Vara Federal, invalidou o artigo do Decreto do presidente Jair Bolsonaro que permitia aos policiais rodovi\u00e1rios federais lavrar termo circunstanciado de ocorr\u00eancia e ainda rotulou a [&hellip;]<\/p>\n","protected":false},"author":1,"featured_media":8258,"comment_status":"open","ping_status":"open","sticky":false,"template":"","format":"standard","meta":{"_uag_custom_page_level_css":"","_monsterinsights_skip_tracking":false,"_monsterinsights_sitenote_active":false,"_monsterinsights_sitenote_note":"","_monsterinsights_sitenote_category":0,"jetpack_post_was_ever_published":false,"_jetpack_newsletter_access":"","_jetpack_dont_email_post_to_subs":false,"_jetpack_newsletter_tier_id":0,"_jetpack_memberships_contains_paywalled_content":false,"_jetpack_memberships_contains_paid_content":false,"footnotes":"","jetpack_publicize_message":"","jetpack_publicize_feature_enabled":true,"jetpack_social_post_already_shared":true,"jetpack_social_options":{"image_generator_settings":{"template":"highway","default_image_id":0,"font":"","enabled":false},"version":2}},"categories":[200],"tags":[],"class_list":["post-8257","post","type-post","status-publish","format-standard","has-post-thumbnail","hentry","category-brasil"],"jetpack_publicize_connections":[],"jetpack_featured_media_url":"https:\/\/blogopara.com.br\/wp-content\/uploads\/2020\/03\/10jan20-prf-nao-e-autoridade-policial.jpg","uagb_featured_image_src":{"full":["https:\/\/blogopara.com.br\/wp-content\/uploads\/2020\/03\/10jan20-prf-nao-e-autoridade-policial.jpg",500,331,false],"thumbnail":["https:\/\/blogopara.com.br\/wp-content\/uploads\/2020\/03\/10jan20-prf-nao-e-autoridade-policial-150x150.jpg",150,150,true],"medium":["https:\/\/blogopara.com.br\/wp-content\/uploads\/2020\/03\/10jan20-prf-nao-e-autoridade-policial-300x199.jpg",300,199,true],"medium_large":["https:\/\/blogopara.com.br\/wp-content\/uploads\/2020\/03\/10jan20-prf-nao-e-autoridade-policial.jpg",500,331,false],"large":["https:\/\/blogopara.com.br\/wp-content\/uploads\/2020\/03\/10jan20-prf-nao-e-autoridade-policial.jpg",500,331,false],"1536x1536":["https:\/\/blogopara.com.br\/wp-content\/uploads\/2020\/03\/10jan20-prf-nao-e-autoridade-policial.jpg",500,331,false],"2048x2048":["https:\/\/blogopara.com.br\/wp-content\/uploads\/2020\/03\/10jan20-prf-nao-e-autoridade-policial.jpg",500,331,false],"mantranews-slider-large":["https:\/\/blogopara.com.br\/wp-content\/uploads\/2020\/03\/10jan20-prf-nao-e-autoridade-policial.jpg",500,331,false],"mantranews-featured-medium":["https:\/\/blogopara.com.br\/wp-content\/uploads\/2020\/03\/10jan20-prf-nao-e-autoridade-policial-420x307.jpg",420,307,true],"mantranews-featured-long":["https:\/\/blogopara.com.br\/wp-content\/uploads\/2020\/03\/10jan20-prf-nao-e-autoridade-policial-300x331.jpg",300,331,true],"mantranews-block-medium":["https:\/\/blogopara.com.br\/wp-content\/uploads\/2020\/03\/10jan20-prf-nao-e-autoridade-policial-464x290.jpg",464,290,true],"mantranews-carousel-image":["https:\/\/blogopara.com.br\/wp-content\/uploads\/2020\/03\/10jan20-prf-nao-e-autoridade-policial.jpg",500,331,false],"mantranews-block-thumb":["https:\/\/blogopara.com.br\/wp-content\/uploads\/2020\/03\/10jan20-prf-nao-e-autoridade-policial-322x230.jpg",322,230,true],"mantranews-single-large":["https:\/\/blogopara.com.br\/wp-content\/uploads\/2020\/03\/10jan20-prf-nao-e-autoridade-policial.jpg",500,331,false]},"uagb_author_info":{"display_name":"Reda\u00e7\u00e3o geral","author_link":"https:\/\/blogopara.com.br\/index.php\/author\/blogopara"},"uagb_comment_info":0,"uagb_excerpt":"Em continuidade \u00e0 mat\u00e9ria sobre confec\u00e7\u00e3o de TCO por PRF, com o t\u00edtulo:\u00a0Judici\u00e1rio acaba com\u00a0\u2018termo de ocorr\u00eancia circunstanciado\u2019 feito pela PRF,\u00a0o\u00a0juiz federal Manoel Pedro Martins de Castro, da 6.\u00aa Vara Federal, invalidou o artigo do Decreto do presidente Jair Bolsonaro que permitia aos policiais rodovi\u00e1rios federais lavrar termo circunstanciado de ocorr\u00eancia e ainda rotulou a&hellip;","jetpack_sharing_enabled":true,"jetpack_likes_enabled":true,"_links":{"self":[{"href":"https:\/\/blogopara.com.br\/index.php\/wp-json\/wp\/v2\/posts\/8257","targetHints":{"allow":["GET"]}}],"collection":[{"href":"https:\/\/blogopara.com.br\/index.php\/wp-json\/wp\/v2\/posts"}],"about":[{"href":"https:\/\/blogopara.com.br\/index.php\/wp-json\/wp\/v2\/types\/post"}],"author":[{"embeddable":true,"href":"https:\/\/blogopara.com.br\/index.php\/wp-json\/wp\/v2\/users\/1"}],"replies":[{"embeddable":true,"href":"https:\/\/blogopara.com.br\/index.php\/wp-json\/wp\/v2\/comments?post=8257"}],"version-history":[{"count":2,"href":"https:\/\/blogopara.com.br\/index.php\/wp-json\/wp\/v2\/posts\/8257\/revisions"}],"predecessor-version":[{"id":8260,"href":"https:\/\/blogopara.com.br\/index.php\/wp-json\/wp\/v2\/posts\/8257\/revisions\/8260"}],"wp:featuredmedia":[{"embeddable":true,"href":"https:\/\/blogopara.com.br\/index.php\/wp-json\/wp\/v2\/media\/8258"}],"wp:attachment":[{"href":"https:\/\/blogopara.com.br\/index.php\/wp-json\/wp\/v2\/media?parent=8257"}],"wp:term":[{"taxonomy":"category","embeddable":true,"href":"https:\/\/blogopara.com.br\/index.php\/wp-json\/wp\/v2\/categories?post=8257"},{"taxonomy":"post_tag","embeddable":true,"href":"https:\/\/blogopara.com.br\/index.php\/wp-json\/wp\/v2\/tags?post=8257"}],"curies":[{"name":"wp","href":"https:\/\/api.w.org\/{rel}","templated":true}]}}