{"id":8261,"date":"2020-03-17T16:01:53","date_gmt":"2020-03-17T19:01:53","guid":{"rendered":"http:\/\/blogopara.com.br\/?p=8261"},"modified":"2020-03-17T16:02:00","modified_gmt":"2020-03-17T19:02:00","slug":"uma-tonelada-de-cocaina-e-apreendida-em-droga-tinha-destino-a-cidade-de-itabuna-ba","status":"publish","type":"post","link":"https:\/\/blogopara.com.br\/index.php\/2020\/03\/17\/uma-tonelada-de-cocaina-e-apreendida-em-droga-tinha-destino-a-cidade-de-itabuna-ba","title":{"rendered":"Uma tonelada de coca\u00edna \u00e9 apreendida em; droga tinha destino a cidade de Itabuna\/BA"},"content":{"rendered":"<p style=\"text-align: justify;\">A Pol\u00edcia Rodovi\u00e1ria Federal (PRF) apreendeu nesta segunda-feira (16) mais de uma tonelada de pasta base de coca\u00edna escondida em um caminh\u00e3o que transitava pela rodovia Fern\u00e3o Dias, em Santo Ant\u00f4nio do Amparo, no Sul de Minas Gerais.<\/p>\n<p style=\"text-align: justify;\">A apreens\u00e3o ocorreu em uma fiscaliza\u00e7\u00e3o de rotina durante a madrugada em um posto de combust\u00edveis. Os agentes da PRF desconfiaram\u00a0de dois ve\u00edculos com placas de Jaboat\u00e3o dos Guararapes-PE, que faziam o pernoite no local.<\/p>\n<p style=\"text-align: justify;\">Tratava-se do caminh\u00e3o e de um carro de passeio. Ao serem questionados sobre a carga e o destino, os motoristas apresentaram diverg\u00eancia nas respostas, principalmente sobre o motivo dos dois estarem juntos.<span id=\"more-44604\"><\/span><\/p>\n<p style=\"text-align: justify;\">Diante da situa\u00e7\u00e3o, os policiais fizeram buscas no Fiat Siena, onde nada foi encontrado.\u00a0Ao vistoriarem o interior do ve\u00edculo de carga,\u00a0que transportava luvas para procedimentos cir\u00fargicos, os agentes localizaram cerca de 1.120 tabletes de pasta base de coca\u00edna escondidos dentro de 34 bolsas de viagem, com peso total de aproximadamente 1.120 kg do entorpecente.<\/p>\n<p style=\"text-align: justify;\">Ap\u00f3s o flagrante, os dois motoristas foram presos e confessaram que estavam juntos porque o autom\u00f3vel fazia a escolta do caminh\u00e3o, com o intuito de informar sobre poss\u00edveis a\u00e7\u00f5es policiais no decorrer da viagem.<\/p>\n<p style=\"text-align: justify;\">Os suspeitos disseram que sa\u00edram do interior de Santa Catarina e estavam indo para a cidade de Itabuna, na Bahia.<\/p>\n<p style=\"text-align: justify;\">A droga e os detidos foram encaminhados para a Pol\u00edcia Federal em Belo Horizonte. Segundo a PRF, essa foi a maior apreens\u00e3o de droga da corpora\u00e7\u00e3o em 2020.<\/p>\n<pre>Fonte: Ilheus. Net<\/pre>\n<p style=\"text-align: justify;\">\n","protected":false},"excerpt":{"rendered":"<p>A Pol\u00edcia Rodovi\u00e1ria Federal (PRF) apreendeu nesta segunda-feira (16) mais de uma tonelada de pasta base de coca\u00edna escondida em um caminh\u00e3o que transitava pela rodovia Fern\u00e3o Dias, em Santo Ant\u00f4nio do Amparo, no Sul de Minas Gerais. A apreens\u00e3o ocorreu em uma fiscaliza\u00e7\u00e3o de rotina durante a madrugada em um posto de combust\u00edveis. Os [&hellip;]<\/p>\n","protected":false},"author":1,"featured_media":8262,"comment_status":"open","ping_status":"open","sticky":false,"template":"","format":"standard","meta":{"_uag_custom_page_level_css":"","_monsterinsights_skip_tracking":false,"_monsterinsights_sitenote_active":false,"_monsterinsights_sitenote_note":"","_monsterinsights_sitenote_category":0,"jetpack_post_was_ever_published":false,"_jetpack_newsletter_access":"","_jetpack_dont_email_post_to_subs":false,"_jetpack_newsletter_tier_id":0,"_jetpack_memberships_contains_paywalled_content":false,"_jetpack_memberships_contains_paid_content":false,"footnotes":"","jetpack_publicize_message":"","jetpack_publicize_feature_enabled":true,"jetpack_social_post_already_shared":true,"jetpack_social_options":{"image_generator_settings":{"template":"highway","default_image_id":0,"font":"","enabled":false},"version":2}},"categories":[200],"tags":[],"class_list":["post-8261","post","type-post","status-publish","format-standard","has-post-thumbnail","hentry","category-brasil"],"jetpack_publicize_connections":[],"jetpack_featured_media_url":"https:\/\/blogopara.com.br\/wp-content\/uploads\/2020\/03\/WhatsApp-Image-2020-03-16-at-18.03.29-scaled-1.jpeg","uagb_featured_image_src":{"full":["https:\/\/blogopara.com.br\/wp-content\/uploads\/2020\/03\/WhatsApp-Image-2020-03-16-at-18.03.29-scaled-1.jpeg",500,332,false],"thumbnail":["https:\/\/blogopara.com.br\/wp-content\/uploads\/2020\/03\/WhatsApp-Image-2020-03-16-at-18.03.29-scaled-1-150x150.jpeg",150,150,true],"medium":["https:\/\/blogopara.com.br\/wp-content\/uploads\/2020\/03\/WhatsApp-Image-2020-03-16-at-18.03.29-scaled-1-300x199.jpeg",300,199,true],"medium_large":["https:\/\/blogopara.com.br\/wp-content\/uploads\/2020\/03\/WhatsApp-Image-2020-03-16-at-18.03.29-scaled-1.jpeg",500,332,false],"large":["https:\/\/blogopara.com.br\/wp-content\/uploads\/2020\/03\/WhatsApp-Image-2020-03-16-at-18.03.29-scaled-1.jpeg",500,332,false],"1536x1536":["https:\/\/blogopara.com.br\/wp-content\/uploads\/2020\/03\/WhatsApp-Image-2020-03-16-at-18.03.29-scaled-1.jpeg",500,332,false],"2048x2048":["https:\/\/blogopara.com.br\/wp-content\/uploads\/2020\/03\/WhatsApp-Image-2020-03-16-at-18.03.29-scaled-1.jpeg",500,332,false],"mantranews-slider-large":["https:\/\/blogopara.com.br\/wp-content\/uploads\/2020\/03\/WhatsApp-Image-2020-03-16-at-18.03.29-scaled-1.jpeg",500,332,false],"mantranews-featured-medium":["https:\/\/blogopara.com.br\/wp-content\/uploads\/2020\/03\/WhatsApp-Image-2020-03-16-at-18.03.29-scaled-1-420x307.jpeg",420,307,true],"mantranews-featured-long":["https:\/\/blogopara.com.br\/wp-content\/uploads\/2020\/03\/WhatsApp-Image-2020-03-16-at-18.03.29-scaled-1-300x332.jpeg",300,332,true],"mantranews-block-medium":["https:\/\/blogopara.com.br\/wp-content\/uploads\/2020\/03\/WhatsApp-Image-2020-03-16-at-18.03.29-scaled-1-464x290.jpeg",464,290,true],"mantranews-carousel-image":["https:\/\/blogopara.com.br\/wp-content\/uploads\/2020\/03\/WhatsApp-Image-2020-03-16-at-18.03.29-scaled-1.jpeg",500,332,false],"mantranews-block-thumb":["https:\/\/blogopara.com.br\/wp-content\/uploads\/2020\/03\/WhatsApp-Image-2020-03-16-at-18.03.29-scaled-1-322x230.jpeg",322,230,true],"mantranews-single-large":["https:\/\/blogopara.com.br\/wp-content\/uploads\/2020\/03\/WhatsApp-Image-2020-03-16-at-18.03.29-scaled-1.jpeg",500,332,false]},"uagb_author_info":{"display_name":"Reda\u00e7\u00e3o geral","author_link":"https:\/\/blogopara.com.br\/index.php\/author\/blogopara"},"uagb_comment_info":0,"uagb_excerpt":"A Pol\u00edcia Rodovi\u00e1ria Federal (PRF) apreendeu nesta segunda-feira (16) mais de uma tonelada de pasta base de coca\u00edna escondida em um caminh\u00e3o que transitava pela rodovia Fern\u00e3o Dias, em Santo Ant\u00f4nio do Amparo, no Sul de Minas Gerais. A apreens\u00e3o ocorreu em uma fiscaliza\u00e7\u00e3o de rotina durante a madrugada em um posto de combust\u00edveis. Os&hellip;","jetpack_sharing_enabled":true,"jetpack_likes_enabled":true,"_links":{"self":[{"href":"https:\/\/blogopara.com.br\/index.php\/wp-json\/wp\/v2\/posts\/8261","targetHints":{"allow":["GET"]}}],"collection":[{"href":"https:\/\/blogopara.com.br\/index.php\/wp-json\/wp\/v2\/posts"}],"about":[{"href":"https:\/\/blogopara.com.br\/index.php\/wp-json\/wp\/v2\/types\/post"}],"author":[{"embeddable":true,"href":"https:\/\/blogopara.com.br\/index.php\/wp-json\/wp\/v2\/users\/1"}],"replies":[{"embeddable":true,"href":"https:\/\/blogopara.com.br\/index.php\/wp-json\/wp\/v2\/comments?post=8261"}],"version-history":[{"count":1,"href":"https:\/\/blogopara.com.br\/index.php\/wp-json\/wp\/v2\/posts\/8261\/revisions"}],"predecessor-version":[{"id":8263,"href":"https:\/\/blogopara.com.br\/index.php\/wp-json\/wp\/v2\/posts\/8261\/revisions\/8263"}],"wp:featuredmedia":[{"embeddable":true,"href":"https:\/\/blogopara.com.br\/index.php\/wp-json\/wp\/v2\/media\/8262"}],"wp:attachment":[{"href":"https:\/\/blogopara.com.br\/index.php\/wp-json\/wp\/v2\/media?parent=8261"}],"wp:term":[{"taxonomy":"category","embeddable":true,"href":"https:\/\/blogopara.com.br\/index.php\/wp-json\/wp\/v2\/categories?post=8261"},{"taxonomy":"post_tag","embeddable":true,"href":"https:\/\/blogopara.com.br\/index.php\/wp-json\/wp\/v2\/tags?post=8261"}],"curies":[{"name":"wp","href":"https:\/\/api.w.org\/{rel}","templated":true}]}}