{"id":82735,"date":"2026-01-16T12:41:51","date_gmt":"2026-01-16T15:41:51","guid":{"rendered":"https:\/\/blogopara.com.br\/?p=82735"},"modified":"2026-01-16T12:41:51","modified_gmt":"2026-01-16T15:41:51","slug":"juazeiro-apae-empossa-nova-diretoria-e-reafirma-compromisso-com-a-inclusao","status":"publish","type":"post","link":"https:\/\/blogopara.com.br\/index.php\/2026\/01\/16\/juazeiro-apae-empossa-nova-diretoria-e-reafirma-compromisso-com-a-inclusao","title":{"rendered":"Juazeiro: APAE empossa nova diretoria e reafirma compromisso com a inclus\u00e3o"},"content":{"rendered":"<p>Em uma solenidade marcada pela emo\u00e7\u00e3o e pelo esp\u00edrito de renova\u00e7\u00e3o, a Associa\u00e7\u00e3o de Pais e Amigos dos Excepcionais (APAE) de Juazeiro realizou a posse de sua 16\u00aa Diretoria. O evento, ocorrido na sede da institui\u00e7\u00e3o, reuniu colaboradores, fam\u00edlias, parceiros e representantes da comunidade para celebrar a continuidade da defesa dos direitos das pessoas com defici\u00eancia.<\/p>\n<p>Reeleita para a presid\u00eancia, Flor Maia Khoury Hedaye destacou em seu discurso a import\u00e2ncia do trabalho coletivo e da confian\u00e7a m\u00fatua entre a institui\u00e7\u00e3o e a sociedade. &#8220;Nosso compromisso \u00e9 seguir lutando por uma sociedade mais justa e humana, ampliando o acolhimento e as oportunidades para nossos assistidos&#8221;, afirmou emocionada.<\/p>\n<p>A nova gest\u00e3o assume com a miss\u00e3o de fortalecer os projetos existentes e buscar novas frentes de atendimento, mantendo a excel\u00eancia t\u00e9cnica e o olhar humanizado que s\u00e3o marcas da APAE no munic\u00edpio. A equipe conta ainda com o suporte da assessoria de imprensa, sob responsabilidade do jornalista Carlos de Brite, e do procurador jur\u00eddico Utamar dos Santos Gon\u00e7alves.<br \/>\nComposi\u00e7\u00e3o da Diretoria Executiva (Gest\u00e3o Atual):<br \/>\n\u2022 Presidente: Flor Maia Khoury Hedaye<br \/>\n\u2022 Vice-Presidente: Maria das Gra\u00e7as Alves de Souza<br \/>\n\u2022 Diretores Financeiros: Margarida Maria Cruz de Aquino e Jean Carlos dos Santos<br \/>\n\u2022 Diretores Secret\u00e1rios: Terezinha Dias de Castro e Silva e Maria Mazarello da Silva Brito<br \/>\n\u2022 Diretor de Patrim\u00f4nio: Ana Giselia de Amorim Santos<br \/>\n\u2022 Diretor Social: Airton Aparecido Raimundo<br \/>\nO Conselho Fiscal \u00e9 composto por Ana Cristina dos Santos, Maria Cleonice Neres da Silva e Joanice Arcanjo da Silva Fran\u00e7a, tendo como suplentes Edineide dos Santos Silva, Edileuza Maria da Silva Souza e Joselucia Pereira da Silva.<\/p>\n<p>A institui\u00e7\u00e3o tamb\u00e9m deu posse aos seus Auto Defensores, representados pelos titulares Yara Kijima Moraes e Luciano dos Santos Moraes, com supl\u00eancia de Edjane Santos Silva e Lazaro Augusto Tolentino Costa, garantindo que os pr\u00f3prios assistidos tenham voz ativa nas decis\u00f5es da entidade.<\/p>\n","protected":false},"excerpt":{"rendered":"<p>Em uma solenidade marcada pela emo\u00e7\u00e3o e pelo esp\u00edrito de renova\u00e7\u00e3o, a Associa\u00e7\u00e3o de Pais e Amigos dos Excepcionais (APAE) de Juazeiro realizou a posse de sua 16\u00aa Diretoria. O evento, ocorrido na sede da institui\u00e7\u00e3o, reuniu colaboradores, fam\u00edlias, parceiros e representantes da comunidade para celebrar a continuidade da defesa dos direitos das pessoas com [&hellip;]<\/p>\n","protected":false},"author":1,"featured_media":82736,"comment_status":"open","ping_status":"open","sticky":false,"template":"","format":"standard","meta":{"_uag_custom_page_level_css":"","_monsterinsights_skip_tracking":false,"_monsterinsights_sitenote_active":false,"_monsterinsights_sitenote_note":"","_monsterinsights_sitenote_category":0,"jetpack_post_was_ever_published":false,"_jetpack_newsletter_access":"","_jetpack_dont_email_post_to_subs":false,"_jetpack_newsletter_tier_id":0,"_jetpack_memberships_contains_paywalled_content":false,"_jetpack_memberships_contains_paid_content":false,"footnotes":"","jetpack_publicize_message":"","jetpack_publicize_feature_enabled":true,"jetpack_social_post_already_shared":true,"jetpack_social_options":{"image_generator_settings":{"template":"highway","default_image_id":0,"font":"","enabled":false},"version":2}},"categories":[204],"tags":[],"class_list":["post-82735","post","type-post","status-publish","format-standard","has-post-thumbnail","hentry","category-social"],"jetpack_publicize_connections":[],"jetpack_featured_media_url":"https:\/\/blogopara.com.br\/wp-content\/uploads\/2026\/01\/3c8b9645-46ac-4f07-a90d-4f97d246c71a.jpg","uagb_featured_image_src":{"full":["https:\/\/blogopara.com.br\/wp-content\/uploads\/2026\/01\/3c8b9645-46ac-4f07-a90d-4f97d246c71a.jpg",500,376,false],"thumbnail":["https:\/\/blogopara.com.br\/wp-content\/uploads\/2026\/01\/3c8b9645-46ac-4f07-a90d-4f97d246c71a-150x150.jpg",150,150,true],"medium":["https:\/\/blogopara.com.br\/wp-content\/uploads\/2026\/01\/3c8b9645-46ac-4f07-a90d-4f97d246c71a-300x226.jpg",300,226,true],"medium_large":["https:\/\/blogopara.com.br\/wp-content\/uploads\/2026\/01\/3c8b9645-46ac-4f07-a90d-4f97d246c71a.jpg",500,376,false],"large":["https:\/\/blogopara.com.br\/wp-content\/uploads\/2026\/01\/3c8b9645-46ac-4f07-a90d-4f97d246c71a.jpg",500,376,false],"1536x1536":["https:\/\/blogopara.com.br\/wp-content\/uploads\/2026\/01\/3c8b9645-46ac-4f07-a90d-4f97d246c71a.jpg",500,376,false],"2048x2048":["https:\/\/blogopara.com.br\/wp-content\/uploads\/2026\/01\/3c8b9645-46ac-4f07-a90d-4f97d246c71a.jpg",500,376,false],"mantranews-slider-large":["https:\/\/blogopara.com.br\/wp-content\/uploads\/2026\/01\/3c8b9645-46ac-4f07-a90d-4f97d246c71a.jpg",500,376,false],"mantranews-featured-medium":["https:\/\/blogopara.com.br\/wp-content\/uploads\/2026\/01\/3c8b9645-46ac-4f07-a90d-4f97d246c71a-420x307.jpg",420,307,true],"mantranews-featured-long":["https:\/\/blogopara.com.br\/wp-content\/uploads\/2026\/01\/3c8b9645-46ac-4f07-a90d-4f97d246c71a-300x376.jpg",300,376,true],"mantranews-block-medium":["https:\/\/blogopara.com.br\/wp-content\/uploads\/2026\/01\/3c8b9645-46ac-4f07-a90d-4f97d246c71a-464x290.jpg",464,290,true],"mantranews-carousel-image":["https:\/\/blogopara.com.br\/wp-content\/uploads\/2026\/01\/3c8b9645-46ac-4f07-a90d-4f97d246c71a.jpg",500,376,false],"mantranews-block-thumb":["https:\/\/blogopara.com.br\/wp-content\/uploads\/2026\/01\/3c8b9645-46ac-4f07-a90d-4f97d246c71a-322x230.jpg",322,230,true],"mantranews-single-large":["https:\/\/blogopara.com.br\/wp-content\/uploads\/2026\/01\/3c8b9645-46ac-4f07-a90d-4f97d246c71a.jpg",500,376,false]},"uagb_author_info":{"display_name":"Reda\u00e7\u00e3o geral","author_link":"https:\/\/blogopara.com.br\/index.php\/author\/blogopara"},"uagb_comment_info":0,"uagb_excerpt":"Em uma solenidade marcada pela emo\u00e7\u00e3o e pelo esp\u00edrito de renova\u00e7\u00e3o, a Associa\u00e7\u00e3o de Pais e Amigos dos Excepcionais (APAE) de Juazeiro realizou a posse de sua 16\u00aa Diretoria. O evento, ocorrido na sede da institui\u00e7\u00e3o, reuniu colaboradores, fam\u00edlias, parceiros e representantes da comunidade para celebrar a continuidade da defesa dos direitos das pessoas com&hellip;","jetpack_sharing_enabled":true,"jetpack_likes_enabled":true,"_links":{"self":[{"href":"https:\/\/blogopara.com.br\/index.php\/wp-json\/wp\/v2\/posts\/82735","targetHints":{"allow":["GET"]}}],"collection":[{"href":"https:\/\/blogopara.com.br\/index.php\/wp-json\/wp\/v2\/posts"}],"about":[{"href":"https:\/\/blogopara.com.br\/index.php\/wp-json\/wp\/v2\/types\/post"}],"author":[{"embeddable":true,"href":"https:\/\/blogopara.com.br\/index.php\/wp-json\/wp\/v2\/users\/1"}],"replies":[{"embeddable":true,"href":"https:\/\/blogopara.com.br\/index.php\/wp-json\/wp\/v2\/comments?post=82735"}],"version-history":[{"count":1,"href":"https:\/\/blogopara.com.br\/index.php\/wp-json\/wp\/v2\/posts\/82735\/revisions"}],"predecessor-version":[{"id":82737,"href":"https:\/\/blogopara.com.br\/index.php\/wp-json\/wp\/v2\/posts\/82735\/revisions\/82737"}],"wp:featuredmedia":[{"embeddable":true,"href":"https:\/\/blogopara.com.br\/index.php\/wp-json\/wp\/v2\/media\/82736"}],"wp:attachment":[{"href":"https:\/\/blogopara.com.br\/index.php\/wp-json\/wp\/v2\/media?parent=82735"}],"wp:term":[{"taxonomy":"category","embeddable":true,"href":"https:\/\/blogopara.com.br\/index.php\/wp-json\/wp\/v2\/categories?post=82735"},{"taxonomy":"post_tag","embeddable":true,"href":"https:\/\/blogopara.com.br\/index.php\/wp-json\/wp\/v2\/tags?post=82735"}],"curies":[{"name":"wp","href":"https:\/\/api.w.org\/{rel}","templated":true}]}}