{"id":82755,"date":"2026-01-16T20:06:00","date_gmt":"2026-01-16T23:06:00","guid":{"rendered":"https:\/\/blogopara.com.br\/?p=82755"},"modified":"2026-01-16T20:06:00","modified_gmt":"2026-01-16T23:06:00","slug":"carlos-britto-confirma-pre-candidatura-e-projeta-anuncio-oficial-para-apos-o-carnaval","status":"publish","type":"post","link":"https:\/\/blogopara.com.br\/index.php\/2026\/01\/16\/carlos-britto-confirma-pre-candidatura-e-projeta-anuncio-oficial-para-apos-o-carnaval","title":{"rendered":"Carlos Britto confirma pr\u00e9-candidatura e projeta an\u00fancio oficial para ap\u00f3s o Carnaval"},"content":{"rendered":"<p>O cen\u00e1rio pol\u00edtico do Sert\u00e3o de Pernambuco ganha um novo elemento de peso para o pleito de outubro. O jornalista, radialista e publicit\u00e1rio Carlos Britto confirmou que disputar\u00e1 uma vaga no Legislativo, em um movimento que promete movimentar as pe\u00e7as do xadrez pol\u00edtico em Petrolina e munic\u00edpios vizinhos.<\/p>\n<p>Britto esteve no Recife nesta semana para finalizar articula\u00e7\u00f5es e consolidar o projeto. Embora o cargo espec\u00edfico e a legenda partid\u00e1ria ainda sejam mantidos em reserva, o comunicador assegura que a decis\u00e3o est\u00e1 tomada. O an\u00fancio oficial, com todos os detalhes da sigla e da chapa, deve ocorrer logo ap\u00f3s o per\u00edodo carnavalesco.<\/p>\n<p>Trajet\u00f3ria e Motiva\u00e7\u00e3o<\/p>\n<p>Com uma carreira consolidada na comunica\u00e7\u00e3o regional, Britto pontua que sua entrada na vida p\u00fablica \u00e9 motivada pela experi\u00eancia de vida e pelo desejo de representatividade.<\/p>\n<p>\u201cVim de origem muito simples, sem sobrenome importante ou privil\u00e9gios. Ningu\u00e9m fala comigo sobre dificuldades sem que eu saiba exatamente do que se trata; eu as vivi na pele\u201d, afirma.<\/p>\n<p>A pr\u00e9-candidatura \u00e9 vista por analistas locais como um momento importante para a pol\u00edtica sertaneja, dada a capilaridade e o alcance que o comunicador possui na regi\u00e3o. Britto enfatiza que a postula\u00e7\u00e3o n\u00e3o \u00e9 uma decis\u00e3o de \u00faltima hora, mas um plano estruturado:<\/p>\n<p>\u201cS\u00f3 posso dizer que n\u00e3o ser\u00e1 uma coisa improvisada, mas um projeto robusto e trabalhado em todos os detalhes. Quem me conhece sabe que sou organizado e planejo as a\u00e7\u00f5es. O resultado disso, claro, depende da comunidade.<\/p>\n<p>O julgamento ser\u00e1 do povo. Eu vou me apresentar e pedir a oportunidade, \u201crevelou.<br \/>\nO surgimento de um nome com o perfil de Carlos Britto \u2014 que transita entre a comunica\u00e7\u00e3o de massa e a publicidade \u2014 introduz um novo dinamismo na disputa pelas cadeiras legislativas.<\/p>\n","protected":false},"excerpt":{"rendered":"<p>O cen\u00e1rio pol\u00edtico do Sert\u00e3o de Pernambuco ganha um novo elemento de peso para o pleito de outubro. O jornalista, radialista e publicit\u00e1rio Carlos Britto confirmou que disputar\u00e1 uma vaga no Legislativo, em um movimento que promete movimentar as pe\u00e7as do xadrez pol\u00edtico em Petrolina e munic\u00edpios vizinhos. Britto esteve no Recife nesta semana para [&hellip;]<\/p>\n","protected":false},"author":1,"featured_media":82756,"comment_status":"open","ping_status":"open","sticky":false,"template":"","format":"standard","meta":{"_uag_custom_page_level_css":"","_monsterinsights_skip_tracking":false,"_monsterinsights_sitenote_active":false,"_monsterinsights_sitenote_note":"","_monsterinsights_sitenote_category":0,"jetpack_post_was_ever_published":false,"_jetpack_newsletter_access":"","_jetpack_dont_email_post_to_subs":false,"_jetpack_newsletter_tier_id":0,"_jetpack_memberships_contains_paywalled_content":false,"_jetpack_memberships_contains_paid_content":false,"footnotes":"","jetpack_publicize_message":"","jetpack_publicize_feature_enabled":true,"jetpack_social_post_already_shared":true,"jetpack_social_options":{"image_generator_settings":{"template":"highway","default_image_id":0,"font":"","enabled":false},"version":2}},"categories":[851,197],"tags":[10592,532,10416],"class_list":["post-82755","post","type-post","status-publish","format-standard","has-post-thumbnail","hentry","category-petrolina","category-politica","tag-eleicoes-2026","tag-pernambuco","tag-raquel-lyra"],"jetpack_publicize_connections":[],"jetpack_featured_media_url":"https:\/\/blogopara.com.br\/wp-content\/uploads\/2026\/01\/WhatsApp-Image-2026-01-16-at-14.20.17.jpeg","uagb_featured_image_src":{"full":["https:\/\/blogopara.com.br\/wp-content\/uploads\/2026\/01\/WhatsApp-Image-2026-01-16-at-14.20.17.jpeg",500,462,false],"thumbnail":["https:\/\/blogopara.com.br\/wp-content\/uploads\/2026\/01\/WhatsApp-Image-2026-01-16-at-14.20.17-150x150.jpeg",150,150,true],"medium":["https:\/\/blogopara.com.br\/wp-content\/uploads\/2026\/01\/WhatsApp-Image-2026-01-16-at-14.20.17-300x277.jpeg",300,277,true],"medium_large":["https:\/\/blogopara.com.br\/wp-content\/uploads\/2026\/01\/WhatsApp-Image-2026-01-16-at-14.20.17.jpeg",500,462,false],"large":["https:\/\/blogopara.com.br\/wp-content\/uploads\/2026\/01\/WhatsApp-Image-2026-01-16-at-14.20.17.jpeg",500,462,false],"1536x1536":["https:\/\/blogopara.com.br\/wp-content\/uploads\/2026\/01\/WhatsApp-Image-2026-01-16-at-14.20.17.jpeg",500,462,false],"2048x2048":["https:\/\/blogopara.com.br\/wp-content\/uploads\/2026\/01\/WhatsApp-Image-2026-01-16-at-14.20.17.jpeg",500,462,false],"mantranews-slider-large":["https:\/\/blogopara.com.br\/wp-content\/uploads\/2026\/01\/WhatsApp-Image-2026-01-16-at-14.20.17.jpeg",500,462,false],"mantranews-featured-medium":["https:\/\/blogopara.com.br\/wp-content\/uploads\/2026\/01\/WhatsApp-Image-2026-01-16-at-14.20.17-420x307.jpeg",420,307,true],"mantranews-featured-long":["https:\/\/blogopara.com.br\/wp-content\/uploads\/2026\/01\/WhatsApp-Image-2026-01-16-at-14.20.17-300x443.jpeg",300,443,true],"mantranews-block-medium":["https:\/\/blogopara.com.br\/wp-content\/uploads\/2026\/01\/WhatsApp-Image-2026-01-16-at-14.20.17-464x290.jpeg",464,290,true],"mantranews-carousel-image":["https:\/\/blogopara.com.br\/wp-content\/uploads\/2026\/01\/WhatsApp-Image-2026-01-16-at-14.20.17.jpeg",500,462,false],"mantranews-block-thumb":["https:\/\/blogopara.com.br\/wp-content\/uploads\/2026\/01\/WhatsApp-Image-2026-01-16-at-14.20.17-322x230.jpeg",322,230,true],"mantranews-single-large":["https:\/\/blogopara.com.br\/wp-content\/uploads\/2026\/01\/WhatsApp-Image-2026-01-16-at-14.20.17.jpeg",500,462,false]},"uagb_author_info":{"display_name":"Reda\u00e7\u00e3o geral","author_link":"https:\/\/blogopara.com.br\/index.php\/author\/blogopara"},"uagb_comment_info":0,"uagb_excerpt":"O cen\u00e1rio pol\u00edtico do Sert\u00e3o de Pernambuco ganha um novo elemento de peso para o pleito de outubro. O jornalista, radialista e publicit\u00e1rio Carlos Britto confirmou que disputar\u00e1 uma vaga no Legislativo, em um movimento que promete movimentar as pe\u00e7as do xadrez pol\u00edtico em Petrolina e munic\u00edpios vizinhos. Britto esteve no Recife nesta semana para&hellip;","jetpack_sharing_enabled":true,"jetpack_likes_enabled":true,"_links":{"self":[{"href":"https:\/\/blogopara.com.br\/index.php\/wp-json\/wp\/v2\/posts\/82755","targetHints":{"allow":["GET"]}}],"collection":[{"href":"https:\/\/blogopara.com.br\/index.php\/wp-json\/wp\/v2\/posts"}],"about":[{"href":"https:\/\/blogopara.com.br\/index.php\/wp-json\/wp\/v2\/types\/post"}],"author":[{"embeddable":true,"href":"https:\/\/blogopara.com.br\/index.php\/wp-json\/wp\/v2\/users\/1"}],"replies":[{"embeddable":true,"href":"https:\/\/blogopara.com.br\/index.php\/wp-json\/wp\/v2\/comments?post=82755"}],"version-history":[{"count":1,"href":"https:\/\/blogopara.com.br\/index.php\/wp-json\/wp\/v2\/posts\/82755\/revisions"}],"predecessor-version":[{"id":82757,"href":"https:\/\/blogopara.com.br\/index.php\/wp-json\/wp\/v2\/posts\/82755\/revisions\/82757"}],"wp:featuredmedia":[{"embeddable":true,"href":"https:\/\/blogopara.com.br\/index.php\/wp-json\/wp\/v2\/media\/82756"}],"wp:attachment":[{"href":"https:\/\/blogopara.com.br\/index.php\/wp-json\/wp\/v2\/media?parent=82755"}],"wp:term":[{"taxonomy":"category","embeddable":true,"href":"https:\/\/blogopara.com.br\/index.php\/wp-json\/wp\/v2\/categories?post=82755"},{"taxonomy":"post_tag","embeddable":true,"href":"https:\/\/blogopara.com.br\/index.php\/wp-json\/wp\/v2\/tags?post=82755"}],"curies":[{"name":"wp","href":"https:\/\/api.w.org\/{rel}","templated":true}]}}