{"id":8276,"date":"2020-03-17T21:53:23","date_gmt":"2020-03-18T00:53:23","guid":{"rendered":"http:\/\/blogopara.com.br\/?p=8276"},"modified":"2020-03-17T21:53:31","modified_gmt":"2020-03-18T00:53:31","slug":"coronavirus-governo-pretende-que-seja-reconhecido-o-estado-de-calamidade","status":"publish","type":"post","link":"https:\/\/blogopara.com.br\/index.php\/2020\/03\/17\/coronavirus-governo-pretende-que-seja-reconhecido-o-estado-de-calamidade","title":{"rendered":"Coronav\u00edrus: Governo pretende que seja reconhecido o Estado de Calamidade"},"content":{"rendered":"\n<p class=\"has-text-align-justify\"><br>O governo federal vai solicitar ao Congresso o reconhecimento do estado de calamidade p\u00fablica, por conta do coronav\u00edrus. O an\u00fancio foi feito na noite desta ter\u00e7a-feira (17), atrav\u00e9s de um comunicado emitido pelo Pal\u00e1cio do Planalto.<\/p>\n\n\n\n<p class=\"has-text-align-justify\">De acordo com a nota, a medida \u00e9 v\u00e1lida at\u00e9 o dia 31 de dezembro deste ano. \u201cO Governo Federal reafirma seu compromisso com as reformas estruturais necess\u00e1rias para a transforma\u00e7\u00e3o do Estado brasileiro, para manuten\u00e7\u00e3o do teto de gastos como \u00e2ncora de um regime fiscal que assegure a confian\u00e7a e os investimentos para recupera\u00e7\u00e3o de nossa din\u00e2mica de crescimento sustent\u00e1vel\u201d, diz parte da nota.<\/p>\n\n\n\n<pre class=\"wp-block-verse\"><\/pre>\n","protected":false},"excerpt":{"rendered":"<p>O governo federal vai solicitar ao Congresso o reconhecimento do estado de calamidade p\u00fablica, por conta do coronav\u00edrus. O an\u00fancio foi feito na noite desta ter\u00e7a-feira (17), atrav\u00e9s de um comunicado emitido pelo Pal\u00e1cio do Planalto. De acordo com a nota, a medida \u00e9 v\u00e1lida at\u00e9 o dia 31 de dezembro deste ano. \u201cO Governo [&hellip;]<\/p>\n","protected":false},"author":1,"featured_media":8085,"comment_status":"open","ping_status":"open","sticky":false,"template":"","format":"standard","meta":{"_uag_custom_page_level_css":"","_monsterinsights_skip_tracking":false,"_monsterinsights_sitenote_active":false,"_monsterinsights_sitenote_note":"","_monsterinsights_sitenote_category":0,"jetpack_post_was_ever_published":false,"_jetpack_newsletter_access":"","_jetpack_dont_email_post_to_subs":false,"_jetpack_newsletter_tier_id":0,"_jetpack_memberships_contains_paywalled_content":false,"_jetpack_memberships_contains_paid_content":false,"footnotes":"","jetpack_publicize_message":"","jetpack_publicize_feature_enabled":true,"jetpack_social_post_already_shared":true,"jetpack_social_options":{"image_generator_settings":{"template":"highway","default_image_id":0,"font":"","enabled":false},"version":2}},"categories":[200,206,205],"tags":[21,1479,1488],"class_list":["post-8276","post","type-post","status-publish","format-standard","has-post-thumbnail","hentry","category-brasil","category-economia","category-saude","tag-bolsonaro","tag-coronavirus","tag-estado-de-calamidade"],"jetpack_publicize_connections":[],"jetpack_featured_media_url":"https:\/\/blogopara.com.br\/wp-content\/uploads\/2020\/03\/bolsonaro-live-coronavirus-12032020191039518-1.jpeg","uagb_featured_image_src":{"full":["https:\/\/blogopara.com.br\/wp-content\/uploads\/2020\/03\/bolsonaro-live-coronavirus-12032020191039518-1.jpeg",500,272,false],"thumbnail":["https:\/\/blogopara.com.br\/wp-content\/uploads\/2020\/03\/bolsonaro-live-coronavirus-12032020191039518-1-150x150.jpeg",150,150,true],"medium":["https:\/\/blogopara.com.br\/wp-content\/uploads\/2020\/03\/bolsonaro-live-coronavirus-12032020191039518-1-300x163.jpeg",300,163,true],"medium_large":["https:\/\/blogopara.com.br\/wp-content\/uploads\/2020\/03\/bolsonaro-live-coronavirus-12032020191039518-1.jpeg",500,272,false],"large":["https:\/\/blogopara.com.br\/wp-content\/uploads\/2020\/03\/bolsonaro-live-coronavirus-12032020191039518-1.jpeg",500,272,false],"1536x1536":["https:\/\/blogopara.com.br\/wp-content\/uploads\/2020\/03\/bolsonaro-live-coronavirus-12032020191039518-1.jpeg",500,272,false],"2048x2048":["https:\/\/blogopara.com.br\/wp-content\/uploads\/2020\/03\/bolsonaro-live-coronavirus-12032020191039518-1.jpeg",500,272,false],"mantranews-slider-large":["https:\/\/blogopara.com.br\/wp-content\/uploads\/2020\/03\/bolsonaro-live-coronavirus-12032020191039518-1.jpeg",500,272,false],"mantranews-featured-medium":["https:\/\/blogopara.com.br\/wp-content\/uploads\/2020\/03\/bolsonaro-live-coronavirus-12032020191039518-1-420x272.jpeg",420,272,true],"mantranews-featured-long":["https:\/\/blogopara.com.br\/wp-content\/uploads\/2020\/03\/bolsonaro-live-coronavirus-12032020191039518-1-300x272.jpeg",300,272,true],"mantranews-block-medium":["https:\/\/blogopara.com.br\/wp-content\/uploads\/2020\/03\/bolsonaro-live-coronavirus-12032020191039518-1-464x272.jpeg",464,272,true],"mantranews-carousel-image":["https:\/\/blogopara.com.br\/wp-content\/uploads\/2020\/03\/bolsonaro-live-coronavirus-12032020191039518-1.jpeg",500,272,false],"mantranews-block-thumb":["https:\/\/blogopara.com.br\/wp-content\/uploads\/2020\/03\/bolsonaro-live-coronavirus-12032020191039518-1-322x230.jpeg",322,230,true],"mantranews-single-large":["https:\/\/blogopara.com.br\/wp-content\/uploads\/2020\/03\/bolsonaro-live-coronavirus-12032020191039518-1.jpeg",500,272,false]},"uagb_author_info":{"display_name":"Reda\u00e7\u00e3o geral","author_link":"https:\/\/blogopara.com.br\/index.php\/author\/blogopara"},"uagb_comment_info":0,"uagb_excerpt":"O governo federal vai solicitar ao Congresso o reconhecimento do estado de calamidade p\u00fablica, por conta do coronav\u00edrus. O an\u00fancio foi feito na noite desta ter\u00e7a-feira (17), atrav\u00e9s de um comunicado emitido pelo Pal\u00e1cio do Planalto. De acordo com a nota, a medida \u00e9 v\u00e1lida at\u00e9 o dia 31 de dezembro deste ano. \u201cO Governo&hellip;","jetpack_sharing_enabled":true,"jetpack_likes_enabled":true,"_links":{"self":[{"href":"https:\/\/blogopara.com.br\/index.php\/wp-json\/wp\/v2\/posts\/8276","targetHints":{"allow":["GET"]}}],"collection":[{"href":"https:\/\/blogopara.com.br\/index.php\/wp-json\/wp\/v2\/posts"}],"about":[{"href":"https:\/\/blogopara.com.br\/index.php\/wp-json\/wp\/v2\/types\/post"}],"author":[{"embeddable":true,"href":"https:\/\/blogopara.com.br\/index.php\/wp-json\/wp\/v2\/users\/1"}],"replies":[{"embeddable":true,"href":"https:\/\/blogopara.com.br\/index.php\/wp-json\/wp\/v2\/comments?post=8276"}],"version-history":[{"count":1,"href":"https:\/\/blogopara.com.br\/index.php\/wp-json\/wp\/v2\/posts\/8276\/revisions"}],"predecessor-version":[{"id":8278,"href":"https:\/\/blogopara.com.br\/index.php\/wp-json\/wp\/v2\/posts\/8276\/revisions\/8278"}],"wp:featuredmedia":[{"embeddable":true,"href":"https:\/\/blogopara.com.br\/index.php\/wp-json\/wp\/v2\/media\/8085"}],"wp:attachment":[{"href":"https:\/\/blogopara.com.br\/index.php\/wp-json\/wp\/v2\/media?parent=8276"}],"wp:term":[{"taxonomy":"category","embeddable":true,"href":"https:\/\/blogopara.com.br\/index.php\/wp-json\/wp\/v2\/categories?post=8276"},{"taxonomy":"post_tag","embeddable":true,"href":"https:\/\/blogopara.com.br\/index.php\/wp-json\/wp\/v2\/tags?post=8276"}],"curies":[{"name":"wp","href":"https:\/\/api.w.org\/{rel}","templated":true}]}}