{"id":8277,"date":"2020-03-17T21:57:27","date_gmt":"2020-03-18T00:57:27","guid":{"rendered":"http:\/\/blogopara.com.br\/?p=8277"},"modified":"2020-03-17T21:57:36","modified_gmt":"2020-03-18T00:57:36","slug":"fiquem-em-casa-o-desabafo-de-medica-que-tratou-1o-paciente-morto-pelo-novo-coronavirus-no-brasil","status":"publish","type":"post","link":"https:\/\/blogopara.com.br\/index.php\/2020\/03\/17\/fiquem-em-casa-o-desabafo-de-medica-que-tratou-1o-paciente-morto-pelo-novo-coronavirus-no-brasil","title":{"rendered":"&#8216;Fiquem em casa&#8217;: o desabafo de m\u00e9dica que tratou 1\u00ba paciente morto pelo novo coronav\u00edrus no Brasil"},"content":{"rendered":"<p class=\"story-body__introduction\" style=\"text-align: justify;\">A infectologista Carla Guerra faz um apelo. &#8220;Estamos muito preocupados. Reforcem as medidas de prote\u00e7\u00e3o e se cuidem&#8221;, diz em tom de desabafo, durante entrevista \u00e0 BBC News Brasil, no in\u00edcio da tarde desta ter\u00e7a-feira (17\/03).<\/p>\n<p style=\"text-align: justify;\">O pedido \u00e9 feito pela profissional ap\u00f3s acompanhar o caso do primeiro brasileiro que teve a morte confirmada em raz\u00e3o do novo coronav\u00edrus.<\/p>\n<p style=\"text-align: justify;\">O paciente de 62 anos, que n\u00e3o teve a identidade divulgada, tinha diabetes e hipertens\u00e3o. Ele come\u00e7ou a sentir os sintomas da covid-19, doen\u00e7a causada pelo v\u00edrus, em 10 de mar\u00e7o. O homem procurou atendimento m\u00e9dico, os sintomas pioraram e ele morreu dias depois, na segunda-feira (16).<\/p>\n<p style=\"text-align: justify;\">Ele n\u00e3o tinha hist\u00f3rico recente de viagem ao exterior e n\u00e3o teve contato com nenhum paciente doente. Desta forma, o caso dele \u00e9 considerado transmiss\u00e3o comunit\u00e1ria \u2014 quando n\u00e3o se sabe a origem do v\u00edrus.<\/p>\n<p style=\"text-align: justify;\">O homem morava na capital paulista. S\u00e3o Paulo \u00e9 o Estado que tem com mais registros do novo coronav\u00edrus no Brasil, at\u00e9 esta segunda-feira eram 152 confirmados \u2014 em todo o pa\u00eds s\u00e3o 291.<\/p>\n<p style=\"text-align: justify;\">Ele estava internado na Unidade de Terapia Intensiva (UTI) do Hospital Sancta Maggiore, no bairro do Para\u00edso. Na mesma unidade, segundo a Secretaria de Sa\u00fade de S\u00e3o Paulo, h\u00e1 outras quatro mortes de idosos suspeitas de coronav\u00edrus \u2014 os exames ainda n\u00e3o foram conclu\u00eddos.<\/p>\n<p style=\"text-align: justify;\">&#8220;Apesar de n\u00e3o termos o resultado antes, consider\u00e1vamos o caso desse primeiro paciente suspeito para o novo coronav\u00edrus desde que ele deu entrada no hospital&#8221;, explica Guerra, que acompanhou o paciente desde a chegada dele na unidade de sa\u00fade.<\/p>\n<p style=\"text-align: justify;\">O homem era considerado caso suspeito para novo coronav\u00edrus por apresentar sintomas como febre alta, tosse e problemas respirat\u00f3rios. O resultado que confirmou a covid-19 foi dado horas ap\u00f3s a morte dele.<\/p>\n<h2 class=\"story-body__crosshead\" style=\"text-align: justify;\">&#8216;Fiquem em casa&#8217;<\/h2>\n<p style=\"text-align: justify;\">Desde o primeiro atendimento, segundo Guerra, toda a equipe m\u00e9dica que acompanhou o paciente adotou os Equipamentos de Prote\u00e7\u00e3o Individual (EPI) orientados pelo Minist\u00e9rio da Sa\u00fade: gorro, m\u00e1scara N95, luvas, aventais descart\u00e1veis e \u00f3culos protetores.<\/p>\n<p style=\"text-align: justify;\">Ele chegou com sintomas considerados leves. Mas logo se agravaram e foi encaminhado para a UTI.<\/p>\n<p style=\"text-align: justify;\">As doen\u00e7as que ele j\u00e1 possu\u00eda colaboraram para agravar o estado de sa\u00fade dele e lev\u00e1-lo \u00e0 morte. Os parentes dele, ao menos at\u00e9 o momento, n\u00e3o apresentaram sintomas do novo coronav\u00edrus, por\u00e9m dever\u00e3o ser monitorados.<\/p>\n<p style=\"text-align: justify;\">A Secretaria Municipal de Sa\u00fade de S\u00e3o Paulo orientou que o enterro do paciente seja com caix\u00e3o lacrado. O vel\u00f3rio ser\u00e1 com restri\u00e7\u00e3o para poucas pessoas, apenas as mais pr\u00f3ximas.<\/p>\n<p style=\"text-align: justify;\">O corpo dele n\u00e3o foi encaminhado para o Instituto M\u00e9dico Legal (IML), para evitar que mais pessoas possam ser expostas ao v\u00edrus. Ele ser\u00e1 encaminhado diretamente do hospital para o cemit\u00e9rio.<\/p>\n<p style=\"text-align: justify;\">Ap\u00f3s a morte, e diante dos outros quatro falecimentos suspeitos de rela\u00e7\u00e3o com o novo coronav\u00edrus, Guerra faz um alerta. &#8220;A \u00fanica forma de se prevenir dessa epidemia \u00e9 que todo mundo fique em casa. \u00c9 importante permanecer em casa, sem nenhum encontro social&#8221;, desabafa a infectologista.<\/p>\n<p style=\"text-align: justify;\">Diante da pandemia, diversos pa\u00edses t\u00eam orientado que as pessoas evitem aglomera\u00e7\u00e3o, adotem h\u00e1bitos de higiene para evitar a propaga\u00e7\u00e3o do v\u00edrus e recorram ao distanciamento social, para que se mantenham a cerca de dois metros de dist\u00e2ncia entre si.<\/p>\n<p style=\"text-align: justify;\">Nesta ter\u00e7a, a Prefeitura de S\u00e3o Paulo declarou estado de emerg\u00eancia na cidade \u2014 o decreto permite que a prefeitura tome atitudes emergenciais, como cancelar alvar\u00e1s de eventos j\u00e1 concedidos, comprar suprimentos a pre\u00e7os diferentes, entre outras medidas.<\/p>\n<p style=\"text-align: justify;\">No Rio de Janeiro, o governador Wilson Witzel decretou estado de emerg\u00eancia na segunda e recomendou o fechamento de lojas de shoppings, clubes e academias. Os outros Estados brasileiros tamb\u00e9m adotaram medidas semelhantes para conten\u00e7\u00e3o do novo coronav\u00edrus.<\/p>\n<p style=\"text-align: justify;\">Para evitar a propaga\u00e7\u00e3o do v\u00edrus, Guerra orienta que as pessoas devem seguir medidas de higieniza\u00e7\u00e3o: lavar as m\u00e3os com frequ\u00eancias, usar \u00e1lcool em gel e evitar aglomera\u00e7\u00f5es. &#8220;\u00c9 preciso refor\u00e7ar as medidas de prote\u00e7\u00e3o pessoal neste momento. Se todo mundo ficar doente ao mesmo tempo, n\u00e3o teremos servi\u00e7o de sa\u00fade para atender a demanda&#8221;, afirma.<\/p>\n","protected":false},"excerpt":{"rendered":"<p>&#8220;Pe\u00e7am para as empresas fazerem home office. Poupem os idosos de exposi\u00e7\u00f5es&#8221;, declara Guerra.<\/p>\n","protected":false},"author":1,"featured_media":8279,"comment_status":"open","ping_status":"open","sticky":false,"template":"","format":"standard","meta":{"_uag_custom_page_level_css":"","_monsterinsights_skip_tracking":false,"_monsterinsights_sitenote_active":false,"_monsterinsights_sitenote_note":"","_monsterinsights_sitenote_category":0,"jetpack_post_was_ever_published":false,"_jetpack_newsletter_access":"","_jetpack_dont_email_post_to_subs":false,"_jetpack_newsletter_tier_id":0,"_jetpack_memberships_contains_paywalled_content":false,"_jetpack_memberships_contains_paid_content":false,"footnotes":"","jetpack_publicize_message":"","jetpack_publicize_feature_enabled":true,"jetpack_social_post_already_shared":true,"jetpack_social_options":{"image_generator_settings":{"template":"highway","default_image_id":0,"font":"","enabled":false},"version":2}},"categories":[200],"tags":[],"class_list":["post-8277","post","type-post","status-publish","format-standard","has-post-thumbnail","hentry","category-brasil"],"jetpack_publicize_connections":[],"jetpack_featured_media_url":"https:\/\/blogopara.com.br\/wp-content\/uploads\/2020\/03\/111334353_gettyimages-1201027933.jpg","uagb_featured_image_src":{"full":["https:\/\/blogopara.com.br\/wp-content\/uploads\/2020\/03\/111334353_gettyimages-1201027933.jpg",500,281,false],"thumbnail":["https:\/\/blogopara.com.br\/wp-content\/uploads\/2020\/03\/111334353_gettyimages-1201027933-150x150.jpg",150,150,true],"medium":["https:\/\/blogopara.com.br\/wp-content\/uploads\/2020\/03\/111334353_gettyimages-1201027933-300x169.jpg",300,169,true],"medium_large":["https:\/\/blogopara.com.br\/wp-content\/uploads\/2020\/03\/111334353_gettyimages-1201027933.jpg",500,281,false],"large":["https:\/\/blogopara.com.br\/wp-content\/uploads\/2020\/03\/111334353_gettyimages-1201027933.jpg",500,281,false],"1536x1536":["https:\/\/blogopara.com.br\/wp-content\/uploads\/2020\/03\/111334353_gettyimages-1201027933.jpg",500,281,false],"2048x2048":["https:\/\/blogopara.com.br\/wp-content\/uploads\/2020\/03\/111334353_gettyimages-1201027933.jpg",500,281,false],"mantranews-slider-large":["https:\/\/blogopara.com.br\/wp-content\/uploads\/2020\/03\/111334353_gettyimages-1201027933.jpg",500,281,false],"mantranews-featured-medium":["https:\/\/blogopara.com.br\/wp-content\/uploads\/2020\/03\/111334353_gettyimages-1201027933-420x281.jpg",420,281,true],"mantranews-featured-long":["https:\/\/blogopara.com.br\/wp-content\/uploads\/2020\/03\/111334353_gettyimages-1201027933-300x281.jpg",300,281,true],"mantranews-block-medium":["https:\/\/blogopara.com.br\/wp-content\/uploads\/2020\/03\/111334353_gettyimages-1201027933-464x281.jpg",464,281,true],"mantranews-carousel-image":["https:\/\/blogopara.com.br\/wp-content\/uploads\/2020\/03\/111334353_gettyimages-1201027933.jpg",500,281,false],"mantranews-block-thumb":["https:\/\/blogopara.com.br\/wp-content\/uploads\/2020\/03\/111334353_gettyimages-1201027933-322x230.jpg",322,230,true],"mantranews-single-large":["https:\/\/blogopara.com.br\/wp-content\/uploads\/2020\/03\/111334353_gettyimages-1201027933.jpg",500,281,false]},"uagb_author_info":{"display_name":"Reda\u00e7\u00e3o geral","author_link":"https:\/\/blogopara.com.br\/index.php\/author\/blogopara"},"uagb_comment_info":0,"uagb_excerpt":"\"Pe\u00e7am para as empresas fazerem home office. Poupem os idosos de exposi\u00e7\u00f5es\", declara Guerra.","jetpack_sharing_enabled":true,"jetpack_likes_enabled":true,"_links":{"self":[{"href":"https:\/\/blogopara.com.br\/index.php\/wp-json\/wp\/v2\/posts\/8277","targetHints":{"allow":["GET"]}}],"collection":[{"href":"https:\/\/blogopara.com.br\/index.php\/wp-json\/wp\/v2\/posts"}],"about":[{"href":"https:\/\/blogopara.com.br\/index.php\/wp-json\/wp\/v2\/types\/post"}],"author":[{"embeddable":true,"href":"https:\/\/blogopara.com.br\/index.php\/wp-json\/wp\/v2\/users\/1"}],"replies":[{"embeddable":true,"href":"https:\/\/blogopara.com.br\/index.php\/wp-json\/wp\/v2\/comments?post=8277"}],"version-history":[{"count":1,"href":"https:\/\/blogopara.com.br\/index.php\/wp-json\/wp\/v2\/posts\/8277\/revisions"}],"predecessor-version":[{"id":8280,"href":"https:\/\/blogopara.com.br\/index.php\/wp-json\/wp\/v2\/posts\/8277\/revisions\/8280"}],"wp:featuredmedia":[{"embeddable":true,"href":"https:\/\/blogopara.com.br\/index.php\/wp-json\/wp\/v2\/media\/8279"}],"wp:attachment":[{"href":"https:\/\/blogopara.com.br\/index.php\/wp-json\/wp\/v2\/media?parent=8277"}],"wp:term":[{"taxonomy":"category","embeddable":true,"href":"https:\/\/blogopara.com.br\/index.php\/wp-json\/wp\/v2\/categories?post=8277"},{"taxonomy":"post_tag","embeddable":true,"href":"https:\/\/blogopara.com.br\/index.php\/wp-json\/wp\/v2\/tags?post=8277"}],"curies":[{"name":"wp","href":"https:\/\/api.w.org\/{rel}","templated":true}]}}