{"id":82776,"date":"2026-01-17T11:06:14","date_gmt":"2026-01-17T14:06:14","guid":{"rendered":"https:\/\/blogopara.com.br\/?p=82776"},"modified":"2026-01-17T11:06:14","modified_gmt":"2026-01-17T14:06:14","slug":"curaca-motorista-morre-apos-carreta-capotar-mercadoria-de-fertilizante-e-saqueada","status":"publish","type":"post","link":"https:\/\/blogopara.com.br\/index.php\/2026\/01\/17\/curaca-motorista-morre-apos-carreta-capotar-mercadoria-de-fertilizante-e-saqueada","title":{"rendered":"Cura\u00e7\u00e1: Motorista morre ap\u00f3s carreta capotar. Mercadoria de fertilizante \u00e9 saqueada"},"content":{"rendered":"<p>O motorista de uma carreta morreu depois que o ve\u00edculo capotou, na sexta-feira (16), em um trecho da BA-120, na cidade de Cura\u00e7\u00e1, no norte da Bahia.<\/p>\n<p>Segundo apurou a TV S\u00e3o Francisco, afiliada da TV Bahia na regi\u00e3o, a suspeita \u00e9 de que Iranildo Ferreira da Silva Filho, de 38 anos, perdeu o controle do ve\u00edculo depois que um dos pneus estourou. Ele caiu em uma \u00e1rea de vegeta\u00e7\u00e3o \u00e0s margens da rodovia.<\/p>\n<p>O ve\u00edculo estava carregado com sacos de fertilizante e parte da mercadoria foi saqueada. A Pol\u00edcia Militar (PM) foi acionada para proteger a \u00e1rea.<\/p>\n<p>O corpo da v\u00edtima foi retirado da cabine da carreta com a ajuda de agentes do Corpo de Bombeiros Militar da Bahia (CBM-BA). Ele foi encaminhado para o Instituto M\u00e9dico Legal (IML) da regi\u00e3o.<\/p>\n<p>&nbsp;<\/p>\n<p>G1 Bahia\/TV S\u00e3o Francisco Foto reprodu\u00e7\u00e3o TV S\u00e3o Francisco<\/p>\n","protected":false},"excerpt":{"rendered":"<p>O motorista de uma carreta morreu depois que o ve\u00edculo capotou, na sexta-feira (16), em um trecho da BA-120, na cidade de Cura\u00e7\u00e1, no norte da Bahia. Segundo apurou a TV S\u00e3o Francisco, afiliada da TV Bahia na regi\u00e3o, a suspeita \u00e9 de que Iranildo Ferreira da Silva Filho, de 38 anos, perdeu o controle [&hellip;]<\/p>\n","protected":false},"author":1,"featured_media":82777,"comment_status":"open","ping_status":"open","sticky":false,"template":"","format":"standard","meta":{"_uag_custom_page_level_css":"","_monsterinsights_skip_tracking":false,"_monsterinsights_sitenote_active":false,"_monsterinsights_sitenote_note":"","_monsterinsights_sitenote_category":0,"jetpack_post_was_ever_published":false,"_jetpack_newsletter_access":"","_jetpack_dont_email_post_to_subs":false,"_jetpack_newsletter_tier_id":0,"_jetpack_memberships_contains_paywalled_content":false,"_jetpack_memberships_contains_paid_content":false,"footnotes":"","jetpack_publicize_message":"","jetpack_publicize_feature_enabled":true,"jetpack_social_post_already_shared":true,"jetpack_social_options":{"image_generator_settings":{"template":"highway","default_image_id":0,"font":"","enabled":false},"version":2}},"categories":[203],"tags":[],"class_list":["post-82776","post","type-post","status-publish","format-standard","has-post-thumbnail","hentry","category-juazeiro"],"jetpack_publicize_connections":[],"jetpack_featured_media_url":"https:\/\/blogopara.com.br\/wp-content\/uploads\/2026\/01\/Captura-de-tela-2026-01-17-080153.png","uagb_featured_image_src":{"full":["https:\/\/blogopara.com.br\/wp-content\/uploads\/2026\/01\/Captura-de-tela-2026-01-17-080153.png",500,307,false],"thumbnail":["https:\/\/blogopara.com.br\/wp-content\/uploads\/2026\/01\/Captura-de-tela-2026-01-17-080153-150x150.png",150,150,true],"medium":["https:\/\/blogopara.com.br\/wp-content\/uploads\/2026\/01\/Captura-de-tela-2026-01-17-080153-300x184.png",300,184,true],"medium_large":["https:\/\/blogopara.com.br\/wp-content\/uploads\/2026\/01\/Captura-de-tela-2026-01-17-080153.png",500,307,false],"large":["https:\/\/blogopara.com.br\/wp-content\/uploads\/2026\/01\/Captura-de-tela-2026-01-17-080153.png",500,307,false],"1536x1536":["https:\/\/blogopara.com.br\/wp-content\/uploads\/2026\/01\/Captura-de-tela-2026-01-17-080153.png",500,307,false],"2048x2048":["https:\/\/blogopara.com.br\/wp-content\/uploads\/2026\/01\/Captura-de-tela-2026-01-17-080153.png",500,307,false],"mantranews-slider-large":["https:\/\/blogopara.com.br\/wp-content\/uploads\/2026\/01\/Captura-de-tela-2026-01-17-080153.png",500,307,false],"mantranews-featured-medium":["https:\/\/blogopara.com.br\/wp-content\/uploads\/2026\/01\/Captura-de-tela-2026-01-17-080153-420x307.png",420,307,true],"mantranews-featured-long":["https:\/\/blogopara.com.br\/wp-content\/uploads\/2026\/01\/Captura-de-tela-2026-01-17-080153-300x307.png",300,307,true],"mantranews-block-medium":["https:\/\/blogopara.com.br\/wp-content\/uploads\/2026\/01\/Captura-de-tela-2026-01-17-080153-464x290.png",464,290,true],"mantranews-carousel-image":["https:\/\/blogopara.com.br\/wp-content\/uploads\/2026\/01\/Captura-de-tela-2026-01-17-080153.png",500,307,false],"mantranews-block-thumb":["https:\/\/blogopara.com.br\/wp-content\/uploads\/2026\/01\/Captura-de-tela-2026-01-17-080153-322x230.png",322,230,true],"mantranews-single-large":["https:\/\/blogopara.com.br\/wp-content\/uploads\/2026\/01\/Captura-de-tela-2026-01-17-080153.png",500,307,false]},"uagb_author_info":{"display_name":"Reda\u00e7\u00e3o geral","author_link":"https:\/\/blogopara.com.br\/index.php\/author\/blogopara"},"uagb_comment_info":0,"uagb_excerpt":"O motorista de uma carreta morreu depois que o ve\u00edculo capotou, na sexta-feira (16), em um trecho da BA-120, na cidade de Cura\u00e7\u00e1, no norte da Bahia. Segundo apurou a TV S\u00e3o Francisco, afiliada da TV Bahia na regi\u00e3o, a suspeita \u00e9 de que Iranildo Ferreira da Silva Filho, de 38 anos, perdeu o controle&hellip;","jetpack_sharing_enabled":true,"jetpack_likes_enabled":true,"_links":{"self":[{"href":"https:\/\/blogopara.com.br\/index.php\/wp-json\/wp\/v2\/posts\/82776","targetHints":{"allow":["GET"]}}],"collection":[{"href":"https:\/\/blogopara.com.br\/index.php\/wp-json\/wp\/v2\/posts"}],"about":[{"href":"https:\/\/blogopara.com.br\/index.php\/wp-json\/wp\/v2\/types\/post"}],"author":[{"embeddable":true,"href":"https:\/\/blogopara.com.br\/index.php\/wp-json\/wp\/v2\/users\/1"}],"replies":[{"embeddable":true,"href":"https:\/\/blogopara.com.br\/index.php\/wp-json\/wp\/v2\/comments?post=82776"}],"version-history":[{"count":1,"href":"https:\/\/blogopara.com.br\/index.php\/wp-json\/wp\/v2\/posts\/82776\/revisions"}],"predecessor-version":[{"id":82778,"href":"https:\/\/blogopara.com.br\/index.php\/wp-json\/wp\/v2\/posts\/82776\/revisions\/82778"}],"wp:featuredmedia":[{"embeddable":true,"href":"https:\/\/blogopara.com.br\/index.php\/wp-json\/wp\/v2\/media\/82777"}],"wp:attachment":[{"href":"https:\/\/blogopara.com.br\/index.php\/wp-json\/wp\/v2\/media?parent=82776"}],"wp:term":[{"taxonomy":"category","embeddable":true,"href":"https:\/\/blogopara.com.br\/index.php\/wp-json\/wp\/v2\/categories?post=82776"},{"taxonomy":"post_tag","embeddable":true,"href":"https:\/\/blogopara.com.br\/index.php\/wp-json\/wp\/v2\/tags?post=82776"}],"curies":[{"name":"wp","href":"https:\/\/api.w.org\/{rel}","templated":true}]}}