{"id":82779,"date":"2026-01-17T11:09:03","date_gmt":"2026-01-17T14:09:03","guid":{"rendered":"https:\/\/blogopara.com.br\/?p=82779"},"modified":"2026-01-17T11:09:03","modified_gmt":"2026-01-17T14:09:03","slug":"prefeitura-de-senhor-do-bonfim-lamenta-o-falecimento-precoce-do-ex-servidor-lucas-dias","status":"publish","type":"post","link":"https:\/\/blogopara.com.br\/index.php\/2026\/01\/17\/prefeitura-de-senhor-do-bonfim-lamenta-o-falecimento-precoce-do-ex-servidor-lucas-dias","title":{"rendered":"Prefeitura de Senhor do Bonfim lamenta o falecimento precoce do ex-servidor Lucas Dias"},"content":{"rendered":"<p class=\"x_MsoNormal\">A Prefeitura de Senhor do Bonfim manifesta profundo pesar pelo falecimento precoce do ex-funcion\u00e1rio Lucas Dias, ocorrido nesta sexta-feira (16), momento de grande tristeza para familiares, amigos e colegas de trabalho.<\/p>\n<p class=\"x_MsoNormal\">Lucas integrou a equipe da Assessoria de Comunica\u00e7\u00e3o da Prefeitura de Senhor do Bonfim e deixa uma hist\u00f3ria marcada pela dedica\u00e7\u00e3o, respeito e compromisso, qualidades que permanecer\u00e3o vivas na mem\u00f3ria de todos que conviveram com ele.<\/p>\n<p class=\"x_MsoNormal\">O prefeito La\u00e9rcio J\u00fanior lamentou a perda e prestou solidariedade \u00e0 fam\u00edlia. \u201cRecebemos com muita tristeza a not\u00edcia da partida precoce de Lucas. Um jovem que contribuiu com o nosso munic\u00edpio e deixa um legado de humanidade. Que Deus conforte o cora\u00e7\u00e3o dos familiares e amigos neste momento de dor\u201d.<\/p>\n<p class=\"x_MsoNormal\">Neste momento de luto, a Prefeitura de Senhor do Bonfim se solidariza com todos os enlutados, desejando for\u00e7a, f\u00e9 e conforto diante dessa irrepar\u00e1vel perda.<\/p>\n<p class=\"x_MsoNormal\">\n<p class=\"x_MsoNormal\">Texto: Ascom PMSB<\/p>\n<p class=\"x_MsoNormal\">\n","protected":false},"excerpt":{"rendered":"<p>A Prefeitura de Senhor do Bonfim manifesta profundo pesar pelo falecimento precoce do ex-funcion\u00e1rio Lucas Dias, ocorrido nesta sexta-feira (16), momento de grande tristeza para familiares, amigos e colegas de trabalho. Lucas integrou a equipe da Assessoria de Comunica\u00e7\u00e3o da Prefeitura de Senhor do Bonfim e deixa uma hist\u00f3ria marcada pela dedica\u00e7\u00e3o, respeito e compromisso, [&hellip;]<\/p>\n","protected":false},"author":1,"featured_media":82780,"comment_status":"open","ping_status":"open","sticky":false,"template":"","format":"standard","meta":{"_uag_custom_page_level_css":"","_monsterinsights_skip_tracking":false,"_monsterinsights_sitenote_active":false,"_monsterinsights_sitenote_note":"","_monsterinsights_sitenote_category":0,"jetpack_post_was_ever_published":false,"_jetpack_newsletter_access":"","_jetpack_dont_email_post_to_subs":false,"_jetpack_newsletter_tier_id":0,"_jetpack_memberships_contains_paywalled_content":false,"_jetpack_memberships_contains_paid_content":false,"footnotes":"","jetpack_publicize_message":"","jetpack_publicize_feature_enabled":true,"jetpack_social_post_already_shared":true,"jetpack_social_options":{"image_generator_settings":{"template":"highway","default_image_id":0,"font":"","enabled":false},"version":2}},"categories":[199],"tags":[],"class_list":["post-82779","post","type-post","status-publish","format-standard","has-post-thumbnail","hentry","category-bahia"],"jetpack_publicize_connections":[],"jetpack_featured_media_url":"https:\/\/blogopara.com.br\/wp-content\/uploads\/2026\/01\/4f534774-39d8-4486-8099-63e0bcaa8eb9.jpg","uagb_featured_image_src":{"full":["https:\/\/blogopara.com.br\/wp-content\/uploads\/2026\/01\/4f534774-39d8-4486-8099-63e0bcaa8eb9.jpg",500,512,false],"thumbnail":["https:\/\/blogopara.com.br\/wp-content\/uploads\/2026\/01\/4f534774-39d8-4486-8099-63e0bcaa8eb9-150x150.jpg",150,150,true],"medium":["https:\/\/blogopara.com.br\/wp-content\/uploads\/2026\/01\/4f534774-39d8-4486-8099-63e0bcaa8eb9-293x300.jpg",293,300,true],"medium_large":["https:\/\/blogopara.com.br\/wp-content\/uploads\/2026\/01\/4f534774-39d8-4486-8099-63e0bcaa8eb9.jpg",500,512,false],"large":["https:\/\/blogopara.com.br\/wp-content\/uploads\/2026\/01\/4f534774-39d8-4486-8099-63e0bcaa8eb9.jpg",500,512,false],"1536x1536":["https:\/\/blogopara.com.br\/wp-content\/uploads\/2026\/01\/4f534774-39d8-4486-8099-63e0bcaa8eb9.jpg",500,512,false],"2048x2048":["https:\/\/blogopara.com.br\/wp-content\/uploads\/2026\/01\/4f534774-39d8-4486-8099-63e0bcaa8eb9.jpg",500,512,false],"mantranews-slider-large":["https:\/\/blogopara.com.br\/wp-content\/uploads\/2026\/01\/4f534774-39d8-4486-8099-63e0bcaa8eb9.jpg",500,512,false],"mantranews-featured-medium":["https:\/\/blogopara.com.br\/wp-content\/uploads\/2026\/01\/4f534774-39d8-4486-8099-63e0bcaa8eb9-420x307.jpg",420,307,true],"mantranews-featured-long":["https:\/\/blogopara.com.br\/wp-content\/uploads\/2026\/01\/4f534774-39d8-4486-8099-63e0bcaa8eb9-300x443.jpg",300,443,true],"mantranews-block-medium":["https:\/\/blogopara.com.br\/wp-content\/uploads\/2026\/01\/4f534774-39d8-4486-8099-63e0bcaa8eb9-464x290.jpg",464,290,true],"mantranews-carousel-image":["https:\/\/blogopara.com.br\/wp-content\/uploads\/2026\/01\/4f534774-39d8-4486-8099-63e0bcaa8eb9-500x500.jpg",500,500,true],"mantranews-block-thumb":["https:\/\/blogopara.com.br\/wp-content\/uploads\/2026\/01\/4f534774-39d8-4486-8099-63e0bcaa8eb9-322x230.jpg",322,230,true],"mantranews-single-large":["https:\/\/blogopara.com.br\/wp-content\/uploads\/2026\/01\/4f534774-39d8-4486-8099-63e0bcaa8eb9.jpg",500,512,false]},"uagb_author_info":{"display_name":"Reda\u00e7\u00e3o geral","author_link":"https:\/\/blogopara.com.br\/index.php\/author\/blogopara"},"uagb_comment_info":0,"uagb_excerpt":"A Prefeitura de Senhor do Bonfim manifesta profundo pesar pelo falecimento precoce do ex-funcion\u00e1rio Lucas Dias, ocorrido nesta sexta-feira (16), momento de grande tristeza para familiares, amigos e colegas de trabalho. Lucas integrou a equipe da Assessoria de Comunica\u00e7\u00e3o da Prefeitura de Senhor do Bonfim e deixa uma hist\u00f3ria marcada pela dedica\u00e7\u00e3o, respeito e compromisso,&hellip;","jetpack_sharing_enabled":true,"jetpack_likes_enabled":true,"_links":{"self":[{"href":"https:\/\/blogopara.com.br\/index.php\/wp-json\/wp\/v2\/posts\/82779","targetHints":{"allow":["GET"]}}],"collection":[{"href":"https:\/\/blogopara.com.br\/index.php\/wp-json\/wp\/v2\/posts"}],"about":[{"href":"https:\/\/blogopara.com.br\/index.php\/wp-json\/wp\/v2\/types\/post"}],"author":[{"embeddable":true,"href":"https:\/\/blogopara.com.br\/index.php\/wp-json\/wp\/v2\/users\/1"}],"replies":[{"embeddable":true,"href":"https:\/\/blogopara.com.br\/index.php\/wp-json\/wp\/v2\/comments?post=82779"}],"version-history":[{"count":1,"href":"https:\/\/blogopara.com.br\/index.php\/wp-json\/wp\/v2\/posts\/82779\/revisions"}],"predecessor-version":[{"id":82781,"href":"https:\/\/blogopara.com.br\/index.php\/wp-json\/wp\/v2\/posts\/82779\/revisions\/82781"}],"wp:featuredmedia":[{"embeddable":true,"href":"https:\/\/blogopara.com.br\/index.php\/wp-json\/wp\/v2\/media\/82780"}],"wp:attachment":[{"href":"https:\/\/blogopara.com.br\/index.php\/wp-json\/wp\/v2\/media?parent=82779"}],"wp:term":[{"taxonomy":"category","embeddable":true,"href":"https:\/\/blogopara.com.br\/index.php\/wp-json\/wp\/v2\/categories?post=82779"},{"taxonomy":"post_tag","embeddable":true,"href":"https:\/\/blogopara.com.br\/index.php\/wp-json\/wp\/v2\/tags?post=82779"}],"curies":[{"name":"wp","href":"https:\/\/api.w.org\/{rel}","templated":true}]}}