{"id":82889,"date":"2026-01-21T15:10:24","date_gmt":"2026-01-21T18:10:24","guid":{"rendered":"https:\/\/blogopara.com.br\/?p=82889"},"modified":"2026-01-21T15:10:24","modified_gmt":"2026-01-21T18:10:24","slug":"prefeitura-de-senhor-do-bonfim-avanca-na-implantacao-do-cerest-com-visita-tecnica-a-juazeiro","status":"publish","type":"post","link":"https:\/\/blogopara.com.br\/index.php\/2026\/01\/21\/prefeitura-de-senhor-do-bonfim-avanca-na-implantacao-do-cerest-com-visita-tecnica-a-juazeiro","title":{"rendered":"Prefeitura de Senhor do Bonfim avan\u00e7a na implanta\u00e7\u00e3o do CEREST com visita t\u00e9cnica a Juazeiro"},"content":{"rendered":"<p class=\"x_MsoNormal\">A Prefeitura de Senhor do Bonfim, por meio da Secretaria Municipal de Sa\u00fade, realizou nesta semana uma visita t\u00e9cnica ao Centro de Refer\u00eancia em Sa\u00fade do Trabalhador (CEREST) de Juazeiro, com o objetivo de subsidiar o processo de implanta\u00e7\u00e3o do CEREST no munic\u00edpio.<\/p>\n<p class=\"x_MsoNormal\">Participaram da visita o superintendente de Vigil\u00e2ncia em Sa\u00fade, Rafael Costa da Silva, e a diretora de Sa\u00fade do Trabalhador e Sa\u00fade Ambiental, Alexandra Carvalho, que foram recepcionados pela equipe t\u00e9cnica do CEREST de Juazeiro. Durante a atividade, foram discutidos pontos essenciais para a estrutura\u00e7\u00e3o do servi\u00e7o, como organiza\u00e7\u00e3o administrativa, composi\u00e7\u00e3o da equipe multiprofissional, fluxos de atendimento, a\u00e7\u00f5es de Vigil\u00e2ncia em Sa\u00fade do Trabalhador, notifica\u00e7\u00f5es de agravos relacionados ao trabalho e a articula\u00e7\u00e3o com a Rede de Aten\u00e7\u00e3o \u00e0 Sa\u00fade.<\/p>\n<p class=\"x_MsoNormal\">De acordo com o superintendente Rafael Costa da Silva, a visita foi estrat\u00e9gica para o avan\u00e7o das a\u00e7\u00f5es no munic\u00edpio. \u201cA visita t\u00e9cnica ao CEREST de Juazeiro foi extremamente positiva e estrat\u00e9gica para o fortalecimento das a\u00e7\u00f5es de Sa\u00fade do Trabalhador em Senhor do Bonfim, especialmente no processo de implanta\u00e7\u00e3o do CEREST municipal\u201d, destacou.<\/p>\n<p class=\"x_MsoNormal\"><b>A visita<\/b><\/p>\n<p class=\"x_MsoNormal\">Possibilitou a troca de experi\u00eancias e o conhecimento de boas pr\u00e1ticas, fornecendo subs\u00eddios t\u00e9cnicos e operacionais fundamentais para o planejamento e consolida\u00e7\u00e3o do servi\u00e7o em Senhor do Bonfim.<\/p>\n<p class=\"x_MsoNormal\">\n<p class=\"x_MsoNormal\">Texto: Ascom PMSB<\/p>\n","protected":false},"excerpt":{"rendered":"<p>A Prefeitura de Senhor do Bonfim, por meio da Secretaria Municipal de Sa\u00fade, realizou nesta semana uma visita t\u00e9cnica ao Centro de Refer\u00eancia em Sa\u00fade do Trabalhador (CEREST) de Juazeiro, com o objetivo de subsidiar o processo de implanta\u00e7\u00e3o do CEREST no munic\u00edpio. Participaram da visita o superintendente de Vigil\u00e2ncia em Sa\u00fade, Rafael Costa da [&hellip;]<\/p>\n","protected":false},"author":1,"featured_media":82893,"comment_status":"open","ping_status":"open","sticky":false,"template":"","format":"standard","meta":{"_uag_custom_page_level_css":"","_monsterinsights_skip_tracking":false,"_monsterinsights_sitenote_active":false,"_monsterinsights_sitenote_note":"","_monsterinsights_sitenote_category":0,"jetpack_post_was_ever_published":false,"_jetpack_newsletter_access":"","_jetpack_dont_email_post_to_subs":false,"_jetpack_newsletter_tier_id":0,"_jetpack_memberships_contains_paywalled_content":false,"_jetpack_memberships_contains_paid_content":false,"footnotes":"","jetpack_publicize_message":"","jetpack_publicize_feature_enabled":true,"jetpack_social_post_already_shared":true,"jetpack_social_options":{"image_generator_settings":{"template":"highway","default_image_id":0,"font":"","enabled":false},"version":2}},"categories":[205],"tags":[],"class_list":["post-82889","post","type-post","status-publish","format-standard","has-post-thumbnail","hentry","category-saude"],"jetpack_publicize_connections":[],"jetpack_featured_media_url":"https:\/\/blogopara.com.br\/wp-content\/uploads\/2026\/01\/1c4c8996-e7c9-4f65-b612-59d23ef6bd94.jpg","uagb_featured_image_src":{"full":["https:\/\/blogopara.com.br\/wp-content\/uploads\/2026\/01\/1c4c8996-e7c9-4f65-b612-59d23ef6bd94.jpg",500,420,false],"thumbnail":["https:\/\/blogopara.com.br\/wp-content\/uploads\/2026\/01\/1c4c8996-e7c9-4f65-b612-59d23ef6bd94-150x150.jpg",150,150,true],"medium":["https:\/\/blogopara.com.br\/wp-content\/uploads\/2026\/01\/1c4c8996-e7c9-4f65-b612-59d23ef6bd94-300x252.jpg",300,252,true],"medium_large":["https:\/\/blogopara.com.br\/wp-content\/uploads\/2026\/01\/1c4c8996-e7c9-4f65-b612-59d23ef6bd94.jpg",500,420,false],"large":["https:\/\/blogopara.com.br\/wp-content\/uploads\/2026\/01\/1c4c8996-e7c9-4f65-b612-59d23ef6bd94.jpg",500,420,false],"1536x1536":["https:\/\/blogopara.com.br\/wp-content\/uploads\/2026\/01\/1c4c8996-e7c9-4f65-b612-59d23ef6bd94.jpg",500,420,false],"2048x2048":["https:\/\/blogopara.com.br\/wp-content\/uploads\/2026\/01\/1c4c8996-e7c9-4f65-b612-59d23ef6bd94.jpg",500,420,false],"mantranews-slider-large":["https:\/\/blogopara.com.br\/wp-content\/uploads\/2026\/01\/1c4c8996-e7c9-4f65-b612-59d23ef6bd94.jpg",500,420,false],"mantranews-featured-medium":["https:\/\/blogopara.com.br\/wp-content\/uploads\/2026\/01\/1c4c8996-e7c9-4f65-b612-59d23ef6bd94-420x307.jpg",420,307,true],"mantranews-featured-long":["https:\/\/blogopara.com.br\/wp-content\/uploads\/2026\/01\/1c4c8996-e7c9-4f65-b612-59d23ef6bd94-300x420.jpg",300,420,true],"mantranews-block-medium":["https:\/\/blogopara.com.br\/wp-content\/uploads\/2026\/01\/1c4c8996-e7c9-4f65-b612-59d23ef6bd94-464x290.jpg",464,290,true],"mantranews-carousel-image":["https:\/\/blogopara.com.br\/wp-content\/uploads\/2026\/01\/1c4c8996-e7c9-4f65-b612-59d23ef6bd94.jpg",500,420,false],"mantranews-block-thumb":["https:\/\/blogopara.com.br\/wp-content\/uploads\/2026\/01\/1c4c8996-e7c9-4f65-b612-59d23ef6bd94-322x230.jpg",322,230,true],"mantranews-single-large":["https:\/\/blogopara.com.br\/wp-content\/uploads\/2026\/01\/1c4c8996-e7c9-4f65-b612-59d23ef6bd94.jpg",500,420,false]},"uagb_author_info":{"display_name":"Reda\u00e7\u00e3o geral","author_link":"https:\/\/blogopara.com.br\/index.php\/author\/blogopara"},"uagb_comment_info":0,"uagb_excerpt":"A Prefeitura de Senhor do Bonfim, por meio da Secretaria Municipal de Sa\u00fade, realizou nesta semana uma visita t\u00e9cnica ao Centro de Refer\u00eancia em Sa\u00fade do Trabalhador (CEREST) de Juazeiro, com o objetivo de subsidiar o processo de implanta\u00e7\u00e3o do CEREST no munic\u00edpio. Participaram da visita o superintendente de Vigil\u00e2ncia em Sa\u00fade, Rafael Costa da&hellip;","jetpack_sharing_enabled":true,"jetpack_likes_enabled":true,"_links":{"self":[{"href":"https:\/\/blogopara.com.br\/index.php\/wp-json\/wp\/v2\/posts\/82889","targetHints":{"allow":["GET"]}}],"collection":[{"href":"https:\/\/blogopara.com.br\/index.php\/wp-json\/wp\/v2\/posts"}],"about":[{"href":"https:\/\/blogopara.com.br\/index.php\/wp-json\/wp\/v2\/types\/post"}],"author":[{"embeddable":true,"href":"https:\/\/blogopara.com.br\/index.php\/wp-json\/wp\/v2\/users\/1"}],"replies":[{"embeddable":true,"href":"https:\/\/blogopara.com.br\/index.php\/wp-json\/wp\/v2\/comments?post=82889"}],"version-history":[{"count":1,"href":"https:\/\/blogopara.com.br\/index.php\/wp-json\/wp\/v2\/posts\/82889\/revisions"}],"predecessor-version":[{"id":82894,"href":"https:\/\/blogopara.com.br\/index.php\/wp-json\/wp\/v2\/posts\/82889\/revisions\/82894"}],"wp:featuredmedia":[{"embeddable":true,"href":"https:\/\/blogopara.com.br\/index.php\/wp-json\/wp\/v2\/media\/82893"}],"wp:attachment":[{"href":"https:\/\/blogopara.com.br\/index.php\/wp-json\/wp\/v2\/media?parent=82889"}],"wp:term":[{"taxonomy":"category","embeddable":true,"href":"https:\/\/blogopara.com.br\/index.php\/wp-json\/wp\/v2\/categories?post=82889"},{"taxonomy":"post_tag","embeddable":true,"href":"https:\/\/blogopara.com.br\/index.php\/wp-json\/wp\/v2\/tags?post=82889"}],"curies":[{"name":"wp","href":"https:\/\/api.w.org\/{rel}","templated":true}]}}