{"id":82890,"date":"2026-01-21T15:08:59","date_gmt":"2026-01-21T18:08:59","guid":{"rendered":"https:\/\/blogopara.com.br\/?p=82890"},"modified":"2026-01-21T15:27:42","modified_gmt":"2026-01-21T18:27:42","slug":"norte-americano-e-morto-a-tiros-apos-reagir-a-assalto-em-salvador-video","status":"publish","type":"post","link":"https:\/\/blogopara.com.br\/index.php\/2026\/01\/21\/norte-americano-e-morto-a-tiros-apos-reagir-a-assalto-em-salvador-video","title":{"rendered":"Norte-americano \u00e9 morto a tiros ap\u00f3s reagir a assalto em Salvador [V\u00eddeo]"},"content":{"rendered":"<div class=\"flex flex-col w-full font-normal text-[18px] leading-[30px] text-tw-theme-text-default\">\n<p id=\"paragrafo-9ajxwv7gnc\">Um norte-americano foi morto a tiros ap\u00f3s reagir a um assalto na Avenida Dom Jo\u00e3o VI, no bairro de Brotas, em Salvador, na noite de ter\u00e7a-feira (20). A v\u00edtima foi identificada como Abissa Kobenan Nketttia, de 57 anos.<\/p>\n<\/div>\n<div class=\"flex flex-col w-full font-normal text-[18px] leading-[30px] text-tw-theme-text-default\">\n<p id=\"paragrafo-e53o6ewssm\">Imagens de c\u00e2meras de seguran\u00e7a de um condom\u00ednio registraram o crime. Na grava\u00e7\u00e3o, \u00e9 poss\u00edvel ver o momento em que a v\u00edtima sai de uma padaria e \u00e9 abordada por dois homens em uma motocicleta.<\/p>\n<\/div>\n<div class=\"flex flex-col w-full font-normal text-[18px] leading-[30px] text-tw-theme-text-default\">\n<p id=\"paragrafo-dhvy55y116\">Eles entram em luta corporal, e Abissa \u00e9 baleado. Os suspeitos fugiram do local.\u00a0Pedestres e motociclistas que passavam pela via tentaram socorrer o imigrante, mas ele n\u00e3o resistiu aos ferimentos.<\/p>\n<\/div>\n<div class=\"flex flex-col w-full font-normal text-[18px] leading-[30px] text-tw-theme-text-default\">\n<p id=\"paragrafo-9wans450uv\">Militares da 26\u00aa Companhia Independente da Pol\u00edcia Militar (CIPM\/Brotas) foram acionados e o policiamento foi refor\u00e7ado na regi\u00e3o. O Departamento de Homic\u00eddios e Prote\u00e7\u00e3o \u00e0 Pessoa (DHPP) investiga o caso e realiza a\u00e7\u00f5es para identificar a autoria do crime.\u00a0Foram expedidas guias para per\u00edcia e remo\u00e7\u00e3o do corpo.<\/p>\n<\/div>\n<div class=\"flex flex-col w-full font-normal text-[18px] leading-[30px] text-tw-theme-text-default\">\n<p id=\"paragrafo-3sxy21kwpt\">Ainda n\u00e3o h\u00e1 confirma\u00e7\u00e3o se o americano estava em Salvador de passagem ou se morava na capital.<\/p>\n<div style=\"width: 640px;\" class=\"wp-video\"><!--[if lt IE 9]><script>document.createElement('video');<\/script><![endif]-->\n<video class=\"wp-video-shortcode\" id=\"video-82890-1\" width=\"640\" height=\"1138\" preload=\"metadata\" controls=\"controls\"><source type=\"video\/mp4\" src=\"https:\/\/blogopara.com.br\/wp-content\/uploads\/2026\/01\/SaveClip.App_AQOWjPJFOW6anCpsB3VcXIzgXzcbv92DZMknZSB_vFC4aAwGMsadkqD4p2NMtQI1XfJX2jnfAG6RHBLfHcwyqV4jS7W__MS9R_Kwx9I.mp4?_=1\" \/><a href=\"https:\/\/blogopara.com.br\/wp-content\/uploads\/2026\/01\/SaveClip.App_AQOWjPJFOW6anCpsB3VcXIzgXzcbv92DZMknZSB_vFC4aAwGMsadkqD4p2NMtQI1XfJX2jnfAG6RHBLfHcwyqV4jS7W__MS9R_Kwx9I.mp4\">https:\/\/blogopara.com.br\/wp-content\/uploads\/2026\/01\/SaveClip.App_AQOWjPJFOW6anCpsB3VcXIzgXzcbv92DZMknZSB_vFC4aAwGMsadkqD4p2NMtQI1XfJX2jnfAG6RHBLfHcwyqV4jS7W__MS9R_Kwx9I.mp4<\/a><\/video><\/div>\n<\/div>\n","protected":false},"excerpt":{"rendered":"<p>Um norte-americano foi morto a tiros ap\u00f3s reagir a um assalto na Avenida Dom Jo\u00e3o VI, no bairro de Brotas, em Salvador, na noite de ter\u00e7a-feira (20). A v\u00edtima foi identificada como Abissa Kobenan Nketttia, de 57 anos. Imagens de c\u00e2meras de seguran\u00e7a de um condom\u00ednio registraram o crime. Na grava\u00e7\u00e3o, \u00e9 poss\u00edvel ver o [&hellip;]<\/p>\n","protected":false},"author":1,"featured_media":82891,"comment_status":"open","ping_status":"open","sticky":false,"template":"","format":"standard","meta":{"_uag_custom_page_level_css":"","_monsterinsights_skip_tracking":false,"_monsterinsights_sitenote_active":false,"_monsterinsights_sitenote_note":"","_monsterinsights_sitenote_category":0,"jetpack_post_was_ever_published":false,"_jetpack_newsletter_access":"","_jetpack_dont_email_post_to_subs":false,"_jetpack_newsletter_tier_id":0,"_jetpack_memberships_contains_paywalled_content":false,"_jetpack_memberships_contains_paid_content":false,"footnotes":"","jetpack_publicize_message":"","jetpack_publicize_feature_enabled":true,"jetpack_social_post_already_shared":true,"jetpack_social_options":{"image_generator_settings":{"template":"highway","default_image_id":0,"font":"","enabled":false},"version":2}},"categories":[202],"tags":[],"class_list":["post-82890","post","type-post","status-publish","format-standard","has-post-thumbnail","hentry","category-policia"],"jetpack_publicize_connections":[],"jetpack_featured_media_url":"https:\/\/blogopara.com.br\/wp-content\/uploads\/2026\/01\/Capturar-36.jpg","uagb_featured_image_src":{"full":["https:\/\/blogopara.com.br\/wp-content\/uploads\/2026\/01\/Capturar-36.jpg",500,335,false],"thumbnail":["https:\/\/blogopara.com.br\/wp-content\/uploads\/2026\/01\/Capturar-36-150x150.jpg",150,150,true],"medium":["https:\/\/blogopara.com.br\/wp-content\/uploads\/2026\/01\/Capturar-36-300x201.jpg",300,201,true],"medium_large":["https:\/\/blogopara.com.br\/wp-content\/uploads\/2026\/01\/Capturar-36.jpg",500,335,false],"large":["https:\/\/blogopara.com.br\/wp-content\/uploads\/2026\/01\/Capturar-36.jpg",500,335,false],"1536x1536":["https:\/\/blogopara.com.br\/wp-content\/uploads\/2026\/01\/Capturar-36.jpg",500,335,false],"2048x2048":["https:\/\/blogopara.com.br\/wp-content\/uploads\/2026\/01\/Capturar-36.jpg",500,335,false],"mantranews-slider-large":["https:\/\/blogopara.com.br\/wp-content\/uploads\/2026\/01\/Capturar-36.jpg",500,335,false],"mantranews-featured-medium":["https:\/\/blogopara.com.br\/wp-content\/uploads\/2026\/01\/Capturar-36-420x307.jpg",420,307,true],"mantranews-featured-long":["https:\/\/blogopara.com.br\/wp-content\/uploads\/2026\/01\/Capturar-36-300x335.jpg",300,335,true],"mantranews-block-medium":["https:\/\/blogopara.com.br\/wp-content\/uploads\/2026\/01\/Capturar-36-464x290.jpg",464,290,true],"mantranews-carousel-image":["https:\/\/blogopara.com.br\/wp-content\/uploads\/2026\/01\/Capturar-36.jpg",500,335,false],"mantranews-block-thumb":["https:\/\/blogopara.com.br\/wp-content\/uploads\/2026\/01\/Capturar-36-322x230.jpg",322,230,true],"mantranews-single-large":["https:\/\/blogopara.com.br\/wp-content\/uploads\/2026\/01\/Capturar-36.jpg",500,335,false]},"uagb_author_info":{"display_name":"Reda\u00e7\u00e3o geral","author_link":"https:\/\/blogopara.com.br\/index.php\/author\/blogopara"},"uagb_comment_info":0,"uagb_excerpt":"Um norte-americano foi morto a tiros ap\u00f3s reagir a um assalto na Avenida Dom Jo\u00e3o VI, no bairro de Brotas, em Salvador, na noite de ter\u00e7a-feira (20). A v\u00edtima foi identificada como Abissa Kobenan Nketttia, de 57 anos. Imagens de c\u00e2meras de seguran\u00e7a de um condom\u00ednio registraram o crime. Na grava\u00e7\u00e3o, \u00e9 poss\u00edvel ver o&hellip;","jetpack_sharing_enabled":true,"jetpack_likes_enabled":true,"_links":{"self":[{"href":"https:\/\/blogopara.com.br\/index.php\/wp-json\/wp\/v2\/posts\/82890","targetHints":{"allow":["GET"]}}],"collection":[{"href":"https:\/\/blogopara.com.br\/index.php\/wp-json\/wp\/v2\/posts"}],"about":[{"href":"https:\/\/blogopara.com.br\/index.php\/wp-json\/wp\/v2\/types\/post"}],"author":[{"embeddable":true,"href":"https:\/\/blogopara.com.br\/index.php\/wp-json\/wp\/v2\/users\/1"}],"replies":[{"embeddable":true,"href":"https:\/\/blogopara.com.br\/index.php\/wp-json\/wp\/v2\/comments?post=82890"}],"version-history":[{"count":3,"href":"https:\/\/blogopara.com.br\/index.php\/wp-json\/wp\/v2\/posts\/82890\/revisions"}],"predecessor-version":[{"id":82898,"href":"https:\/\/blogopara.com.br\/index.php\/wp-json\/wp\/v2\/posts\/82890\/revisions\/82898"}],"wp:featuredmedia":[{"embeddable":true,"href":"https:\/\/blogopara.com.br\/index.php\/wp-json\/wp\/v2\/media\/82891"}],"wp:attachment":[{"href":"https:\/\/blogopara.com.br\/index.php\/wp-json\/wp\/v2\/media?parent=82890"}],"wp:term":[{"taxonomy":"category","embeddable":true,"href":"https:\/\/blogopara.com.br\/index.php\/wp-json\/wp\/v2\/categories?post=82890"},{"taxonomy":"post_tag","embeddable":true,"href":"https:\/\/blogopara.com.br\/index.php\/wp-json\/wp\/v2\/tags?post=82890"}],"curies":[{"name":"wp","href":"https:\/\/api.w.org\/{rel}","templated":true}]}}