{"id":82899,"date":"2026-01-21T15:30:20","date_gmt":"2026-01-21T18:30:20","guid":{"rendered":"https:\/\/blogopara.com.br\/?p=82899"},"modified":"2026-01-21T15:30:20","modified_gmt":"2026-01-21T18:30:20","slug":"instituto-eliana-sicsu-realiza-6a-edicao-do-emocionalmente-saudavel","status":"publish","type":"post","link":"https:\/\/blogopara.com.br\/index.php\/2026\/01\/21\/instituto-eliana-sicsu-realiza-6a-edicao-do-emocionalmente-saudavel","title":{"rendered":"Instituto Eliana Sics\u00fa realiza 6\u00aa edi\u00e7\u00e3o do \u201cEmocionalmente Saud\u00e1vel\u201d\u00a0"},"content":{"rendered":"<p dir=\"ltr\">Em sintonia com a campanha nacional Janeiro Branco 2026, dedicada \u00e0 conscientiza\u00e7\u00e3o sobre a import\u00e2ncia da sa\u00fade mental e emocional, o Instituto Eliana Sics\u00fa (IES) promove, no pr\u00f3ximo domingo (25), a 6\u00aa edi\u00e7\u00e3o do projeto \u201cEmocionalmente Saud\u00e1vel\u201d.<\/p>\n<p dir=\"ltr\">A a\u00e7\u00e3o acontece das 8h \u00e0s 13h, na EREM Escola Padre Manoel de Paiva Netto, localizada no bairro Jardim Amazonas, em Petrolina, com entrada gratuita e atendimentos abertos \u00e0 comunidade em geral.<\/p>\n<p dir=\"ltr\">O evento re\u00fane profissionais de diversas \u00e1reas da sa\u00fade, do cuidado emocional e das terapias integrativas, que ir\u00e3o ofertar atendimentos gratuitos, orienta\u00e7\u00f5es e viv\u00eancias voltadas ao acolhimento, \u00e0 escuta qualificada e \u00e0 promo\u00e7\u00e3o do bem-estar f\u00edsico, mental e emocional da popula\u00e7\u00e3o do Vale do S\u00e3o Francisco.<\/p>\n<p dir=\"ltr\">Nesta edi\u00e7\u00e3o, o p\u00fablico ter\u00e1 acesso a atendimentos e orienta\u00e7\u00f5es nas \u00e1reas de Psiquiatria, Psicologia, Psican\u00e1lise, Psicoterapia, Constela\u00e7\u00e3o Familiar, Psicopedagogia Cl\u00ednica, Orienta\u00e7\u00e3o Parental, Programa\u00e7\u00e3o Neurolingu\u00edstica (PNL), Terapia de Reprocessamento Generativo (TRG), Medicina Vibracional, Educa\u00e7\u00e3o Financeira, Nutri\u00e7\u00e3o, Avalia\u00e7\u00e3o Corporal com Bioimped\u00e2ncia, al\u00e9m de pr\u00e1ticas integrativas como Massoterapia, Reiki, Auriculoterapia, Biomagnetismo, Barras de Access, Ventosaterapia, Libera\u00e7\u00e3o Miofascial e Cone Chin\u00eas. A programa\u00e7\u00e3o tamb\u00e9m contempla experi\u00eancias com pintura facial, conta\u00e7\u00e3o de hist\u00f3rias e m\u00fasica.<\/p>\n<p dir=\"ltr\">O \u201cEmocionalmente Saud\u00e1vel\u201d se consolidou ao longo dos anos como um espa\u00e7o de escuta, orienta\u00e7\u00e3o e acesso democr\u00e1tico ao cuidado integral. A a\u00e7\u00e3o est\u00e1 alinhada com a campanha do Janeiro Branco.Cuidar da mente n\u00e3o \u00e9 luxo. \u00c9, acima de tudo, condi\u00e7\u00e3o b\u00e1sica para viver com qualidade.<\/p>\n<p dir=\"ltr\">O convite ao autocuidado est\u00e1 dispon\u00edvel para todas as idades. Traga sua fam\u00edlia para vivenciar essa manh\u00e3 de cuidados .<\/p>\n<p dir=\"ltr\">As informa\u00e7\u00f5es sobre o evento<\/p>\n<p dir=\"ltr\">Instagram: @institutoelianasicsu<\/p>\n","protected":false},"excerpt":{"rendered":"<p>Em sintonia com a campanha nacional Janeiro Branco 2026, dedicada \u00e0 conscientiza\u00e7\u00e3o sobre a import\u00e2ncia da sa\u00fade mental e emocional, o Instituto Eliana Sics\u00fa (IES) promove, no pr\u00f3ximo domingo (25), a 6\u00aa edi\u00e7\u00e3o do projeto \u201cEmocionalmente Saud\u00e1vel\u201d. A a\u00e7\u00e3o acontece das 8h \u00e0s 13h, na EREM Escola Padre Manoel de Paiva Netto, localizada no bairro [&hellip;]<\/p>\n","protected":false},"author":1,"featured_media":82900,"comment_status":"open","ping_status":"open","sticky":false,"template":"","format":"standard","meta":{"_uag_custom_page_level_css":"","_monsterinsights_skip_tracking":false,"_monsterinsights_sitenote_active":false,"_monsterinsights_sitenote_note":"","_monsterinsights_sitenote_category":0,"jetpack_post_was_ever_published":false,"_jetpack_newsletter_access":"","_jetpack_dont_email_post_to_subs":false,"_jetpack_newsletter_tier_id":0,"_jetpack_memberships_contains_paywalled_content":false,"_jetpack_memberships_contains_paid_content":false,"footnotes":"","jetpack_publicize_message":"","jetpack_publicize_feature_enabled":true,"jetpack_social_post_already_shared":true,"jetpack_social_options":{"image_generator_settings":{"template":"highway","default_image_id":0,"font":"","enabled":false},"version":2}},"categories":[205],"tags":[],"class_list":["post-82899","post","type-post","status-publish","format-standard","has-post-thumbnail","hentry","category-saude"],"jetpack_publicize_connections":[],"jetpack_featured_media_url":"https:\/\/blogopara.com.br\/wp-content\/uploads\/2026\/01\/304ea03d-caad-4a61-bf9c-ef969b535001.jpg","uagb_featured_image_src":{"full":["https:\/\/blogopara.com.br\/wp-content\/uploads\/2026\/01\/304ea03d-caad-4a61-bf9c-ef969b535001.jpg",502,471,false],"thumbnail":["https:\/\/blogopara.com.br\/wp-content\/uploads\/2026\/01\/304ea03d-caad-4a61-bf9c-ef969b535001-150x150.jpg",150,150,true],"medium":["https:\/\/blogopara.com.br\/wp-content\/uploads\/2026\/01\/304ea03d-caad-4a61-bf9c-ef969b535001-300x281.jpg",300,281,true],"medium_large":["https:\/\/blogopara.com.br\/wp-content\/uploads\/2026\/01\/304ea03d-caad-4a61-bf9c-ef969b535001.jpg",502,471,false],"large":["https:\/\/blogopara.com.br\/wp-content\/uploads\/2026\/01\/304ea03d-caad-4a61-bf9c-ef969b535001.jpg",502,471,false],"1536x1536":["https:\/\/blogopara.com.br\/wp-content\/uploads\/2026\/01\/304ea03d-caad-4a61-bf9c-ef969b535001.jpg",502,471,false],"2048x2048":["https:\/\/blogopara.com.br\/wp-content\/uploads\/2026\/01\/304ea03d-caad-4a61-bf9c-ef969b535001.jpg",502,471,false],"mantranews-slider-large":["https:\/\/blogopara.com.br\/wp-content\/uploads\/2026\/01\/304ea03d-caad-4a61-bf9c-ef969b535001.jpg",502,471,false],"mantranews-featured-medium":["https:\/\/blogopara.com.br\/wp-content\/uploads\/2026\/01\/304ea03d-caad-4a61-bf9c-ef969b535001-420x307.jpg",420,307,true],"mantranews-featured-long":["https:\/\/blogopara.com.br\/wp-content\/uploads\/2026\/01\/304ea03d-caad-4a61-bf9c-ef969b535001-300x443.jpg",300,443,true],"mantranews-block-medium":["https:\/\/blogopara.com.br\/wp-content\/uploads\/2026\/01\/304ea03d-caad-4a61-bf9c-ef969b535001-464x290.jpg",464,290,true],"mantranews-carousel-image":["https:\/\/blogopara.com.br\/wp-content\/uploads\/2026\/01\/304ea03d-caad-4a61-bf9c-ef969b535001.jpg",502,471,false],"mantranews-block-thumb":["https:\/\/blogopara.com.br\/wp-content\/uploads\/2026\/01\/304ea03d-caad-4a61-bf9c-ef969b535001-322x230.jpg",322,230,true],"mantranews-single-large":["https:\/\/blogopara.com.br\/wp-content\/uploads\/2026\/01\/304ea03d-caad-4a61-bf9c-ef969b535001.jpg",502,471,false]},"uagb_author_info":{"display_name":"Reda\u00e7\u00e3o geral","author_link":"https:\/\/blogopara.com.br\/index.php\/author\/blogopara"},"uagb_comment_info":0,"uagb_excerpt":"Em sintonia com a campanha nacional Janeiro Branco 2026, dedicada \u00e0 conscientiza\u00e7\u00e3o sobre a import\u00e2ncia da sa\u00fade mental e emocional, o Instituto Eliana Sics\u00fa (IES) promove, no pr\u00f3ximo domingo (25), a 6\u00aa edi\u00e7\u00e3o do projeto \u201cEmocionalmente Saud\u00e1vel\u201d. A a\u00e7\u00e3o acontece das 8h \u00e0s 13h, na EREM Escola Padre Manoel de Paiva Netto, localizada no bairro&hellip;","jetpack_sharing_enabled":true,"jetpack_likes_enabled":true,"_links":{"self":[{"href":"https:\/\/blogopara.com.br\/index.php\/wp-json\/wp\/v2\/posts\/82899","targetHints":{"allow":["GET"]}}],"collection":[{"href":"https:\/\/blogopara.com.br\/index.php\/wp-json\/wp\/v2\/posts"}],"about":[{"href":"https:\/\/blogopara.com.br\/index.php\/wp-json\/wp\/v2\/types\/post"}],"author":[{"embeddable":true,"href":"https:\/\/blogopara.com.br\/index.php\/wp-json\/wp\/v2\/users\/1"}],"replies":[{"embeddable":true,"href":"https:\/\/blogopara.com.br\/index.php\/wp-json\/wp\/v2\/comments?post=82899"}],"version-history":[{"count":1,"href":"https:\/\/blogopara.com.br\/index.php\/wp-json\/wp\/v2\/posts\/82899\/revisions"}],"predecessor-version":[{"id":82901,"href":"https:\/\/blogopara.com.br\/index.php\/wp-json\/wp\/v2\/posts\/82899\/revisions\/82901"}],"wp:featuredmedia":[{"embeddable":true,"href":"https:\/\/blogopara.com.br\/index.php\/wp-json\/wp\/v2\/media\/82900"}],"wp:attachment":[{"href":"https:\/\/blogopara.com.br\/index.php\/wp-json\/wp\/v2\/media?parent=82899"}],"wp:term":[{"taxonomy":"category","embeddable":true,"href":"https:\/\/blogopara.com.br\/index.php\/wp-json\/wp\/v2\/categories?post=82899"},{"taxonomy":"post_tag","embeddable":true,"href":"https:\/\/blogopara.com.br\/index.php\/wp-json\/wp\/v2\/tags?post=82899"}],"curies":[{"name":"wp","href":"https:\/\/api.w.org\/{rel}","templated":true}]}}