{"id":82927,"date":"2026-01-24T13:36:11","date_gmt":"2026-01-24T16:36:11","guid":{"rendered":"https:\/\/blogopara.com.br\/?p=82927"},"modified":"2026-01-24T13:36:11","modified_gmt":"2026-01-24T16:36:11","slug":"adolescente-e-internado-em-estado-grave-e-intubado-apos-briga-por-chiclete","status":"publish","type":"post","link":"https:\/\/blogopara.com.br\/index.php\/2026\/01\/24\/adolescente-e-internado-em-estado-grave-e-intubado-apos-briga-por-chiclete","title":{"rendered":"Adolescente \u00e9 internado em estado grave e intubado ap\u00f3s briga por chiclete"},"content":{"rendered":"<div class=\"flex flex-col w-full font-normal text-[18px] leading-[30px] text-tw-theme-text-default\">\n<p id=\"paragrafo-upieqstd42\">Um adolescente de 16 anos foi internado em estado grave ap\u00f3s ser agredido por um piloto da F\u00f3rmula Delta. Os dois jovens discutiram por causa de um chiclete, na cidade de Vicente Pires, no Distrito Federal. O caso foi registrado na madrugada desta sexta-feira (23).<\/p>\n<\/div>\n<div class=\"flex flex-col w-full font-normal text-[18px] leading-[30px] text-tw-theme-text-default\">\n<p id=\"paragrafo-z27gl3ir7j\">O jovem sofreu traumatismo craniano grave e precisou ser submetido a um procedimento de intuba\u00e7\u00e3o no Hospital Bras\u00edlia. Segundo informa\u00e7\u00f5es do portal g1, a v\u00edtima corre risco de vida.<\/p>\n<\/div>\n<div class=\"flex flex-col w-full font-normal text-[18px] leading-[30px] text-tw-theme-text-default\">\n<p id=\"paragrafo-ip52pqijbi\">A confus\u00e3o entre os dois teve in\u00edcio, de acordo com relatos de testemunhas, ap\u00f3s o agressor ter jogado um chiclete em um amigo da v\u00edtima. O adolescente teria respondido que n\u00e3o deixaria a situa\u00e7\u00e3o passar caso tivesse ocorrido com ele, o que irritou o suspeito. A briga f\u00edsica chegou a ser gravada por uma pessoa que n\u00e3o teve a identidade divulgada, mas que poder\u00e1 responder por omiss\u00e3o de socorro.<\/p>\n<\/div>\n<div class=\"flex flex-col w-full font-normal text-[18px] leading-[30px] text-tw-theme-text-default\">\n<p id=\"paragrafo-yh3wk16ksh\">O suspeito de agredir o adolescente \u00e9 o piloto Pedro Arthur Turra Basso, de 19 anos. Ele foi preso em flagrante e pode responder por tentativa de homic\u00eddio e les\u00e3o corporal grav\u00edssima.\u00a0Em nota enviada ao portal g1, a defesa do suspeito afirmou que se solidariza com a fam\u00edlia da v\u00edtima, classificou a briga como um \u201cdesentendimento banal\u201d e alegou que o suspeito n\u00e3o teve inten\u00e7\u00e3o de levar o adolescente a ser hospitalizado. Veja na \u00edntegra:<\/p>\n<\/div>\n<div class=\"flex flex-col w-full font-normal text-[18px] leading-[30px] text-tw-theme-text-default\">\n<p id=\"paragrafo-9bxztrbquv\"><i>&#8220;A fam\u00edlia do Pedro Turra se solidariza com a fam\u00edlia da v\u00edtima, colocando-se \u00e0 disposi\u00e7\u00e3o naquilo que for poss\u00edvel, destacando seu descontentamento com toda a situa\u00e7\u00e3o e fazendo votos que a v\u00edtima possa estar restabelecida o mais breve poss\u00edvel e voltar as suas atividades normais.<\/i><\/p>\n<\/div>\n<div class=\"flex flex-col w-full font-normal text-[18px] leading-[30px] text-tw-theme-text-default\">\n<p id=\"paragrafo-zmoi9tzv4a\"><i>Quanto ao epis\u00f3dio, o que se tem a ressaltar \u00e9 que tratou-se t\u00e3o somente de um desentendimento banal, at\u00e9 certo ponto natural, mas que se agravou chegando as partes \u00e0s vias de fato e infelizmente ocorrendo o desfecho que n\u00e3o era inten\u00e7\u00e3o do Pedro, o qual, ali\u00e1s, perante a autoridade policial manifestou seu arrependimento.&#8221;<\/i><\/p>\n<\/div>\n<div class=\"flex flex-col w-full font-normal text-[18px] leading-[30px] text-tw-theme-text-default\">\n<p id=\"paragrafo-y7fhi18e65\">O caso \u00e9 investigado pela 38\u00aa Delegacia de Pol\u00edcia de Vicente Pires.<\/p>\n<div style=\"width: 640px;\" class=\"wp-video\"><!--[if lt IE 9]><script>document.createElement('video');<\/script><![endif]-->\n<video class=\"wp-video-shortcode\" id=\"video-82927-1\" width=\"640\" height=\"1138\" preload=\"metadata\" controls=\"controls\"><source type=\"video\/mp4\" src=\"https:\/\/blogopara.com.br\/wp-content\/uploads\/2026\/01\/SaveClip.App_AQMKLFDTxxzFE_UU2DGp64Kg9-cSIGlOnLkTmmdf0IYFE00Qwm5qGrfD65nbK8ttKEYqJckcldeqLfl14kQ0EUb1.mp4?_=1\" \/><a href=\"https:\/\/blogopara.com.br\/wp-content\/uploads\/2026\/01\/SaveClip.App_AQMKLFDTxxzFE_UU2DGp64Kg9-cSIGlOnLkTmmdf0IYFE00Qwm5qGrfD65nbK8ttKEYqJckcldeqLfl14kQ0EUb1.mp4\">https:\/\/blogopara.com.br\/wp-content\/uploads\/2026\/01\/SaveClip.App_AQMKLFDTxxzFE_UU2DGp64Kg9-cSIGlOnLkTmmdf0IYFE00Qwm5qGrfD65nbK8ttKEYqJckcldeqLfl14kQ0EUb1.mp4<\/a><\/video><\/div>\n<\/div>\n","protected":false},"excerpt":{"rendered":"<p>Um adolescente de 16 anos foi internado em estado grave ap\u00f3s ser agredido por um piloto da F\u00f3rmula Delta. Os dois jovens discutiram por causa de um chiclete, na cidade de Vicente Pires, no Distrito Federal. O caso foi registrado na madrugada desta sexta-feira (23). O jovem sofreu traumatismo craniano grave e precisou ser submetido [&hellip;]<\/p>\n","protected":false},"author":1,"featured_media":82928,"comment_status":"open","ping_status":"open","sticky":false,"template":"","format":"standard","meta":{"_uag_custom_page_level_css":"","_monsterinsights_skip_tracking":false,"_monsterinsights_sitenote_active":false,"_monsterinsights_sitenote_note":"","_monsterinsights_sitenote_category":0,"jetpack_post_was_ever_published":false,"_jetpack_newsletter_access":"","_jetpack_dont_email_post_to_subs":false,"_jetpack_newsletter_tier_id":0,"_jetpack_memberships_contains_paywalled_content":false,"_jetpack_memberships_contains_paid_content":false,"footnotes":"","jetpack_publicize_message":"","jetpack_publicize_feature_enabled":true,"jetpack_social_post_already_shared":true,"jetpack_social_options":{"image_generator_settings":{"template":"highway","default_image_id":0,"font":"","enabled":false},"version":2}},"categories":[200],"tags":[],"class_list":["post-82927","post","type-post","status-publish","format-standard","has-post-thumbnail","hentry","category-brasil"],"jetpack_publicize_connections":[],"jetpack_featured_media_url":"https:\/\/blogopara.com.br\/wp-content\/uploads\/2026\/01\/Capturar-37.jpg","uagb_featured_image_src":{"full":["https:\/\/blogopara.com.br\/wp-content\/uploads\/2026\/01\/Capturar-37.jpg",500,333,false],"thumbnail":["https:\/\/blogopara.com.br\/wp-content\/uploads\/2026\/01\/Capturar-37-150x150.jpg",150,150,true],"medium":["https:\/\/blogopara.com.br\/wp-content\/uploads\/2026\/01\/Capturar-37-300x200.jpg",300,200,true],"medium_large":["https:\/\/blogopara.com.br\/wp-content\/uploads\/2026\/01\/Capturar-37.jpg",500,333,false],"large":["https:\/\/blogopara.com.br\/wp-content\/uploads\/2026\/01\/Capturar-37.jpg",500,333,false],"1536x1536":["https:\/\/blogopara.com.br\/wp-content\/uploads\/2026\/01\/Capturar-37.jpg",500,333,false],"2048x2048":["https:\/\/blogopara.com.br\/wp-content\/uploads\/2026\/01\/Capturar-37.jpg",500,333,false],"mantranews-slider-large":["https:\/\/blogopara.com.br\/wp-content\/uploads\/2026\/01\/Capturar-37.jpg",500,333,false],"mantranews-featured-medium":["https:\/\/blogopara.com.br\/wp-content\/uploads\/2026\/01\/Capturar-37-420x307.jpg",420,307,true],"mantranews-featured-long":["https:\/\/blogopara.com.br\/wp-content\/uploads\/2026\/01\/Capturar-37-300x333.jpg",300,333,true],"mantranews-block-medium":["https:\/\/blogopara.com.br\/wp-content\/uploads\/2026\/01\/Capturar-37-464x290.jpg",464,290,true],"mantranews-carousel-image":["https:\/\/blogopara.com.br\/wp-content\/uploads\/2026\/01\/Capturar-37.jpg",500,333,false],"mantranews-block-thumb":["https:\/\/blogopara.com.br\/wp-content\/uploads\/2026\/01\/Capturar-37-322x230.jpg",322,230,true],"mantranews-single-large":["https:\/\/blogopara.com.br\/wp-content\/uploads\/2026\/01\/Capturar-37.jpg",500,333,false]},"uagb_author_info":{"display_name":"Reda\u00e7\u00e3o geral","author_link":"https:\/\/blogopara.com.br\/index.php\/author\/blogopara"},"uagb_comment_info":0,"uagb_excerpt":"Um adolescente de 16 anos foi internado em estado grave ap\u00f3s ser agredido por um piloto da F\u00f3rmula Delta. Os dois jovens discutiram por causa de um chiclete, na cidade de Vicente Pires, no Distrito Federal. O caso foi registrado na madrugada desta sexta-feira (23). O jovem sofreu traumatismo craniano grave e precisou ser submetido&hellip;","jetpack_sharing_enabled":true,"jetpack_likes_enabled":true,"_links":{"self":[{"href":"https:\/\/blogopara.com.br\/index.php\/wp-json\/wp\/v2\/posts\/82927","targetHints":{"allow":["GET"]}}],"collection":[{"href":"https:\/\/blogopara.com.br\/index.php\/wp-json\/wp\/v2\/posts"}],"about":[{"href":"https:\/\/blogopara.com.br\/index.php\/wp-json\/wp\/v2\/types\/post"}],"author":[{"embeddable":true,"href":"https:\/\/blogopara.com.br\/index.php\/wp-json\/wp\/v2\/users\/1"}],"replies":[{"embeddable":true,"href":"https:\/\/blogopara.com.br\/index.php\/wp-json\/wp\/v2\/comments?post=82927"}],"version-history":[{"count":1,"href":"https:\/\/blogopara.com.br\/index.php\/wp-json\/wp\/v2\/posts\/82927\/revisions"}],"predecessor-version":[{"id":82930,"href":"https:\/\/blogopara.com.br\/index.php\/wp-json\/wp\/v2\/posts\/82927\/revisions\/82930"}],"wp:featuredmedia":[{"embeddable":true,"href":"https:\/\/blogopara.com.br\/index.php\/wp-json\/wp\/v2\/media\/82928"}],"wp:attachment":[{"href":"https:\/\/blogopara.com.br\/index.php\/wp-json\/wp\/v2\/media?parent=82927"}],"wp:term":[{"taxonomy":"category","embeddable":true,"href":"https:\/\/blogopara.com.br\/index.php\/wp-json\/wp\/v2\/categories?post=82927"},{"taxonomy":"post_tag","embeddable":true,"href":"https:\/\/blogopara.com.br\/index.php\/wp-json\/wp\/v2\/tags?post=82927"}],"curies":[{"name":"wp","href":"https:\/\/api.w.org\/{rel}","templated":true}]}}