{"id":82931,"date":"2026-01-24T13:38:14","date_gmt":"2026-01-24T16:38:14","guid":{"rendered":"https:\/\/blogopara.com.br\/?p=82931"},"modified":"2026-01-24T13:38:14","modified_gmt":"2026-01-24T16:38:14","slug":"batida-entre-onibus-e-caminhao-mata-duas-pessoas-e-deixa-22-feridos-na-bahia","status":"publish","type":"post","link":"https:\/\/blogopara.com.br\/index.php\/2026\/01\/24\/batida-entre-onibus-e-caminhao-mata-duas-pessoas-e-deixa-22-feridos-na-bahia","title":{"rendered":"Batida entre \u00f4nibus e caminh\u00e3o mata duas pessoas e deixa 22 feridos na Bahia"},"content":{"rendered":"<div class=\"flex flex-col w-full font-normal text-[18px] leading-[30px] text-tw-theme-text-default\">\n<p id=\"paragrafo-wdqejoqwo0\">Um acidente envolvendo um \u00f4nibus e um caminh\u00e3o deixou duas pessoas mortas e outras 22 feridas no final da tarde de sexta-feira (23), em um trecho da BR-142, no sudoeste da Bahia. A batida ocorreu entre as cidades de Barra da Estiva e Itua\u00e7u.<\/p>\n<\/div>\n<div class=\"flex flex-col w-full font-normal text-[18px] leading-[30px] text-tw-theme-text-default\">\n<p id=\"paragrafo-ympn6yvanj\">De acordo com a TV Sudoeste, afiliada da TV Bahia na regi\u00e3o, o \u00f4nibus tombou e o caminh\u00e3o caiu em uma ribanceira. Duas pessoas, que n\u00e3o tiveram nomes divulgados, morreram durante a batida. Os corpos j\u00e1 foram encaminhados ao Departamento de Pol\u00edcia T\u00e9cnica (DPT).<\/p>\n<\/div>\n<div class=\"flex flex-col w-full font-normal text-[18px] leading-[30px] text-tw-theme-text-default\">\n<p id=\"paragrafo-6fklma1f0r\">Em nota oficial, a Prefeitura Municipal de Barra da Estiva se solidarizou com os familiares das v\u00edtimas envolvidas no acidente.<\/p>\n<\/div>\n<div class=\"flex flex-col w-full font-normal text-[18px] leading-[30px] text-tw-theme-text-default\">\n<p id=\"paragrafo-1s40o41mib\">&#8220;Neste momento, a gest\u00e3o municipal informa que est\u00e1 prestando toda a assist\u00eancia necess\u00e1ria \u00e0s v\u00edtimas e aos seus familiares, por meio da Secretaria Municipal de Sa\u00fade&#8221;, diz trecho.<\/p>\n<\/div>\n<div class=\"flex flex-col w-full font-normal text-[18px] leading-[30px] text-tw-theme-text-default\">\n<p id=\"paragrafo-hlb4bu7ort\">O coletivo transportava 46 pessoas. Algumas v\u00edtimas ficaram presas \u00e0s ferragens e foram socorridas pelo Corpo de Bombeiros Militar da Bahia (CBM-BA).<\/p>\n<\/div>\n<div class=\"flex flex-col w-full font-normal text-[18px] leading-[30px] text-tw-theme-text-default\">\n<p id=\"paragrafo-6sjf2sj98o\">O acidente ser\u00e1 investigado pela Pol\u00edcia Civil.<\/p>\n<\/div>\n","protected":false},"excerpt":{"rendered":"<p>Um acidente envolvendo um \u00f4nibus e um caminh\u00e3o deixou duas pessoas mortas e outras 22 feridas no final da tarde de sexta-feira (23), em um trecho da BR-142, no sudoeste da Bahia. A batida ocorreu entre as cidades de Barra da Estiva e Itua\u00e7u. De acordo com a TV Sudoeste, afiliada da TV Bahia na [&hellip;]<\/p>\n","protected":false},"author":1,"featured_media":82932,"comment_status":"open","ping_status":"open","sticky":false,"template":"","format":"standard","meta":{"_uag_custom_page_level_css":"","_monsterinsights_skip_tracking":false,"_monsterinsights_sitenote_active":false,"_monsterinsights_sitenote_note":"","_monsterinsights_sitenote_category":0,"jetpack_post_was_ever_published":false,"_jetpack_newsletter_access":"","_jetpack_dont_email_post_to_subs":false,"_jetpack_newsletter_tier_id":0,"_jetpack_memberships_contains_paywalled_content":false,"_jetpack_memberships_contains_paid_content":false,"footnotes":"","jetpack_publicize_message":"","jetpack_publicize_feature_enabled":true,"jetpack_social_post_already_shared":true,"jetpack_social_options":{"image_generator_settings":{"template":"highway","default_image_id":0,"font":"","enabled":false},"version":2}},"categories":[200],"tags":[],"class_list":["post-82931","post","type-post","status-publish","format-standard","has-post-thumbnail","hentry","category-brasil"],"jetpack_publicize_connections":[],"jetpack_featured_media_url":"https:\/\/blogopara.com.br\/wp-content\/uploads\/2026\/01\/Capturar-38.jpg","uagb_featured_image_src":{"full":["https:\/\/blogopara.com.br\/wp-content\/uploads\/2026\/01\/Capturar-38.jpg",500,281,false],"thumbnail":["https:\/\/blogopara.com.br\/wp-content\/uploads\/2026\/01\/Capturar-38-150x150.jpg",150,150,true],"medium":["https:\/\/blogopara.com.br\/wp-content\/uploads\/2026\/01\/Capturar-38-300x169.jpg",300,169,true],"medium_large":["https:\/\/blogopara.com.br\/wp-content\/uploads\/2026\/01\/Capturar-38.jpg",500,281,false],"large":["https:\/\/blogopara.com.br\/wp-content\/uploads\/2026\/01\/Capturar-38.jpg",500,281,false],"1536x1536":["https:\/\/blogopara.com.br\/wp-content\/uploads\/2026\/01\/Capturar-38.jpg",500,281,false],"2048x2048":["https:\/\/blogopara.com.br\/wp-content\/uploads\/2026\/01\/Capturar-38.jpg",500,281,false],"mantranews-slider-large":["https:\/\/blogopara.com.br\/wp-content\/uploads\/2026\/01\/Capturar-38.jpg",500,281,false],"mantranews-featured-medium":["https:\/\/blogopara.com.br\/wp-content\/uploads\/2026\/01\/Capturar-38-420x281.jpg",420,281,true],"mantranews-featured-long":["https:\/\/blogopara.com.br\/wp-content\/uploads\/2026\/01\/Capturar-38-300x281.jpg",300,281,true],"mantranews-block-medium":["https:\/\/blogopara.com.br\/wp-content\/uploads\/2026\/01\/Capturar-38-464x281.jpg",464,281,true],"mantranews-carousel-image":["https:\/\/blogopara.com.br\/wp-content\/uploads\/2026\/01\/Capturar-38.jpg",500,281,false],"mantranews-block-thumb":["https:\/\/blogopara.com.br\/wp-content\/uploads\/2026\/01\/Capturar-38-322x230.jpg",322,230,true],"mantranews-single-large":["https:\/\/blogopara.com.br\/wp-content\/uploads\/2026\/01\/Capturar-38.jpg",500,281,false]},"uagb_author_info":{"display_name":"Reda\u00e7\u00e3o geral","author_link":"https:\/\/blogopara.com.br\/index.php\/author\/blogopara"},"uagb_comment_info":0,"uagb_excerpt":"Um acidente envolvendo um \u00f4nibus e um caminh\u00e3o deixou duas pessoas mortas e outras 22 feridas no final da tarde de sexta-feira (23), em um trecho da BR-142, no sudoeste da Bahia. A batida ocorreu entre as cidades de Barra da Estiva e Itua\u00e7u. De acordo com a TV Sudoeste, afiliada da TV Bahia na&hellip;","jetpack_sharing_enabled":true,"jetpack_likes_enabled":true,"_links":{"self":[{"href":"https:\/\/blogopara.com.br\/index.php\/wp-json\/wp\/v2\/posts\/82931","targetHints":{"allow":["GET"]}}],"collection":[{"href":"https:\/\/blogopara.com.br\/index.php\/wp-json\/wp\/v2\/posts"}],"about":[{"href":"https:\/\/blogopara.com.br\/index.php\/wp-json\/wp\/v2\/types\/post"}],"author":[{"embeddable":true,"href":"https:\/\/blogopara.com.br\/index.php\/wp-json\/wp\/v2\/users\/1"}],"replies":[{"embeddable":true,"href":"https:\/\/blogopara.com.br\/index.php\/wp-json\/wp\/v2\/comments?post=82931"}],"version-history":[{"count":2,"href":"https:\/\/blogopara.com.br\/index.php\/wp-json\/wp\/v2\/posts\/82931\/revisions"}],"predecessor-version":[{"id":82934,"href":"https:\/\/blogopara.com.br\/index.php\/wp-json\/wp\/v2\/posts\/82931\/revisions\/82934"}],"wp:featuredmedia":[{"embeddable":true,"href":"https:\/\/blogopara.com.br\/index.php\/wp-json\/wp\/v2\/media\/82932"}],"wp:attachment":[{"href":"https:\/\/blogopara.com.br\/index.php\/wp-json\/wp\/v2\/media?parent=82931"}],"wp:term":[{"taxonomy":"category","embeddable":true,"href":"https:\/\/blogopara.com.br\/index.php\/wp-json\/wp\/v2\/categories?post=82931"},{"taxonomy":"post_tag","embeddable":true,"href":"https:\/\/blogopara.com.br\/index.php\/wp-json\/wp\/v2\/tags?post=82931"}],"curies":[{"name":"wp","href":"https:\/\/api.w.org\/{rel}","templated":true}]}}