{"id":82938,"date":"2026-01-24T13:53:28","date_gmt":"2026-01-24T16:53:28","guid":{"rendered":"https:\/\/blogopara.com.br\/?p=82938"},"modified":"2026-01-24T13:53:28","modified_gmt":"2026-01-24T16:53:28","slug":"comercio-de-juazeiro-abrira-no-feriado-do-carnaval-antecipado-apos-decisao-conjunta-de-entidades","status":"publish","type":"post","link":"https:\/\/blogopara.com.br\/index.php\/2026\/01\/24\/comercio-de-juazeiro-abrira-no-feriado-do-carnaval-antecipado-apos-decisao-conjunta-de-entidades","title":{"rendered":"Com\u00e9rcio de Juazeiro abrir\u00e1 no feriado do Carnaval antecipado ap\u00f3s decis\u00e3o conjunta de entidades"},"content":{"rendered":"<p dir=\"ltr\">Representantes do setor do com\u00e9rcio de Juazeiro decidiram, em acordo com a Prefeitura de Juazeiro, pela abertura das lojas no feriado do Carnaval antecipado, celebrado no dia\u00a030 de janeiro. A reuni\u00e3o que discutiu o tema\u00a0 ocorreu na sede do\u00a0Sindilojas Juazeiro\u00a0e contou com a participa\u00e7\u00e3o do\u00a0Sindicato dos Comerci\u00e1rios,\u00a0CDL,\u00a0ACIAJ.<\/p>\n<p dir=\"ltr\">Durante a reuni\u00e3o, ficou definido que o com\u00e9rcio funcionar\u00e1\u00a0das 9h \u00e0s 15h\u00a0no feriado municipal, garantindo organiza\u00e7\u00e3o, previsibilidade e equil\u00edbrio entre as atividades econ\u00f4micas e os direitos trabalhistas.\u00a0 Os representantes tamb\u00e9m decidiram\u00a0 modificar o funcionamento do com\u00e9rcio na\u00a0 segunda-feira, 02 de fevereiro, as lojas\u00a0 s\u00f3 abrir\u00e3o\u00a0 depois do meio dia para<\/p>\n<p dir=\"ltr\">garantir mais descanso para os comerci\u00e1rios.O Sindilojas Juazeiro e o Sindicato dos Comerci\u00e1rios j\u00e1 haviam firmado anteriormente um\u00a0acordo de permuta\u00a0envolvendo o feriado nacional de\u00a015 de novembro\u00a0passado e o Carnaval antecipado de Juazeiro, com a transfer\u00eancia das folgas para os dias\u00a016 e 17 de fevereiro, correspondentes ao Carnaval oficial. A medida foi constru\u00edda de forma dialogada e respons\u00e1vel, respeitando a legisla\u00e7\u00e3o e as conven\u00e7\u00f5es coletivas vigentes.<\/p>\n<p dir=\"ltr\">Segundo as entidades, a decis\u00e3o tamb\u00e9m levou em conta a necessidade de harmonizar o funcionamento do com\u00e9rcio entre Juazeiro e Petrolina. A iniciativa busca evitar o esvaziamento do com\u00e9rcio local, situa\u00e7\u00e3o recorrente quando apenas uma das cidades mant\u00e9m suas atividades comerciais em funcionamento.<\/p>\n<p>&nbsp;<\/p>\n<p dir=\"ltr\">Rinaldo Lima<br \/>\nAssessor de Comunica\u00e7\u00e3o<br \/>\nSindilojas Juazeiro<br \/>\nContato: (74) 98802-6461<\/p>\n","protected":false},"excerpt":{"rendered":"<p>Representantes do setor do com\u00e9rcio de Juazeiro decidiram, em acordo com a Prefeitura de Juazeiro, pela abertura das lojas no feriado do Carnaval antecipado, celebrado no dia\u00a030 de janeiro. A reuni\u00e3o que discutiu o tema\u00a0 ocorreu na sede do\u00a0Sindilojas Juazeiro\u00a0e contou com a participa\u00e7\u00e3o do\u00a0Sindicato dos Comerci\u00e1rios,\u00a0CDL,\u00a0ACIAJ. Durante a reuni\u00e3o, ficou definido que o com\u00e9rcio [&hellip;]<\/p>\n","protected":false},"author":1,"featured_media":82941,"comment_status":"open","ping_status":"open","sticky":false,"template":"","format":"standard","meta":{"_uag_custom_page_level_css":"","_monsterinsights_skip_tracking":false,"_monsterinsights_sitenote_active":false,"_monsterinsights_sitenote_note":"","_monsterinsights_sitenote_category":0,"jetpack_post_was_ever_published":false,"_jetpack_newsletter_access":"","_jetpack_dont_email_post_to_subs":false,"_jetpack_newsletter_tier_id":0,"_jetpack_memberships_contains_paywalled_content":false,"_jetpack_memberships_contains_paid_content":false,"footnotes":"","jetpack_publicize_message":"","jetpack_publicize_feature_enabled":true,"jetpack_social_post_already_shared":true,"jetpack_social_options":{"image_generator_settings":{"template":"highway","default_image_id":0,"font":"","enabled":false},"version":2}},"categories":[203],"tags":[232],"class_list":["post-82938","post","type-post","status-publish","format-standard","has-post-thumbnail","hentry","category-juazeiro","tag-carlos-neiva"],"jetpack_publicize_connections":[],"jetpack_featured_media_url":"https:\/\/blogopara.com.br\/wp-content\/uploads\/2026\/01\/06338a1b-7d07-417b-b5e9-d710e7cb624f.jpg","uagb_featured_image_src":{"full":["https:\/\/blogopara.com.br\/wp-content\/uploads\/2026\/01\/06338a1b-7d07-417b-b5e9-d710e7cb624f.jpg",500,342,false],"thumbnail":["https:\/\/blogopara.com.br\/wp-content\/uploads\/2026\/01\/06338a1b-7d07-417b-b5e9-d710e7cb624f-150x150.jpg",150,150,true],"medium":["https:\/\/blogopara.com.br\/wp-content\/uploads\/2026\/01\/06338a1b-7d07-417b-b5e9-d710e7cb624f-300x205.jpg",300,205,true],"medium_large":["https:\/\/blogopara.com.br\/wp-content\/uploads\/2026\/01\/06338a1b-7d07-417b-b5e9-d710e7cb624f.jpg",500,342,false],"large":["https:\/\/blogopara.com.br\/wp-content\/uploads\/2026\/01\/06338a1b-7d07-417b-b5e9-d710e7cb624f.jpg",500,342,false],"1536x1536":["https:\/\/blogopara.com.br\/wp-content\/uploads\/2026\/01\/06338a1b-7d07-417b-b5e9-d710e7cb624f.jpg",500,342,false],"2048x2048":["https:\/\/blogopara.com.br\/wp-content\/uploads\/2026\/01\/06338a1b-7d07-417b-b5e9-d710e7cb624f.jpg",500,342,false],"mantranews-slider-large":["https:\/\/blogopara.com.br\/wp-content\/uploads\/2026\/01\/06338a1b-7d07-417b-b5e9-d710e7cb624f.jpg",500,342,false],"mantranews-featured-medium":["https:\/\/blogopara.com.br\/wp-content\/uploads\/2026\/01\/06338a1b-7d07-417b-b5e9-d710e7cb624f-420x307.jpg",420,307,true],"mantranews-featured-long":["https:\/\/blogopara.com.br\/wp-content\/uploads\/2026\/01\/06338a1b-7d07-417b-b5e9-d710e7cb624f-300x342.jpg",300,342,true],"mantranews-block-medium":["https:\/\/blogopara.com.br\/wp-content\/uploads\/2026\/01\/06338a1b-7d07-417b-b5e9-d710e7cb624f-464x290.jpg",464,290,true],"mantranews-carousel-image":["https:\/\/blogopara.com.br\/wp-content\/uploads\/2026\/01\/06338a1b-7d07-417b-b5e9-d710e7cb624f.jpg",500,342,false],"mantranews-block-thumb":["https:\/\/blogopara.com.br\/wp-content\/uploads\/2026\/01\/06338a1b-7d07-417b-b5e9-d710e7cb624f-322x230.jpg",322,230,true],"mantranews-single-large":["https:\/\/blogopara.com.br\/wp-content\/uploads\/2026\/01\/06338a1b-7d07-417b-b5e9-d710e7cb624f.jpg",500,342,false]},"uagb_author_info":{"display_name":"Reda\u00e7\u00e3o geral","author_link":"https:\/\/blogopara.com.br\/index.php\/author\/blogopara"},"uagb_comment_info":0,"uagb_excerpt":"Representantes do setor do com\u00e9rcio de Juazeiro decidiram, em acordo com a Prefeitura de Juazeiro, pela abertura das lojas no feriado do Carnaval antecipado, celebrado no dia\u00a030 de janeiro. A reuni\u00e3o que discutiu o tema\u00a0 ocorreu na sede do\u00a0Sindilojas Juazeiro\u00a0e contou com a participa\u00e7\u00e3o do\u00a0Sindicato dos Comerci\u00e1rios,\u00a0CDL,\u00a0ACIAJ. Durante a reuni\u00e3o, ficou definido que o com\u00e9rcio&hellip;","jetpack_sharing_enabled":true,"jetpack_likes_enabled":true,"_links":{"self":[{"href":"https:\/\/blogopara.com.br\/index.php\/wp-json\/wp\/v2\/posts\/82938","targetHints":{"allow":["GET"]}}],"collection":[{"href":"https:\/\/blogopara.com.br\/index.php\/wp-json\/wp\/v2\/posts"}],"about":[{"href":"https:\/\/blogopara.com.br\/index.php\/wp-json\/wp\/v2\/types\/post"}],"author":[{"embeddable":true,"href":"https:\/\/blogopara.com.br\/index.php\/wp-json\/wp\/v2\/users\/1"}],"replies":[{"embeddable":true,"href":"https:\/\/blogopara.com.br\/index.php\/wp-json\/wp\/v2\/comments?post=82938"}],"version-history":[{"count":1,"href":"https:\/\/blogopara.com.br\/index.php\/wp-json\/wp\/v2\/posts\/82938\/revisions"}],"predecessor-version":[{"id":82942,"href":"https:\/\/blogopara.com.br\/index.php\/wp-json\/wp\/v2\/posts\/82938\/revisions\/82942"}],"wp:featuredmedia":[{"embeddable":true,"href":"https:\/\/blogopara.com.br\/index.php\/wp-json\/wp\/v2\/media\/82941"}],"wp:attachment":[{"href":"https:\/\/blogopara.com.br\/index.php\/wp-json\/wp\/v2\/media?parent=82938"}],"wp:term":[{"taxonomy":"category","embeddable":true,"href":"https:\/\/blogopara.com.br\/index.php\/wp-json\/wp\/v2\/categories?post=82938"},{"taxonomy":"post_tag","embeddable":true,"href":"https:\/\/blogopara.com.br\/index.php\/wp-json\/wp\/v2\/tags?post=82938"}],"curies":[{"name":"wp","href":"https:\/\/api.w.org\/{rel}","templated":true}]}}