{"id":82939,"date":"2026-01-24T13:53:58","date_gmt":"2026-01-24T16:53:58","guid":{"rendered":"https:\/\/blogopara.com.br\/?p=82939"},"modified":"2026-01-24T13:53:58","modified_gmt":"2026-01-24T16:53:58","slug":"sento-se-giselda-carvalho-se-reune-com-juvenilson-passos-para-discutir-acoes-para-o-municipio","status":"publish","type":"post","link":"https:\/\/blogopara.com.br\/index.php\/2026\/01\/24\/sento-se-giselda-carvalho-se-reune-com-juvenilson-passos-para-discutir-acoes-para-o-municipio","title":{"rendered":"Sento-S\u00e9: Giselda Carvalho se re\u00fane com Juvenilson Passos para discutir a\u00e7\u00f5es para o munic\u00edpio"},"content":{"rendered":"<div class=\"relative basis-auto flex-col -mb-(--composer-overlap-px) [--composer-overlap-px:28px] grow flex\">\n<div class=\"flex flex-col text-sm pb-25\">\n<article class=\"text-token-text-primary w-full focus:outline-none [--shadow-height:45px] has-data-writing-block:pointer-events-none has-data-writing-block:-mt-(--shadow-height) has-data-writing-block:pt-(--shadow-height) [&amp;:has([data-writing-block])&gt;*]:pointer-events-auto scroll-mt-[calc(var(--header-height)+min(200px,max(70px,20svh)))]\" dir=\"auto\" tabindex=\"-1\" data-turn-id=\"92fa3c62-b5b6-4e79-83cc-54eb6b40f73c\" data-testid=\"conversation-turn-2\" data-scroll-anchor=\"true\" data-turn=\"assistant\">\n<div class=\"text-base my-auto mx-auto pb-10 [--thread-content-margin:--spacing(4)] @w-sm\/main:[--thread-content-margin:--spacing(6)] @w-lg\/main:[--thread-content-margin:--spacing(16)] px-(--thread-content-margin)\">\n<div class=\"[--thread-content-max-width:40rem] @w-lg\/main:[--thread-content-max-width:48rem] mx-auto max-w-(--thread-content-max-width) flex-1 group\/turn-messages focus-visible:outline-hidden relative flex w-full min-w-0 flex-col agent-turn\" tabindex=\"-1\">\n<div class=\"flex max-w-full flex-col grow\">\n<div class=\"min-h-8 text-message relative flex w-full flex-col items-end gap-2 text-start break-words whitespace-normal [.text-message+&amp;]:mt-1\" dir=\"auto\" data-message-author-role=\"assistant\" data-message-id=\"054cb01e-7500-45f7-8f29-e54deec5a846\" data-message-model-slug=\"gpt-5-2\">\n<div class=\"flex w-full flex-col gap-1 empty:hidden first:pt-[1px]\">\n<div class=\"markdown prose dark:prose-invert w-full wrap-break-word light markdown-new-styling\">\n<p data-start=\"0\" data-end=\"370\">A prefeita de Sento-S\u00e9, Giselda Carvalho, recebeu o ex-prefeito Juvenilson Passos para uma avalia\u00e7\u00e3o as a\u00e7\u00f5es desenvolvidas ao longo do ano de 2025. O encontro foi marcado por di\u00e1logo, responsabilidade e compromisso com a gest\u00e3o p\u00fablica, refor\u00e7ando a import\u00e2ncia de analisar o que foi feito e planejar, de forma estrat\u00e9gica, os pr\u00f3ximos passos do munic\u00edpio.<\/p>\n<p data-start=\"372\" data-end=\"721\">Durante a conversa, foram discutidos avan\u00e7os, desafios e a necessidade de manter o alinhamento entre lideran\u00e7a pol\u00edtica e administra\u00e7\u00e3o, sempre com foco no interesse coletivo. A avalia\u00e7\u00e3o do ano que se encerra foi tratada como um instrumento essencial para corrigir rotas e fortalecer pol\u00edticas p\u00fablicas que impactam diretamente a vida da popula\u00e7\u00e3o.<\/p>\n<p data-start=\"723\" data-end=\"1036\">Com o olhar j\u00e1 voltado para 2026, a prefeita destacou que o pr\u00f3ximo per\u00edodo ser\u00e1 de ainda mais trabalho, presen\u00e7a e cuidado com as pessoas, tanto na sede quanto nas comunidades do interior. A proposta \u00e9 garantir que as a\u00e7\u00f5es da gest\u00e3o cheguem a todos, promovendo desenvolvimento, inclus\u00e3o e qualidade de vida.<\/p>\n<p data-start=\"1038\" data-end=\"1199\" data-is-last-node=\"\" data-is-only-node=\"\">O encontro reafirma o compromisso com uma gest\u00e3o respons\u00e1vel, que valoriza o planejamento, a escuta e o acompanhamento cont\u00ednuo das demandas do povo de Sento-S\u00e9.<\/p>\n<\/div>\n<\/div>\n<\/div>\n<\/div>\n<\/div>\n<\/div>\n<\/article>\n<\/div>\n<\/div>\n","protected":false},"excerpt":{"rendered":"<p>A prefeita de Sento-S\u00e9, Giselda Carvalho, recebeu o ex-prefeito Juvenilson Passos para uma avalia\u00e7\u00e3o as a\u00e7\u00f5es desenvolvidas ao longo do ano de 2025. O encontro foi marcado por di\u00e1logo, responsabilidade e compromisso com a gest\u00e3o p\u00fablica, refor\u00e7ando a import\u00e2ncia de analisar o que foi feito e planejar, de forma estrat\u00e9gica, os pr\u00f3ximos passos do munic\u00edpio. [&hellip;]<\/p>\n","protected":false},"author":1,"featured_media":82940,"comment_status":"open","ping_status":"open","sticky":false,"template":"","format":"standard","meta":{"_uag_custom_page_level_css":"","_monsterinsights_skip_tracking":false,"_monsterinsights_sitenote_active":false,"_monsterinsights_sitenote_note":"","_monsterinsights_sitenote_category":0,"jetpack_post_was_ever_published":false,"_jetpack_newsletter_access":"","_jetpack_dont_email_post_to_subs":false,"_jetpack_newsletter_tier_id":0,"_jetpack_memberships_contains_paywalled_content":false,"_jetpack_memberships_contains_paid_content":false,"footnotes":"","jetpack_publicize_message":"","jetpack_publicize_feature_enabled":true,"jetpack_social_post_already_shared":true,"jetpack_social_options":{"image_generator_settings":{"template":"highway","default_image_id":0,"font":"","enabled":false},"version":2}},"categories":[197],"tags":[802,11943,11115],"class_list":["post-82939","post","type-post","status-publish","format-standard","has-post-thumbnail","hentry","category-politica","tag-alba","tag-assembleia-legislativa-da-bahia","tag-juvenilson-passos"],"jetpack_publicize_connections":[],"jetpack_featured_media_url":"https:\/\/blogopara.com.br\/wp-content\/uploads\/2026\/01\/SaveClip.App_619551702_914261507829009_1419218495727446617_n.jpg","uagb_featured_image_src":{"full":["https:\/\/blogopara.com.br\/wp-content\/uploads\/2026\/01\/SaveClip.App_619551702_914261507829009_1419218495727446617_n.jpg",640,1136,false],"thumbnail":["https:\/\/blogopara.com.br\/wp-content\/uploads\/2026\/01\/SaveClip.App_619551702_914261507829009_1419218495727446617_n-150x150.jpg",150,150,true],"medium":["https:\/\/blogopara.com.br\/wp-content\/uploads\/2026\/01\/SaveClip.App_619551702_914261507829009_1419218495727446617_n-169x300.jpg",169,300,true],"medium_large":["https:\/\/blogopara.com.br\/wp-content\/uploads\/2026\/01\/SaveClip.App_619551702_914261507829009_1419218495727446617_n.jpg",640,1136,false],"large":["https:\/\/blogopara.com.br\/wp-content\/uploads\/2026\/01\/SaveClip.App_619551702_914261507829009_1419218495727446617_n-577x1024.jpg",577,1024,true],"1536x1536":["https:\/\/blogopara.com.br\/wp-content\/uploads\/2026\/01\/SaveClip.App_619551702_914261507829009_1419218495727446617_n.jpg",640,1136,false],"2048x2048":["https:\/\/blogopara.com.br\/wp-content\/uploads\/2026\/01\/SaveClip.App_619551702_914261507829009_1419218495727446617_n.jpg",640,1136,false],"mantranews-slider-large":["https:\/\/blogopara.com.br\/wp-content\/uploads\/2026\/01\/SaveClip.App_619551702_914261507829009_1419218495727446617_n-640x741.jpg",640,741,true],"mantranews-featured-medium":["https:\/\/blogopara.com.br\/wp-content\/uploads\/2026\/01\/SaveClip.App_619551702_914261507829009_1419218495727446617_n-420x307.jpg",420,307,true],"mantranews-featured-long":["https:\/\/blogopara.com.br\/wp-content\/uploads\/2026\/01\/SaveClip.App_619551702_914261507829009_1419218495727446617_n-300x443.jpg",300,443,true],"mantranews-block-medium":["https:\/\/blogopara.com.br\/wp-content\/uploads\/2026\/01\/SaveClip.App_619551702_914261507829009_1419218495727446617_n-464x290.jpg",464,290,true],"mantranews-carousel-image":["https:\/\/blogopara.com.br\/wp-content\/uploads\/2026\/01\/SaveClip.App_619551702_914261507829009_1419218495727446617_n-600x500.jpg",600,500,true],"mantranews-block-thumb":["https:\/\/blogopara.com.br\/wp-content\/uploads\/2026\/01\/SaveClip.App_619551702_914261507829009_1419218495727446617_n-322x230.jpg",322,230,true],"mantranews-single-large":["https:\/\/blogopara.com.br\/wp-content\/uploads\/2026\/01\/SaveClip.App_619551702_914261507829009_1419218495727446617_n-640x642.jpg",640,642,true]},"uagb_author_info":{"display_name":"Reda\u00e7\u00e3o geral","author_link":"https:\/\/blogopara.com.br\/index.php\/author\/blogopara"},"uagb_comment_info":0,"uagb_excerpt":"A prefeita de Sento-S\u00e9, Giselda Carvalho, recebeu o ex-prefeito Juvenilson Passos para uma avalia\u00e7\u00e3o as a\u00e7\u00f5es desenvolvidas ao longo do ano de 2025. O encontro foi marcado por di\u00e1logo, responsabilidade e compromisso com a gest\u00e3o p\u00fablica, refor\u00e7ando a import\u00e2ncia de analisar o que foi feito e planejar, de forma estrat\u00e9gica, os pr\u00f3ximos passos do munic\u00edpio.&hellip;","jetpack_sharing_enabled":true,"jetpack_likes_enabled":true,"_links":{"self":[{"href":"https:\/\/blogopara.com.br\/index.php\/wp-json\/wp\/v2\/posts\/82939","targetHints":{"allow":["GET"]}}],"collection":[{"href":"https:\/\/blogopara.com.br\/index.php\/wp-json\/wp\/v2\/posts"}],"about":[{"href":"https:\/\/blogopara.com.br\/index.php\/wp-json\/wp\/v2\/types\/post"}],"author":[{"embeddable":true,"href":"https:\/\/blogopara.com.br\/index.php\/wp-json\/wp\/v2\/users\/1"}],"replies":[{"embeddable":true,"href":"https:\/\/blogopara.com.br\/index.php\/wp-json\/wp\/v2\/comments?post=82939"}],"version-history":[{"count":2,"href":"https:\/\/blogopara.com.br\/index.php\/wp-json\/wp\/v2\/posts\/82939\/revisions"}],"predecessor-version":[{"id":82944,"href":"https:\/\/blogopara.com.br\/index.php\/wp-json\/wp\/v2\/posts\/82939\/revisions\/82944"}],"wp:featuredmedia":[{"embeddable":true,"href":"https:\/\/blogopara.com.br\/index.php\/wp-json\/wp\/v2\/media\/82940"}],"wp:attachment":[{"href":"https:\/\/blogopara.com.br\/index.php\/wp-json\/wp\/v2\/media?parent=82939"}],"wp:term":[{"taxonomy":"category","embeddable":true,"href":"https:\/\/blogopara.com.br\/index.php\/wp-json\/wp\/v2\/categories?post=82939"},{"taxonomy":"post_tag","embeddable":true,"href":"https:\/\/blogopara.com.br\/index.php\/wp-json\/wp\/v2\/tags?post=82939"}],"curies":[{"name":"wp","href":"https:\/\/api.w.org\/{rel}","templated":true}]}}