{"id":82991,"date":"2026-01-25T20:52:36","date_gmt":"2026-01-25T23:52:36","guid":{"rendered":"https:\/\/blogopara.com.br\/?p=82991"},"modified":"2026-01-25T23:07:01","modified_gmt":"2026-01-26T02:07:01","slug":"juazeiro-empresario-faz-denuncia-grave-contra-a-amtt","status":"publish","type":"post","link":"https:\/\/blogopara.com.br\/index.php\/2026\/01\/25\/juazeiro-empresario-faz-denuncia-grave-contra-a-amtt","title":{"rendered":"Juazeiro: Empres\u00e1rio faz den\u00fancia grave contra a AMTT"},"content":{"rendered":"<p>O empres\u00e1rio Alessandro Bacelar fez uma den\u00fancia semana contra a Autarquia Municipal de Tr\u00e2nsito e Transporte (AMTT), na sexta-feira (23) gravou um video confirmando as informa\u00e7\u00f5es divulgadas anteriormente.<\/p>\n<p>Alessandro Bacelar no v\u00eddeo mostra que ve\u00edculos utilizados pela AMTT est\u00e3o descaracterizados e particulares, sem os adesivos oficiais da autarquia.<\/p>\n<p>Na grava\u00e7\u00e3o anterior, Bacelar informou que os ve\u00edculos alugados foram retirados pela empresa por conta da falta de pagamento. A reportagem encaminhou a den\u00fancia para assessoria da AMTT, mas ainda n\u00e3o recebeu devolutiva.<\/p>\n<div style=\"width: 640px;\" class=\"wp-video\"><!--[if lt IE 9]><script>document.createElement('video');<\/script><![endif]-->\n<video class=\"wp-video-shortcode\" id=\"video-82991-1\" width=\"640\" height=\"360\" preload=\"metadata\" controls=\"controls\"><source type=\"video\/mp4\" src=\"https:\/\/blogopara.com.br\/wp-content\/uploads\/2026\/01\/Empresario-de-Juazeiro-faz-denuncia-grave-contra-a-AMTT-redeGN-720p-h264-youtube.mp4?_=1\" \/><a href=\"https:\/\/blogopara.com.br\/wp-content\/uploads\/2026\/01\/Empresario-de-Juazeiro-faz-denuncia-grave-contra-a-AMTT-redeGN-720p-h264-youtube.mp4\">https:\/\/blogopara.com.br\/wp-content\/uploads\/2026\/01\/Empresario-de-Juazeiro-faz-denuncia-grave-contra-a-AMTT-redeGN-720p-h264-youtube.mp4<\/a><\/video><\/div>\n","protected":false},"excerpt":{"rendered":"<p>O empres\u00e1rio Alessandro Bacelar fez uma den\u00fancia semana contra a Autarquia Municipal de Tr\u00e2nsito e Transporte (AMTT), na sexta-feira (23) gravou um video confirmando as informa\u00e7\u00f5es divulgadas anteriormente. Alessandro Bacelar no v\u00eddeo mostra que ve\u00edculos utilizados pela AMTT est\u00e3o descaracterizados e particulares, sem os adesivos oficiais da autarquia. Na grava\u00e7\u00e3o anterior, Bacelar informou que os [&hellip;]<\/p>\n","protected":false},"author":1,"featured_media":83001,"comment_status":"open","ping_status":"open","sticky":false,"template":"","format":"standard","meta":{"_uag_custom_page_level_css":"","_monsterinsights_skip_tracking":false,"_monsterinsights_sitenote_active":false,"_monsterinsights_sitenote_note":"","_monsterinsights_sitenote_category":0,"jetpack_post_was_ever_published":false,"_jetpack_newsletter_access":"","_jetpack_dont_email_post_to_subs":false,"_jetpack_newsletter_tier_id":0,"_jetpack_memberships_contains_paywalled_content":false,"_jetpack_memberships_contains_paid_content":false,"footnotes":"","jetpack_publicize_message":"","jetpack_publicize_feature_enabled":true,"jetpack_social_post_already_shared":true,"jetpack_social_options":{"image_generator_settings":{"template":"highway","default_image_id":0,"font":"","enabled":false},"version":2}},"categories":[203],"tags":[],"class_list":["post-82991","post","type-post","status-publish","format-standard","has-post-thumbnail","hentry","category-juazeiro"],"jetpack_publicize_connections":[],"jetpack_featured_media_url":"https:\/\/blogopara.com.br\/wp-content\/uploads\/2026\/01\/carroamtt1.jpg","uagb_featured_image_src":{"full":["https:\/\/blogopara.com.br\/wp-content\/uploads\/2026\/01\/carroamtt1.jpg",501,459,false],"thumbnail":["https:\/\/blogopara.com.br\/wp-content\/uploads\/2026\/01\/carroamtt1-150x150.jpg",150,150,true],"medium":["https:\/\/blogopara.com.br\/wp-content\/uploads\/2026\/01\/carroamtt1-300x275.jpg",300,275,true],"medium_large":["https:\/\/blogopara.com.br\/wp-content\/uploads\/2026\/01\/carroamtt1.jpg",501,459,false],"large":["https:\/\/blogopara.com.br\/wp-content\/uploads\/2026\/01\/carroamtt1.jpg",501,459,false],"1536x1536":["https:\/\/blogopara.com.br\/wp-content\/uploads\/2026\/01\/carroamtt1.jpg",501,459,false],"2048x2048":["https:\/\/blogopara.com.br\/wp-content\/uploads\/2026\/01\/carroamtt1.jpg",501,459,false],"mantranews-slider-large":["https:\/\/blogopara.com.br\/wp-content\/uploads\/2026\/01\/carroamtt1.jpg",501,459,false],"mantranews-featured-medium":["https:\/\/blogopara.com.br\/wp-content\/uploads\/2026\/01\/carroamtt1-420x307.jpg",420,307,true],"mantranews-featured-long":["https:\/\/blogopara.com.br\/wp-content\/uploads\/2026\/01\/carroamtt1-300x443.jpg",300,443,true],"mantranews-block-medium":["https:\/\/blogopara.com.br\/wp-content\/uploads\/2026\/01\/carroamtt1-464x290.jpg",464,290,true],"mantranews-carousel-image":["https:\/\/blogopara.com.br\/wp-content\/uploads\/2026\/01\/carroamtt1.jpg",501,459,false],"mantranews-block-thumb":["https:\/\/blogopara.com.br\/wp-content\/uploads\/2026\/01\/carroamtt1-322x230.jpg",322,230,true],"mantranews-single-large":["https:\/\/blogopara.com.br\/wp-content\/uploads\/2026\/01\/carroamtt1.jpg",501,459,false]},"uagb_author_info":{"display_name":"Reda\u00e7\u00e3o geral","author_link":"https:\/\/blogopara.com.br\/index.php\/author\/blogopara"},"uagb_comment_info":0,"uagb_excerpt":"O empres\u00e1rio Alessandro Bacelar fez uma den\u00fancia semana contra a Autarquia Municipal de Tr\u00e2nsito e Transporte (AMTT), na sexta-feira (23) gravou um video confirmando as informa\u00e7\u00f5es divulgadas anteriormente. Alessandro Bacelar no v\u00eddeo mostra que ve\u00edculos utilizados pela AMTT est\u00e3o descaracterizados e particulares, sem os adesivos oficiais da autarquia. Na grava\u00e7\u00e3o anterior, Bacelar informou que os&hellip;","jetpack_sharing_enabled":true,"jetpack_likes_enabled":true,"_links":{"self":[{"href":"https:\/\/blogopara.com.br\/index.php\/wp-json\/wp\/v2\/posts\/82991","targetHints":{"allow":["GET"]}}],"collection":[{"href":"https:\/\/blogopara.com.br\/index.php\/wp-json\/wp\/v2\/posts"}],"about":[{"href":"https:\/\/blogopara.com.br\/index.php\/wp-json\/wp\/v2\/types\/post"}],"author":[{"embeddable":true,"href":"https:\/\/blogopara.com.br\/index.php\/wp-json\/wp\/v2\/users\/1"}],"replies":[{"embeddable":true,"href":"https:\/\/blogopara.com.br\/index.php\/wp-json\/wp\/v2\/comments?post=82991"}],"version-history":[{"count":1,"href":"https:\/\/blogopara.com.br\/index.php\/wp-json\/wp\/v2\/posts\/82991\/revisions"}],"predecessor-version":[{"id":82996,"href":"https:\/\/blogopara.com.br\/index.php\/wp-json\/wp\/v2\/posts\/82991\/revisions\/82996"}],"wp:featuredmedia":[{"embeddable":true,"href":"https:\/\/blogopara.com.br\/index.php\/wp-json\/wp\/v2\/media\/83001"}],"wp:attachment":[{"href":"https:\/\/blogopara.com.br\/index.php\/wp-json\/wp\/v2\/media?parent=82991"}],"wp:term":[{"taxonomy":"category","embeddable":true,"href":"https:\/\/blogopara.com.br\/index.php\/wp-json\/wp\/v2\/categories?post=82991"},{"taxonomy":"post_tag","embeddable":true,"href":"https:\/\/blogopara.com.br\/index.php\/wp-json\/wp\/v2\/tags?post=82991"}],"curies":[{"name":"wp","href":"https:\/\/api.w.org\/{rel}","templated":true}]}}