{"id":83010,"date":"2026-01-26T15:47:08","date_gmt":"2026-01-26T18:47:08","guid":{"rendered":"https:\/\/blogopara.com.br\/?p=83010"},"modified":"2026-01-26T15:47:08","modified_gmt":"2026-01-26T18:47:08","slug":"prefeitura-de-sento-se-garante-porte-funcional-da-gcm-com-autorizacao-da-policia-federal","status":"publish","type":"post","link":"https:\/\/blogopara.com.br\/index.php\/2026\/01\/26\/prefeitura-de-sento-se-garante-porte-funcional-da-gcm-com-autorizacao-da-policia-federal","title":{"rendered":"Prefeitura de Sento S\u00e9 garante porte funcional da GCM com autoriza\u00e7\u00e3o da Pol\u00edcia Federal"},"content":{"rendered":"<p class=\"x_MsoNormal\">A Prefeitura de Sento S\u00e9 recebeu nesta quinta-feira (2) a autoriza\u00e7\u00e3o da Pol\u00edcia Federal que confirma a regulariza\u00e7\u00e3o dos portes funcionais da Guarda Civil Municipal (GCM), consolidando o munic\u00edpio como refer\u00eancia entre as cidades com menos de 50 mil habitantes, sendo uma das \u00fanicas a contar com a Guarda Municipal devidamente autorizada para o porte funcional.<\/p>\n<p class=\"x_MsoNormal\">A prefeita Giselda Carvalho destacou a import\u00e2ncia da conquista para a seguran\u00e7a p\u00fablica do munic\u00edpio. \u201cEsse avan\u00e7o representa responsabilidade institucional, respeito \u00e0 lei e compromisso com a prote\u00e7\u00e3o da nossa popula\u00e7\u00e3o. Estamos fortalecendo a Guarda Municipal e garantindo respaldo jur\u00eddico para uma atua\u00e7\u00e3o cada vez mais eficiente\u201d, afirmou.<\/p>\n<p class=\"x_MsoNormal\">Por meio da GCM, foi conclu\u00edda a etapa de lan\u00e7amento dos portes no Sistema Nacional de Armas (SINARM), em cumprimento ao Acordo de Coopera\u00e7\u00e3o T\u00e9cnica (ACT) firmado com a Superintend\u00eancia Regional da Pol\u00edcia Federal na Bahia. Todo o procedimento seguiu rigorosamente a legisla\u00e7\u00e3o vigente, incluindo a Lei n\u00ba 10.826\/2003, o Decreto n\u00ba 11.615\/2023 e a Instru\u00e7\u00e3o Normativa n\u00ba 310\/2025 da Pol\u00edcia Federal.<\/p>\n<p class=\"x_MsoNormal\">A inspetora-chefe da Guarda Civil Municipal, Josilene Lins, explicou que o resultado \u00e9 fruto de um trabalho iniciado h\u00e1 anos. \u201cO ACT foi firmado em 2024, ainda na gest\u00e3o da prefeita Ana Passos. Ao longo de 2025, organizamos toda a documenta\u00e7\u00e3o e conduzimos o processo junto \u00e0 Pol\u00edcia Federal para que agora fosse poss\u00edvel a emiss\u00e3o dos portes. \u00c9 um trabalho t\u00e9cnico, cont\u00ednuo e feito com muita responsabilidade\u201d, explicou.<\/p>\n<p class=\"x_MsoNormal\">\n<p class=\"x_MsoNormal\">Texto: Gardennia Garibalde &#8211; Ascom PMSSE<\/p>\n","protected":false},"excerpt":{"rendered":"<p>A Prefeitura de Sento S\u00e9 recebeu nesta quinta-feira (2) a autoriza\u00e7\u00e3o da Pol\u00edcia Federal que confirma a regulariza\u00e7\u00e3o dos portes funcionais da Guarda Civil Municipal (GCM), consolidando o munic\u00edpio como refer\u00eancia entre as cidades com menos de 50 mil habitantes, sendo uma das \u00fanicas a contar com a Guarda Municipal devidamente autorizada para o porte [&hellip;]<\/p>\n","protected":false},"author":1,"featured_media":83011,"comment_status":"open","ping_status":"open","sticky":false,"template":"","format":"standard","meta":{"_uag_custom_page_level_css":"","_monsterinsights_skip_tracking":false,"_monsterinsights_sitenote_active":false,"_monsterinsights_sitenote_note":"","_monsterinsights_sitenote_category":0,"jetpack_post_was_ever_published":false,"_jetpack_newsletter_access":"","_jetpack_dont_email_post_to_subs":false,"_jetpack_newsletter_tier_id":0,"_jetpack_memberships_contains_paywalled_content":false,"_jetpack_memberships_contains_paid_content":false,"footnotes":"","jetpack_publicize_message":"","jetpack_publicize_feature_enabled":true,"jetpack_social_post_already_shared":true,"jetpack_social_options":{"image_generator_settings":{"template":"highway","default_image_id":0,"font":"","enabled":false},"version":2}},"categories":[199],"tags":[11115,11336],"class_list":["post-83010","post","type-post","status-publish","format-standard","has-post-thumbnail","hentry","category-bahia","tag-juvenilson-passos","tag-tom-ze"],"jetpack_publicize_connections":[],"jetpack_featured_media_url":"https:\/\/blogopara.com.br\/wp-content\/uploads\/2026\/01\/3b337eab-9c77-4474-9a95-94ea223aea65.jpg","uagb_featured_image_src":{"full":["https:\/\/blogopara.com.br\/wp-content\/uploads\/2026\/01\/3b337eab-9c77-4474-9a95-94ea223aea65.jpg",500,265,false],"thumbnail":["https:\/\/blogopara.com.br\/wp-content\/uploads\/2026\/01\/3b337eab-9c77-4474-9a95-94ea223aea65-150x150.jpg",150,150,true],"medium":["https:\/\/blogopara.com.br\/wp-content\/uploads\/2026\/01\/3b337eab-9c77-4474-9a95-94ea223aea65-300x159.jpg",300,159,true],"medium_large":["https:\/\/blogopara.com.br\/wp-content\/uploads\/2026\/01\/3b337eab-9c77-4474-9a95-94ea223aea65.jpg",500,265,false],"large":["https:\/\/blogopara.com.br\/wp-content\/uploads\/2026\/01\/3b337eab-9c77-4474-9a95-94ea223aea65.jpg",500,265,false],"1536x1536":["https:\/\/blogopara.com.br\/wp-content\/uploads\/2026\/01\/3b337eab-9c77-4474-9a95-94ea223aea65.jpg",500,265,false],"2048x2048":["https:\/\/blogopara.com.br\/wp-content\/uploads\/2026\/01\/3b337eab-9c77-4474-9a95-94ea223aea65.jpg",500,265,false],"mantranews-slider-large":["https:\/\/blogopara.com.br\/wp-content\/uploads\/2026\/01\/3b337eab-9c77-4474-9a95-94ea223aea65.jpg",500,265,false],"mantranews-featured-medium":["https:\/\/blogopara.com.br\/wp-content\/uploads\/2026\/01\/3b337eab-9c77-4474-9a95-94ea223aea65-420x265.jpg",420,265,true],"mantranews-featured-long":["https:\/\/blogopara.com.br\/wp-content\/uploads\/2026\/01\/3b337eab-9c77-4474-9a95-94ea223aea65-300x265.jpg",300,265,true],"mantranews-block-medium":["https:\/\/blogopara.com.br\/wp-content\/uploads\/2026\/01\/3b337eab-9c77-4474-9a95-94ea223aea65-464x265.jpg",464,265,true],"mantranews-carousel-image":["https:\/\/blogopara.com.br\/wp-content\/uploads\/2026\/01\/3b337eab-9c77-4474-9a95-94ea223aea65.jpg",500,265,false],"mantranews-block-thumb":["https:\/\/blogopara.com.br\/wp-content\/uploads\/2026\/01\/3b337eab-9c77-4474-9a95-94ea223aea65-322x230.jpg",322,230,true],"mantranews-single-large":["https:\/\/blogopara.com.br\/wp-content\/uploads\/2026\/01\/3b337eab-9c77-4474-9a95-94ea223aea65.jpg",500,265,false]},"uagb_author_info":{"display_name":"Reda\u00e7\u00e3o geral","author_link":"https:\/\/blogopara.com.br\/index.php\/author\/blogopara"},"uagb_comment_info":0,"uagb_excerpt":"A Prefeitura de Sento S\u00e9 recebeu nesta quinta-feira (2) a autoriza\u00e7\u00e3o da Pol\u00edcia Federal que confirma a regulariza\u00e7\u00e3o dos portes funcionais da Guarda Civil Municipal (GCM), consolidando o munic\u00edpio como refer\u00eancia entre as cidades com menos de 50 mil habitantes, sendo uma das \u00fanicas a contar com a Guarda Municipal devidamente autorizada para o porte&hellip;","jetpack_sharing_enabled":true,"jetpack_likes_enabled":true,"_links":{"self":[{"href":"https:\/\/blogopara.com.br\/index.php\/wp-json\/wp\/v2\/posts\/83010","targetHints":{"allow":["GET"]}}],"collection":[{"href":"https:\/\/blogopara.com.br\/index.php\/wp-json\/wp\/v2\/posts"}],"about":[{"href":"https:\/\/blogopara.com.br\/index.php\/wp-json\/wp\/v2\/types\/post"}],"author":[{"embeddable":true,"href":"https:\/\/blogopara.com.br\/index.php\/wp-json\/wp\/v2\/users\/1"}],"replies":[{"embeddable":true,"href":"https:\/\/blogopara.com.br\/index.php\/wp-json\/wp\/v2\/comments?post=83010"}],"version-history":[{"count":1,"href":"https:\/\/blogopara.com.br\/index.php\/wp-json\/wp\/v2\/posts\/83010\/revisions"}],"predecessor-version":[{"id":83012,"href":"https:\/\/blogopara.com.br\/index.php\/wp-json\/wp\/v2\/posts\/83010\/revisions\/83012"}],"wp:featuredmedia":[{"embeddable":true,"href":"https:\/\/blogopara.com.br\/index.php\/wp-json\/wp\/v2\/media\/83011"}],"wp:attachment":[{"href":"https:\/\/blogopara.com.br\/index.php\/wp-json\/wp\/v2\/media?parent=83010"}],"wp:term":[{"taxonomy":"category","embeddable":true,"href":"https:\/\/blogopara.com.br\/index.php\/wp-json\/wp\/v2\/categories?post=83010"},{"taxonomy":"post_tag","embeddable":true,"href":"https:\/\/blogopara.com.br\/index.php\/wp-json\/wp\/v2\/tags?post=83010"}],"curies":[{"name":"wp","href":"https:\/\/api.w.org\/{rel}","templated":true}]}}