{"id":83023,"date":"2026-01-26T16:30:09","date_gmt":"2026-01-26T19:30:09","guid":{"rendered":"https:\/\/blogopara.com.br\/?p=83023"},"modified":"2026-01-26T16:30:31","modified_gmt":"2026-01-26T19:30:31","slug":"blogueira-e-sufocada-por-namorado-ate-desmaiar-em-elevador-video-flagrou-agressao","status":"publish","type":"post","link":"https:\/\/blogopara.com.br\/index.php\/2026\/01\/26\/blogueira-e-sufocada-por-namorado-ate-desmaiar-em-elevador-video-flagrou-agressao","title":{"rendered":"Blogueira \u00e9 sufocada por namorado at\u00e9 desmaiar em elevador; v\u00eddeo flagrou agress\u00e3o"},"content":{"rendered":"<div class=\"flex flex-col w-full font-normal text-[18px] leading-[30px] text-tw-theme-text-default\">\n<p id=\"paragrafo-py8iv2jeqg\">Um empres\u00e1rio de 35 anos foi flagrado agredindo a namorada, de 23, dentro de um elevador. No v\u00eddeo, a mulher \u00e9 enforcada at\u00e9 desmaiar e, em seguida, arrastada para fora do elevador. Eles foram identificados como Alcides Bortoli Antunes e a influenciadora digital Nayara da Concei\u00e7\u00e3o Brito.<\/p>\n<\/div>\n<div class=\"flex flex-col w-full font-normal text-[18px] leading-[30px] text-tw-theme-text-default\">\n<p id=\"paragrafo-5z2193kjy3\">O casal mantinha um relacionamento havia cerca de quatro meses e, segundo a v\u00edtima, a agress\u00e3o ocorreu ap\u00f3s uma discuss\u00e3o motivada pela descoberta de uma suposta trai\u00e7\u00e3o. De acordo com ela, o empres\u00e1rio a expulsou do apartamento durante a madrugada.<\/p>\n<\/div>\n<div class=\"flex flex-col w-full font-normal text-[18px] leading-[30px] text-tw-theme-text-default\">\n<p id=\"paragrafo-mygty029ge\">\u201cEle me obrigou a sair do apartamento e come\u00e7ou a me arrastar com muita for\u00e7a, porque eu n\u00e3o queria sair naquele hor\u00e1rio. Ele me puxou de dentro do apartamento at\u00e9 o elevador\u201d, disse Nayara ao g1 Goi\u00e1s.<\/p>\n<\/div>\n<div class=\"flex flex-col w-full font-normal text-[18px] leading-[30px] text-tw-theme-text-default\">\n<p id=\"paragrafo-ca93kxzmti\">Segundo a influenciadora, ap\u00f3s tornar o caso p\u00fablico nas redes sociais com o objetivo de alertar outras mulheres e evitar a impunidade, ela passou a responder a um processo por cal\u00fania movido pelo ex-namorado.<\/p>\n<\/div>\n<div class=\"flex flex-col w-full font-normal text-[18px] leading-[30px] text-tw-theme-text-default\">\n<p id=\"paragrafo-uw8yw5vz7d\">Nayara relatou ainda que tentou acionar a pol\u00edcia na portaria do pr\u00e9dio, mas o porteiro teria se recusado a fazer a liga\u00e7\u00e3o. Ela afirma que o empres\u00e1rio, que estava com o celular, foi quem acionou a Pol\u00edcia Militar e apresentou a pr\u00f3pria vers\u00e3o dos fatos.<\/p>\n<\/div>\n<div class=\"flex flex-col w-full font-normal text-[18px] leading-[30px] text-tw-theme-text-default\">\n<p id=\"paragrafo-7mkrg54ywk\">\u201cQuando a pol\u00edcia chegou, n\u00e3o me encaminharam ao IML nem nos levaram para a delegacia. Apenas no dia seguinte consegui registrar o boletim de ocorr\u00eancia\u201d, contou.<\/p>\n<\/div>\n<div class=\"flex flex-col w-full font-normal text-[18px] leading-[30px] text-tw-theme-text-default\">\n<p id=\"paragrafo-djob0w5k3n\">No inqu\u00e9rito, a delegada respons\u00e1vel destacou que, \u00e0 \u00e9poca, a Pol\u00edcia Militar conversou apenas com o empres\u00e1rio e decidiu n\u00e3o dar prosseguimento ao procedimento, uma vez que ele n\u00e3o quis representar. Ainda conforme o registro, os policiais n\u00e3o teriam identificado marcas de agress\u00e3o na v\u00edtima naquele momento.<\/p>\n<\/div>\n<div class=\"flex flex-col w-full font-normal text-[18px] leading-[30px] text-tw-theme-text-default\">\n<p id=\"paragrafo-pfjlz9e0ou\">A influenciadora afirmou que s\u00f3 foi encaminhada ao Instituto M\u00e9dico Legal (IML) no dia seguinte, quando foram constatadas les\u00f5es. Ela disse que, ap\u00f3s deixar Goi\u00e2nia, n\u00e3o teve mais informa\u00e7\u00f5es sobre o andamento do caso.<\/p>\n<\/div>\n<div class=\"flex flex-col w-full font-normal text-[18px] leading-[30px] text-tw-theme-text-default\">\n<p>\u201cS\u00f3 voltei a ser acionada quando tive conhecimento do processo movido contra mim. Agora, com as imagens, meu advogado vai comprovar que n\u00e3o houve cal\u00fania ou difama\u00e7\u00e3o. O v\u00eddeo mostra tudo. Fui a v\u00edtima. e n\u00e3o ele\u201d, concluiu.<\/p>\n<div style=\"width: 640px;\" class=\"wp-video\"><!--[if lt IE 9]><script>document.createElement('video');<\/script><![endif]-->\n<video class=\"wp-video-shortcode\" id=\"video-83023-1\" width=\"640\" height=\"360\" preload=\"metadata\" controls=\"controls\"><source type=\"video\/mp4\" src=\"https:\/\/blogopara.com.br\/wp-content\/uploads\/2026\/01\/Video-mostra-influenciadora-sendo-sufocada-pelo-namorado-ate-desmaiar-dentro-de-elevador-em-Goiania.mp4?_=1\" \/><a href=\"https:\/\/blogopara.com.br\/wp-content\/uploads\/2026\/01\/Video-mostra-influenciadora-sendo-sufocada-pelo-namorado-ate-desmaiar-dentro-de-elevador-em-Goiania.mp4\">https:\/\/blogopara.com.br\/wp-content\/uploads\/2026\/01\/Video-mostra-influenciadora-sendo-sufocada-pelo-namorado-ate-desmaiar-dentro-de-elevador-em-Goiania.mp4<\/a><\/video><\/div>\n<p>&nbsp;<\/p>\n<\/div>\n","protected":false},"excerpt":{"rendered":"<p>Um empres\u00e1rio de 35 anos foi flagrado agredindo a namorada, de 23, dentro de um elevador. No v\u00eddeo, a mulher \u00e9 enforcada at\u00e9 desmaiar e, em seguida, arrastada para fora do elevador. Eles foram identificados como Alcides Bortoli Antunes e a influenciadora digital Nayara da Concei\u00e7\u00e3o Brito. O casal mantinha um relacionamento havia cerca de [&hellip;]<\/p>\n","protected":false},"author":1,"featured_media":83025,"comment_status":"open","ping_status":"open","sticky":false,"template":"","format":"standard","meta":{"_uag_custom_page_level_css":"","_monsterinsights_skip_tracking":false,"_monsterinsights_sitenote_active":false,"_monsterinsights_sitenote_note":"","_monsterinsights_sitenote_category":0,"jetpack_post_was_ever_published":false,"_jetpack_newsletter_access":"","_jetpack_dont_email_post_to_subs":false,"_jetpack_newsletter_tier_id":0,"_jetpack_memberships_contains_paywalled_content":false,"_jetpack_memberships_contains_paid_content":false,"footnotes":"","jetpack_publicize_message":"","jetpack_publicize_feature_enabled":true,"jetpack_social_post_already_shared":true,"jetpack_social_options":{"image_generator_settings":{"template":"highway","default_image_id":0,"font":"","enabled":false},"version":2}},"categories":[200,202],"tags":[],"class_list":["post-83023","post","type-post","status-publish","format-standard","has-post-thumbnail","hentry","category-brasil","category-policia"],"jetpack_publicize_connections":[],"jetpack_featured_media_url":"https:\/\/blogopara.com.br\/wp-content\/uploads\/2026\/01\/Capturar-47.jpg","uagb_featured_image_src":{"full":["https:\/\/blogopara.com.br\/wp-content\/uploads\/2026\/01\/Capturar-47.jpg",500,312,false],"thumbnail":["https:\/\/blogopara.com.br\/wp-content\/uploads\/2026\/01\/Capturar-47-150x150.jpg",150,150,true],"medium":["https:\/\/blogopara.com.br\/wp-content\/uploads\/2026\/01\/Capturar-47-300x187.jpg",300,187,true],"medium_large":["https:\/\/blogopara.com.br\/wp-content\/uploads\/2026\/01\/Capturar-47.jpg",500,312,false],"large":["https:\/\/blogopara.com.br\/wp-content\/uploads\/2026\/01\/Capturar-47.jpg",500,312,false],"1536x1536":["https:\/\/blogopara.com.br\/wp-content\/uploads\/2026\/01\/Capturar-47.jpg",500,312,false],"2048x2048":["https:\/\/blogopara.com.br\/wp-content\/uploads\/2026\/01\/Capturar-47.jpg",500,312,false],"mantranews-slider-large":["https:\/\/blogopara.com.br\/wp-content\/uploads\/2026\/01\/Capturar-47.jpg",500,312,false],"mantranews-featured-medium":["https:\/\/blogopara.com.br\/wp-content\/uploads\/2026\/01\/Capturar-47-420x307.jpg",420,307,true],"mantranews-featured-long":["https:\/\/blogopara.com.br\/wp-content\/uploads\/2026\/01\/Capturar-47-300x312.jpg",300,312,true],"mantranews-block-medium":["https:\/\/blogopara.com.br\/wp-content\/uploads\/2026\/01\/Capturar-47-464x290.jpg",464,290,true],"mantranews-carousel-image":["https:\/\/blogopara.com.br\/wp-content\/uploads\/2026\/01\/Capturar-47.jpg",500,312,false],"mantranews-block-thumb":["https:\/\/blogopara.com.br\/wp-content\/uploads\/2026\/01\/Capturar-47-322x230.jpg",322,230,true],"mantranews-single-large":["https:\/\/blogopara.com.br\/wp-content\/uploads\/2026\/01\/Capturar-47.jpg",500,312,false]},"uagb_author_info":{"display_name":"Reda\u00e7\u00e3o geral","author_link":"https:\/\/blogopara.com.br\/index.php\/author\/blogopara"},"uagb_comment_info":0,"uagb_excerpt":"Um empres\u00e1rio de 35 anos foi flagrado agredindo a namorada, de 23, dentro de um elevador. No v\u00eddeo, a mulher \u00e9 enforcada at\u00e9 desmaiar e, em seguida, arrastada para fora do elevador. Eles foram identificados como Alcides Bortoli Antunes e a influenciadora digital Nayara da Concei\u00e7\u00e3o Brito. O casal mantinha um relacionamento havia cerca de&hellip;","jetpack_sharing_enabled":true,"jetpack_likes_enabled":true,"_links":{"self":[{"href":"https:\/\/blogopara.com.br\/index.php\/wp-json\/wp\/v2\/posts\/83023","targetHints":{"allow":["GET"]}}],"collection":[{"href":"https:\/\/blogopara.com.br\/index.php\/wp-json\/wp\/v2\/posts"}],"about":[{"href":"https:\/\/blogopara.com.br\/index.php\/wp-json\/wp\/v2\/types\/post"}],"author":[{"embeddable":true,"href":"https:\/\/blogopara.com.br\/index.php\/wp-json\/wp\/v2\/users\/1"}],"replies":[{"embeddable":true,"href":"https:\/\/blogopara.com.br\/index.php\/wp-json\/wp\/v2\/comments?post=83023"}],"version-history":[{"count":2,"href":"https:\/\/blogopara.com.br\/index.php\/wp-json\/wp\/v2\/posts\/83023\/revisions"}],"predecessor-version":[{"id":83027,"href":"https:\/\/blogopara.com.br\/index.php\/wp-json\/wp\/v2\/posts\/83023\/revisions\/83027"}],"wp:featuredmedia":[{"embeddable":true,"href":"https:\/\/blogopara.com.br\/index.php\/wp-json\/wp\/v2\/media\/83025"}],"wp:attachment":[{"href":"https:\/\/blogopara.com.br\/index.php\/wp-json\/wp\/v2\/media?parent=83023"}],"wp:term":[{"taxonomy":"category","embeddable":true,"href":"https:\/\/blogopara.com.br\/index.php\/wp-json\/wp\/v2\/categories?post=83023"},{"taxonomy":"post_tag","embeddable":true,"href":"https:\/\/blogopara.com.br\/index.php\/wp-json\/wp\/v2\/tags?post=83023"}],"curies":[{"name":"wp","href":"https:\/\/api.w.org\/{rel}","templated":true}]}}