{"id":83028,"date":"2026-01-26T16:37:14","date_gmt":"2026-01-26T19:37:14","guid":{"rendered":"https:\/\/blogopara.com.br\/?p=83028"},"modified":"2026-01-26T16:37:14","modified_gmt":"2026-01-26T19:37:14","slug":"milhoes-no-palco-deficit-na-saude-e-nos-bairros-o-debate-sobre-os-caches-milionarios-no-sao-joao","status":"publish","type":"post","link":"https:\/\/blogopara.com.br\/index.php\/2026\/01\/26\/milhoes-no-palco-deficit-na-saude-e-nos-bairros-o-debate-sobre-os-caches-milionarios-no-sao-joao","title":{"rendered":"Milh\u00f5es no palco, d\u00e9ficit na sa\u00fade e nos bairros: O debate sobre os cach\u00eas milion\u00e1rios no S\u00e3o Jo\u00e3o"},"content":{"rendered":"<p>O Brasil vive um dilema que se repete a cada ciclo de festas regionais, exposi\u00e7\u00f5es agropecu\u00e1rias e carnavais fora de \u00e9poca: de um lado, a alegria e o fomento econ\u00f4mico gerados pelos grandes eventos; de outro, o uso de verbas p\u00fablicas para custear apresenta\u00e7\u00f5es com valores que ultrapassam a casa dos sete d\u00edgitos.<\/p>\n<p>Embora o entretenimento seja um direito e um motor para a economia local, o volume de recursos destinados a artistas de renome nacional tem gerado um inc\u00f4modo crescente na sociedade civil e \u00f3rg\u00e3os de fiscaliza\u00e7\u00e3o. A pergunta que fica \u00e9: at\u00e9 onde o \u201cp\u00e3o e circo\u201d deve ir quando as necessidades b\u00e1sicas da popula\u00e7\u00e3o ainda n\u00e3o foram atendidas? Por toda a cidade notamos o abandono dos bairros a olhos vistos. E o munic\u00edpio n\u00e3o pode se resumir ao Centro.<\/p>\n<p><strong>A Era dos Cach\u00eas de R$ 1 Milh\u00e3o<\/strong><\/p>\n<p>O cen\u00e1rio musical brasileiro, especialmente nos g\u00eaneros sertanejo e piseiro, inflacionou drasticamente nos \u00faltimos dois anos. O que antes era uma exce\u00e7\u00e3o, hoje tornou-se regra: grandes estrelas dificilmente sobem ao palco por menos de R$ 500 mil, com os principais nomes do pa\u00eds \u2014 como Gusttavo Lima, Jorge &amp; Mateus, Wesley Safad\u00e3o e Ana Castela. S\u00f3 pra ficar por a\u00ed \u2014 figurando em contratos que frequentemente superam R$ 1 milh\u00e3o.<\/p>\n<p>De acordo com dados levantados em portais de transpar\u00eancia de diversas prefeituras, os custos n\u00e3o param no cach\u00ea. H\u00e1 uma \u201cfatura invis\u00edvel\u201d que inclui:<br \/>\n\u2022 Log\u00edstica \u2013 Passagens a\u00e9reas, hospedagens de luxo e transporte para equipes que superam 30 pessoas.<br \/>\n\u2022 Estrutura \u2013 Palcos monumentais, sonoriza\u00e7\u00e3o de \u00faltima gera\u00e7\u00e3o e seguran\u00e7a privada.<br \/>\n\u2022 Produ\u00e7\u00e3o \u2013 Ilumina\u00e7\u00e3o e efeitos especiais exigidos em contrato (riders t\u00e9cnicos).<br \/>\nTudo isso para uma apresenta\u00e7\u00e3o que dura, em m\u00e9dia, 90 minutos. Os gestores precisam se levantar, se unirem em prol de remunera\u00e7\u00f5es estratosf\u00e9ricas.<\/p>\n<p><strong>O Contraste com a Realidade Social<\/strong><\/p>\n<p>O debate n\u00e3o \u00e9 uma campanha contra o S\u00e3o Jo\u00e3o, mas uma reflex\u00e3o sobre a prioridade. Enquanto o som ecoa alto nas pra\u00e7as, o sil\u00eancio nas filas dos hospitais p\u00fablicos e a car\u00eancia de infraestrutura b\u00e1sica gritam por socorro.<\/p>\n<p>Para quem depende exclusivamente do SUS, a falta de um medicamento ou a demora de um exame pode ser fatal. Na educa\u00e7\u00e3o, escolas carecem de reformas e tecnologias b\u00e1sicas. Ao colocarmos na balan\u00e7a, o investimento em um \u00fanico show de grande porte seria capaz de:<br \/>\n1. Construir ou reformar uma Unidade B\u00e1sica de Sa\u00fade (UBS).<br \/>\n2. Pavimentar dezenas de ruas em bairros perif\u00e9ricos.<br \/>\n3. Garantir meses de fornecimento de merenda escolar de alta qualidade.<br \/>\n4. Implementar projetos de saneamento e ilumina\u00e7\u00e3o p\u00fablica que beneficiam tanto o rico quanto o pobre.<br \/>\n5. A cidade \u00e9 pobre de drenagem, saneamento e zelo<\/p>\n<p>Especialistas em gest\u00e3o p\u00fablica defendem que o evento \u00e9 necess\u00e1rio para a autoestima do povo e para girar a economia (hot\u00e9is, com\u00e9rcio ambulante e servi\u00e7os), mas alertam que o excesso compromete a cidadania. O S\u00e3o Jo\u00e3o de Petrolina, por exemplo, \u00e9 uma refer\u00eancia, mas o custo passou do aceit\u00e1vel. N\u00e3o \u00e9 \u201cn\u00e3o fazer a festa\u201d, \u00e9 fazer com responsabilidade.<\/p>\n<p>\u201c<em>Uma coisa n\u00e3o pode anular a outra. O setor p\u00fablico tem o dever de oferecer cultura, mas o exagero n\u00e3o pode virar regra<\/em>\u201c, afirma o texto que circula entre cr\u00edticos da gest\u00e3o p\u00fablica. O debate atual foca na busca por cach\u00eas justos e na transpar\u00eancia total. Afinal, quem paga a conta \u00e9 o cidad\u00e3o atrav\u00e9s dos seus impostos, independentemente dele estar na frente do palco ou em casa esperando por um asfalto que nunca chega.<\/p>\n<p>O alerta est\u00e1 ligado: que as festas continuem e que o S\u00e3o Jo\u00e3o continue a nos orgulhar, mas que o respeito ao dinheiro p\u00fablico e \u00e0 dor de quem precisa de assist\u00eancia seja a prioridade m\u00e1xima dos gestores.<\/p>\n","protected":false},"excerpt":{"rendered":"<p>O Brasil vive um dilema que se repete a cada ciclo de festas regionais, exposi\u00e7\u00f5es agropecu\u00e1rias e carnavais fora de \u00e9poca: de um lado, a alegria e o fomento econ\u00f4mico gerados pelos grandes eventos; de outro, o uso de verbas p\u00fablicas para custear apresenta\u00e7\u00f5es com valores que ultrapassam a casa dos sete d\u00edgitos. Embora o [&hellip;]<\/p>\n","protected":false},"author":1,"featured_media":83030,"comment_status":"open","ping_status":"open","sticky":false,"template":"","format":"standard","meta":{"_uag_custom_page_level_css":"","_monsterinsights_skip_tracking":false,"_monsterinsights_sitenote_active":false,"_monsterinsights_sitenote_note":"","_monsterinsights_sitenote_category":0,"jetpack_post_was_ever_published":false,"_jetpack_newsletter_access":"","_jetpack_dont_email_post_to_subs":false,"_jetpack_newsletter_tier_id":0,"_jetpack_memberships_contains_paywalled_content":false,"_jetpack_memberships_contains_paid_content":false,"footnotes":"","jetpack_publicize_message":"","jetpack_publicize_feature_enabled":true,"jetpack_social_post_already_shared":true,"jetpack_social_options":{"image_generator_settings":{"template":"highway","default_image_id":0,"font":"","enabled":false},"version":2}},"categories":[851],"tags":[],"class_list":["post-83028","post","type-post","status-publish","format-standard","has-post-thumbnail","hentry","category-petrolina"],"jetpack_publicize_connections":[],"jetpack_featured_media_url":"https:\/\/blogopara.com.br\/wp-content\/uploads\/2026\/01\/abertura-Sao-Joao-Arcoverde.jpg","uagb_featured_image_src":{"full":["https:\/\/blogopara.com.br\/wp-content\/uploads\/2026\/01\/abertura-Sao-Joao-Arcoverde.jpg",500,333,false],"thumbnail":["https:\/\/blogopara.com.br\/wp-content\/uploads\/2026\/01\/abertura-Sao-Joao-Arcoverde-150x150.jpg",150,150,true],"medium":["https:\/\/blogopara.com.br\/wp-content\/uploads\/2026\/01\/abertura-Sao-Joao-Arcoverde-300x200.jpg",300,200,true],"medium_large":["https:\/\/blogopara.com.br\/wp-content\/uploads\/2026\/01\/abertura-Sao-Joao-Arcoverde.jpg",500,333,false],"large":["https:\/\/blogopara.com.br\/wp-content\/uploads\/2026\/01\/abertura-Sao-Joao-Arcoverde.jpg",500,333,false],"1536x1536":["https:\/\/blogopara.com.br\/wp-content\/uploads\/2026\/01\/abertura-Sao-Joao-Arcoverde.jpg",500,333,false],"2048x2048":["https:\/\/blogopara.com.br\/wp-content\/uploads\/2026\/01\/abertura-Sao-Joao-Arcoverde.jpg",500,333,false],"mantranews-slider-large":["https:\/\/blogopara.com.br\/wp-content\/uploads\/2026\/01\/abertura-Sao-Joao-Arcoverde.jpg",500,333,false],"mantranews-featured-medium":["https:\/\/blogopara.com.br\/wp-content\/uploads\/2026\/01\/abertura-Sao-Joao-Arcoverde-420x307.jpg",420,307,true],"mantranews-featured-long":["https:\/\/blogopara.com.br\/wp-content\/uploads\/2026\/01\/abertura-Sao-Joao-Arcoverde-300x333.jpg",300,333,true],"mantranews-block-medium":["https:\/\/blogopara.com.br\/wp-content\/uploads\/2026\/01\/abertura-Sao-Joao-Arcoverde-464x290.jpg",464,290,true],"mantranews-carousel-image":["https:\/\/blogopara.com.br\/wp-content\/uploads\/2026\/01\/abertura-Sao-Joao-Arcoverde.jpg",500,333,false],"mantranews-block-thumb":["https:\/\/blogopara.com.br\/wp-content\/uploads\/2026\/01\/abertura-Sao-Joao-Arcoverde-322x230.jpg",322,230,true],"mantranews-single-large":["https:\/\/blogopara.com.br\/wp-content\/uploads\/2026\/01\/abertura-Sao-Joao-Arcoverde.jpg",500,333,false]},"uagb_author_info":{"display_name":"Reda\u00e7\u00e3o geral","author_link":"https:\/\/blogopara.com.br\/index.php\/author\/blogopara"},"uagb_comment_info":0,"uagb_excerpt":"O Brasil vive um dilema que se repete a cada ciclo de festas regionais, exposi\u00e7\u00f5es agropecu\u00e1rias e carnavais fora de \u00e9poca: de um lado, a alegria e o fomento econ\u00f4mico gerados pelos grandes eventos; de outro, o uso de verbas p\u00fablicas para custear apresenta\u00e7\u00f5es com valores que ultrapassam a casa dos sete d\u00edgitos. Embora o&hellip;","jetpack_sharing_enabled":true,"jetpack_likes_enabled":true,"_links":{"self":[{"href":"https:\/\/blogopara.com.br\/index.php\/wp-json\/wp\/v2\/posts\/83028","targetHints":{"allow":["GET"]}}],"collection":[{"href":"https:\/\/blogopara.com.br\/index.php\/wp-json\/wp\/v2\/posts"}],"about":[{"href":"https:\/\/blogopara.com.br\/index.php\/wp-json\/wp\/v2\/types\/post"}],"author":[{"embeddable":true,"href":"https:\/\/blogopara.com.br\/index.php\/wp-json\/wp\/v2\/users\/1"}],"replies":[{"embeddable":true,"href":"https:\/\/blogopara.com.br\/index.php\/wp-json\/wp\/v2\/comments?post=83028"}],"version-history":[{"count":1,"href":"https:\/\/blogopara.com.br\/index.php\/wp-json\/wp\/v2\/posts\/83028\/revisions"}],"predecessor-version":[{"id":83031,"href":"https:\/\/blogopara.com.br\/index.php\/wp-json\/wp\/v2\/posts\/83028\/revisions\/83031"}],"wp:featuredmedia":[{"embeddable":true,"href":"https:\/\/blogopara.com.br\/index.php\/wp-json\/wp\/v2\/media\/83030"}],"wp:attachment":[{"href":"https:\/\/blogopara.com.br\/index.php\/wp-json\/wp\/v2\/media?parent=83028"}],"wp:term":[{"taxonomy":"category","embeddable":true,"href":"https:\/\/blogopara.com.br\/index.php\/wp-json\/wp\/v2\/categories?post=83028"},{"taxonomy":"post_tag","embeddable":true,"href":"https:\/\/blogopara.com.br\/index.php\/wp-json\/wp\/v2\/tags?post=83028"}],"curies":[{"name":"wp","href":"https:\/\/api.w.org\/{rel}","templated":true}]}}