{"id":83032,"date":"2026-01-26T16:39:56","date_gmt":"2026-01-26T19:39:56","guid":{"rendered":"https:\/\/blogopara.com.br\/?p=83032"},"modified":"2026-01-26T16:39:56","modified_gmt":"2026-01-26T19:39:56","slug":"prefeitura-garante-onibus-corujao-durante-o-carnaval-de-juazeiro-2026","status":"publish","type":"post","link":"https:\/\/blogopara.com.br\/index.php\/2026\/01\/26\/prefeitura-garante-onibus-corujao-durante-o-carnaval-de-juazeiro-2026","title":{"rendered":"Prefeitura garante \u00f4nibus Coruj\u00e3o durante o Carnaval de Juazeiro 2026"},"content":{"rendered":"<p>A Prefeitura de Juazeiro, por meio da Autarquia Municipal de Tr\u00e2nsito e Transporte\/ AMTT, informa que durante o Carnaval de Juazeiro 2026 haver\u00e1 a opera\u00e7\u00e3o especial do \u00f4nibus Coruj\u00e3o. Em todos os dias de festa, os hor\u00e1rios noturnos do transporte coletivo ser\u00e3o ampliados para atender os usu\u00e1rios dos bairros do munic\u00edpio.<\/p>\n<p>As viagens sair\u00e3o do Terminal de \u00d4nibus Urbanos nos hor\u00e1rios de 00h30, 01h30, 02h30 e 04 h, com destino aos bairros da cidade.<\/p>\n<p>De acordo com o supervisor de Transportes da AMTT, Jos\u00e9 Hamilton Barbosa, a amplia\u00e7\u00e3o das viagens \u00e9 necess\u00e1ria devido ao grande fluxo de foli\u00f5es durante o per\u00edodo carnavalesco.<\/p>\n<p>\u201cO Carnaval \u00e9 uma festa que re\u00fane um grande p\u00fablico, e muitos foli\u00f5es utilizam o transporte coletivo. Montamos esse esquema especial ampliando as viagens das linhas dos bairros. Vamos realizar monitoramento e, caso seja necess\u00e1rio, mais ve\u00edculos ser\u00e3o disponibilizados para atender melhor a popula\u00e7\u00e3o\u201d, afirmou.<\/p>\n<p>A AMTT refor\u00e7a ainda que, no primeiro dia do Carnaval (29), ser\u00e1 mantido o hor\u00e1rio normal de quinta-feira, com o acr\u00e9scimo das viagens do Coruj\u00e3o. J\u00e1 nos demais dias de festa, o transporte coletivo seguir\u00e1 o hor\u00e1rio de s\u00e1bado.<\/p>\n<p>O Carnaval de Juazeiro \u00e9 uma realiza\u00e7\u00e3o da Prefeitura Municipal, por meio da Secretaria de Cultura, Turismo e Esportes \/ Seculte, e deve reunir cerca de 100 mil pessoas. A programa\u00e7\u00e3o contar\u00e1 com grandes atra\u00e7\u00f5es e \u00eddolos da m\u00fasica brasileira, como a juazeirense Ivete Sangalo, Bell Marques, Igor Kann\u00e1rio, Psirico, Jo\u00e3o Gomes, Parangol\u00e9, Jammil, Edson Gomes, Rafa e Pipo Marques, Filhos de Jorge, Luiz Caldas, Armandinho, entre outros.<\/p>\n<p>Texto: M\u00e1rcio Reges \u2013 ASCOM AMTT<\/p>\n","protected":false},"excerpt":{"rendered":"<p>A Prefeitura de Juazeiro, por meio da Autarquia Municipal de Tr\u00e2nsito e Transporte\/ AMTT, informa que durante o Carnaval de Juazeiro 2026 haver\u00e1 a opera\u00e7\u00e3o especial do \u00f4nibus Coruj\u00e3o. Em todos os dias de festa, os hor\u00e1rios noturnos do transporte coletivo ser\u00e3o ampliados para atender os usu\u00e1rios dos bairros do munic\u00edpio. As viagens sair\u00e3o do [&hellip;]<\/p>\n","protected":false},"author":1,"featured_media":83033,"comment_status":"open","ping_status":"open","sticky":false,"template":"","format":"standard","meta":{"_uag_custom_page_level_css":"","_monsterinsights_skip_tracking":false,"_monsterinsights_sitenote_active":false,"_monsterinsights_sitenote_note":"","_monsterinsights_sitenote_category":0,"jetpack_post_was_ever_published":false,"_jetpack_newsletter_access":"","_jetpack_dont_email_post_to_subs":false,"_jetpack_newsletter_tier_id":0,"_jetpack_memberships_contains_paywalled_content":false,"_jetpack_memberships_contains_paid_content":false,"footnotes":"","jetpack_publicize_message":"","jetpack_publicize_feature_enabled":true,"jetpack_social_post_already_shared":true,"jetpack_social_options":{"image_generator_settings":{"template":"highway","default_image_id":0,"font":"","enabled":false},"version":2}},"categories":[203],"tags":[],"class_list":["post-83032","post","type-post","status-publish","format-standard","has-post-thumbnail","hentry","category-juazeiro"],"jetpack_publicize_connections":[],"jetpack_featured_media_url":"https:\/\/blogopara.com.br\/wp-content\/uploads\/2026\/01\/transferir-1-4.jpg","uagb_featured_image_src":{"full":["https:\/\/blogopara.com.br\/wp-content\/uploads\/2026\/01\/transferir-1-4.jpg",480,320,false],"thumbnail":["https:\/\/blogopara.com.br\/wp-content\/uploads\/2026\/01\/transferir-1-4-150x150.jpg",150,150,true],"medium":["https:\/\/blogopara.com.br\/wp-content\/uploads\/2026\/01\/transferir-1-4-300x200.jpg",300,200,true],"medium_large":["https:\/\/blogopara.com.br\/wp-content\/uploads\/2026\/01\/transferir-1-4.jpg",480,320,false],"large":["https:\/\/blogopara.com.br\/wp-content\/uploads\/2026\/01\/transferir-1-4.jpg",480,320,false],"1536x1536":["https:\/\/blogopara.com.br\/wp-content\/uploads\/2026\/01\/transferir-1-4.jpg",480,320,false],"2048x2048":["https:\/\/blogopara.com.br\/wp-content\/uploads\/2026\/01\/transferir-1-4.jpg",480,320,false],"mantranews-slider-large":["https:\/\/blogopara.com.br\/wp-content\/uploads\/2026\/01\/transferir-1-4.jpg",480,320,false],"mantranews-featured-medium":["https:\/\/blogopara.com.br\/wp-content\/uploads\/2026\/01\/transferir-1-4-420x307.jpg",420,307,true],"mantranews-featured-long":["https:\/\/blogopara.com.br\/wp-content\/uploads\/2026\/01\/transferir-1-4-300x320.jpg",300,320,true],"mantranews-block-medium":["https:\/\/blogopara.com.br\/wp-content\/uploads\/2026\/01\/transferir-1-4-464x290.jpg",464,290,true],"mantranews-carousel-image":["https:\/\/blogopara.com.br\/wp-content\/uploads\/2026\/01\/transferir-1-4.jpg",480,320,false],"mantranews-block-thumb":["https:\/\/blogopara.com.br\/wp-content\/uploads\/2026\/01\/transferir-1-4-322x230.jpg",322,230,true],"mantranews-single-large":["https:\/\/blogopara.com.br\/wp-content\/uploads\/2026\/01\/transferir-1-4.jpg",480,320,false]},"uagb_author_info":{"display_name":"Reda\u00e7\u00e3o geral","author_link":"https:\/\/blogopara.com.br\/index.php\/author\/blogopara"},"uagb_comment_info":0,"uagb_excerpt":"A Prefeitura de Juazeiro, por meio da Autarquia Municipal de Tr\u00e2nsito e Transporte\/ AMTT, informa que durante o Carnaval de Juazeiro 2026 haver\u00e1 a opera\u00e7\u00e3o especial do \u00f4nibus Coruj\u00e3o. Em todos os dias de festa, os hor\u00e1rios noturnos do transporte coletivo ser\u00e3o ampliados para atender os usu\u00e1rios dos bairros do munic\u00edpio. As viagens sair\u00e3o do&hellip;","jetpack_sharing_enabled":true,"jetpack_likes_enabled":true,"_links":{"self":[{"href":"https:\/\/blogopara.com.br\/index.php\/wp-json\/wp\/v2\/posts\/83032","targetHints":{"allow":["GET"]}}],"collection":[{"href":"https:\/\/blogopara.com.br\/index.php\/wp-json\/wp\/v2\/posts"}],"about":[{"href":"https:\/\/blogopara.com.br\/index.php\/wp-json\/wp\/v2\/types\/post"}],"author":[{"embeddable":true,"href":"https:\/\/blogopara.com.br\/index.php\/wp-json\/wp\/v2\/users\/1"}],"replies":[{"embeddable":true,"href":"https:\/\/blogopara.com.br\/index.php\/wp-json\/wp\/v2\/comments?post=83032"}],"version-history":[{"count":1,"href":"https:\/\/blogopara.com.br\/index.php\/wp-json\/wp\/v2\/posts\/83032\/revisions"}],"predecessor-version":[{"id":83034,"href":"https:\/\/blogopara.com.br\/index.php\/wp-json\/wp\/v2\/posts\/83032\/revisions\/83034"}],"wp:featuredmedia":[{"embeddable":true,"href":"https:\/\/blogopara.com.br\/index.php\/wp-json\/wp\/v2\/media\/83033"}],"wp:attachment":[{"href":"https:\/\/blogopara.com.br\/index.php\/wp-json\/wp\/v2\/media?parent=83032"}],"wp:term":[{"taxonomy":"category","embeddable":true,"href":"https:\/\/blogopara.com.br\/index.php\/wp-json\/wp\/v2\/categories?post=83032"},{"taxonomy":"post_tag","embeddable":true,"href":"https:\/\/blogopara.com.br\/index.php\/wp-json\/wp\/v2\/tags?post=83032"}],"curies":[{"name":"wp","href":"https:\/\/api.w.org\/{rel}","templated":true}]}}