{"id":83035,"date":"2026-01-26T16:41:50","date_gmt":"2026-01-26T19:41:50","guid":{"rendered":"https:\/\/blogopara.com.br\/?p=83035"},"modified":"2026-01-26T16:41:50","modified_gmt":"2026-01-26T19:41:50","slug":"sesau-orienta-vendedores-ambulantes-sobre-cuidados-com-a-saude-durante-o-carnaval-de-juazeiro","status":"publish","type":"post","link":"https:\/\/blogopara.com.br\/index.php\/2026\/01\/26\/sesau-orienta-vendedores-ambulantes-sobre-cuidados-com-a-saude-durante-o-carnaval-de-juazeiro","title":{"rendered":"Sesau orienta vendedores ambulantes sobre cuidados com a sa\u00fade durante o Carnaval de Juazeiro"},"content":{"rendered":"<p>Com a proximidade do Carnaval de Juazeiro, que acontece entre os dias 29 de janeiro e 1\u00ba de fevereiro e marca a abertura dos festejos momescos do Brasil, a Secretaria Municipal de Sa\u00fade (Sesau), por meio da Vigil\u00e2ncia em Sa\u00fade e do Centro de Refer\u00eancia em Sa\u00fade do Trabalhador (Cerest), refor\u00e7a orienta\u00e7\u00f5es importantes voltadas aos vendedores ambulantes que ir\u00e3o atuar durante o per\u00edodo festivo.<\/p>\n<p>A iniciativa tem como objetivo prevenir acidentes, agravos \u00e0 sa\u00fade e promover condi\u00e7\u00f5es mais seguras de trabalho para quem garante renda e movimenta a economia local durante a festa.<\/p>\n<p>Entre os principais cuidados recomendados est\u00e3o:<\/p>\n<p>Uso de bon\u00e9, chap\u00e9u ou similar, como forma de prote\u00e7\u00e3o contra a exposi\u00e7\u00e3o prolongada ao sol;<\/p>\n<p>Utiliza\u00e7\u00e3o de sapatos fechados, que ajudam a prevenir traumas, les\u00f5es e infec\u00e7\u00f5es nos p\u00e9s;<\/p>\n<p>Uso de luvas ao manusear gelo ou objetos aquecidos, reduzindo o risco de queimaduras e hipotermia;<\/p>\n<p>Aplica\u00e7\u00e3o de protetor solar a cada duas horas, como medida preventiva contra o c\u00e2ncer de pele;<\/p>\n<p>Ingest\u00e3o frequente de \u00e1gua, fundamental para evitar desidrata\u00e7\u00e3o e desconforto t\u00e9rmico.<\/p>\n<p>A Sesau destaca que o cuidado com a sa\u00fade do trabalhador \u00e9 essencial para garantir um Carnaval mais seguro, saud\u00e1vel e alegre para todos. As orienta\u00e7\u00f5es fazem parte das a\u00e7\u00f5es cont\u00ednuas de promo\u00e7\u00e3o da sa\u00fade e preven\u00e7\u00e3o de riscos, especialmente em per\u00edodos de grandes eventos, quando a exposi\u00e7\u00e3o ao calor e a sobrecarga de trabalho tendem a ser maiores.<\/p>\n<p>&nbsp;<\/p>\n<p>Camila Santana \u00a0&#8211; Ascom PMJ\/Sesau<\/p>\n","protected":false},"excerpt":{"rendered":"<p>Com a proximidade do Carnaval de Juazeiro, que acontece entre os dias 29 de janeiro e 1\u00ba de fevereiro e marca a abertura dos festejos momescos do Brasil, a Secretaria Municipal de Sa\u00fade (Sesau), por meio da Vigil\u00e2ncia em Sa\u00fade e do Centro de Refer\u00eancia em Sa\u00fade do Trabalhador (Cerest), refor\u00e7a orienta\u00e7\u00f5es importantes voltadas aos [&hellip;]<\/p>\n","protected":false},"author":1,"featured_media":83036,"comment_status":"open","ping_status":"open","sticky":false,"template":"","format":"standard","meta":{"_uag_custom_page_level_css":"","_monsterinsights_skip_tracking":false,"_monsterinsights_sitenote_active":false,"_monsterinsights_sitenote_note":"","_monsterinsights_sitenote_category":0,"jetpack_post_was_ever_published":false,"_jetpack_newsletter_access":"","_jetpack_dont_email_post_to_subs":false,"_jetpack_newsletter_tier_id":0,"_jetpack_memberships_contains_paywalled_content":false,"_jetpack_memberships_contains_paid_content":false,"footnotes":"","jetpack_publicize_message":"","jetpack_publicize_feature_enabled":true,"jetpack_social_post_already_shared":true,"jetpack_social_options":{"image_generator_settings":{"template":"highway","default_image_id":0,"font":"","enabled":false},"version":2}},"categories":[204],"tags":[],"class_list":["post-83035","post","type-post","status-publish","format-standard","has-post-thumbnail","hentry","category-social"],"jetpack_publicize_connections":[],"jetpack_featured_media_url":"https:\/\/blogopara.com.br\/wp-content\/uploads\/2026\/01\/ambulantes1.jpeg","uagb_featured_image_src":{"full":["https:\/\/blogopara.com.br\/wp-content\/uploads\/2026\/01\/ambulantes1.jpeg",502,513,false],"thumbnail":["https:\/\/blogopara.com.br\/wp-content\/uploads\/2026\/01\/ambulantes1-150x150.jpeg",150,150,true],"medium":["https:\/\/blogopara.com.br\/wp-content\/uploads\/2026\/01\/ambulantes1-294x300.jpeg",294,300,true],"medium_large":["https:\/\/blogopara.com.br\/wp-content\/uploads\/2026\/01\/ambulantes1.jpeg",502,513,false],"large":["https:\/\/blogopara.com.br\/wp-content\/uploads\/2026\/01\/ambulantes1.jpeg",502,513,false],"1536x1536":["https:\/\/blogopara.com.br\/wp-content\/uploads\/2026\/01\/ambulantes1.jpeg",502,513,false],"2048x2048":["https:\/\/blogopara.com.br\/wp-content\/uploads\/2026\/01\/ambulantes1.jpeg",502,513,false],"mantranews-slider-large":["https:\/\/blogopara.com.br\/wp-content\/uploads\/2026\/01\/ambulantes1.jpeg",502,513,false],"mantranews-featured-medium":["https:\/\/blogopara.com.br\/wp-content\/uploads\/2026\/01\/ambulantes1-420x307.jpeg",420,307,true],"mantranews-featured-long":["https:\/\/blogopara.com.br\/wp-content\/uploads\/2026\/01\/ambulantes1-300x443.jpeg",300,443,true],"mantranews-block-medium":["https:\/\/blogopara.com.br\/wp-content\/uploads\/2026\/01\/ambulantes1-464x290.jpeg",464,290,true],"mantranews-carousel-image":["https:\/\/blogopara.com.br\/wp-content\/uploads\/2026\/01\/ambulantes1-502x500.jpeg",502,500,true],"mantranews-block-thumb":["https:\/\/blogopara.com.br\/wp-content\/uploads\/2026\/01\/ambulantes1-322x230.jpeg",322,230,true],"mantranews-single-large":["https:\/\/blogopara.com.br\/wp-content\/uploads\/2026\/01\/ambulantes1.jpeg",502,513,false]},"uagb_author_info":{"display_name":"Reda\u00e7\u00e3o geral","author_link":"https:\/\/blogopara.com.br\/index.php\/author\/blogopara"},"uagb_comment_info":0,"uagb_excerpt":"Com a proximidade do Carnaval de Juazeiro, que acontece entre os dias 29 de janeiro e 1\u00ba de fevereiro e marca a abertura dos festejos momescos do Brasil, a Secretaria Municipal de Sa\u00fade (Sesau), por meio da Vigil\u00e2ncia em Sa\u00fade e do Centro de Refer\u00eancia em Sa\u00fade do Trabalhador (Cerest), refor\u00e7a orienta\u00e7\u00f5es importantes voltadas aos&hellip;","jetpack_sharing_enabled":true,"jetpack_likes_enabled":true,"_links":{"self":[{"href":"https:\/\/blogopara.com.br\/index.php\/wp-json\/wp\/v2\/posts\/83035","targetHints":{"allow":["GET"]}}],"collection":[{"href":"https:\/\/blogopara.com.br\/index.php\/wp-json\/wp\/v2\/posts"}],"about":[{"href":"https:\/\/blogopara.com.br\/index.php\/wp-json\/wp\/v2\/types\/post"}],"author":[{"embeddable":true,"href":"https:\/\/blogopara.com.br\/index.php\/wp-json\/wp\/v2\/users\/1"}],"replies":[{"embeddable":true,"href":"https:\/\/blogopara.com.br\/index.php\/wp-json\/wp\/v2\/comments?post=83035"}],"version-history":[{"count":1,"href":"https:\/\/blogopara.com.br\/index.php\/wp-json\/wp\/v2\/posts\/83035\/revisions"}],"predecessor-version":[{"id":83037,"href":"https:\/\/blogopara.com.br\/index.php\/wp-json\/wp\/v2\/posts\/83035\/revisions\/83037"}],"wp:featuredmedia":[{"embeddable":true,"href":"https:\/\/blogopara.com.br\/index.php\/wp-json\/wp\/v2\/media\/83036"}],"wp:attachment":[{"href":"https:\/\/blogopara.com.br\/index.php\/wp-json\/wp\/v2\/media?parent=83035"}],"wp:term":[{"taxonomy":"category","embeddable":true,"href":"https:\/\/blogopara.com.br\/index.php\/wp-json\/wp\/v2\/categories?post=83035"},{"taxonomy":"post_tag","embeddable":true,"href":"https:\/\/blogopara.com.br\/index.php\/wp-json\/wp\/v2\/tags?post=83035"}],"curies":[{"name":"wp","href":"https:\/\/api.w.org\/{rel}","templated":true}]}}