{"id":83038,"date":"2026-01-26T16:43:32","date_gmt":"2026-01-26T19:43:32","guid":{"rendered":"https:\/\/blogopara.com.br\/?p=83038"},"modified":"2026-01-26T16:43:32","modified_gmt":"2026-01-26T19:43:32","slug":"mercados-municipais-realizam-previa-do-carnaval-de-juazeiro-2026","status":"publish","type":"post","link":"https:\/\/blogopara.com.br\/index.php\/2026\/01\/26\/mercados-municipais-realizam-previa-do-carnaval-de-juazeiro-2026","title":{"rendered":"Mercados Municipais realizam pr\u00e9via do Carnaval de Juazeiro 2026"},"content":{"rendered":"<p>O clima de Carnaval j\u00e1 toma conta da cidade. De 29 de janeiro a 1\u00ba de fevereiro, a Prefeitura de Juazeiro, em parceria com a Secretaria de Cultura, Turismo e Esportes \u2013 Seculte, promove o Carnaval de Juazeiro 2026, com apresenta\u00e7\u00f5es de grandes nomes do ax\u00e9, pagode, reggae, arrocha e forr\u00f3. Uma verdadeira mistura de ritmos, cores e alegria.<\/p>\n<p>Entrando no clima da festa, os Mercados Municipais de Juazeiro iniciaram a pr\u00e9via carnavalesca com uma programa\u00e7\u00e3o especial. Na sexta-feira (23), o cantor Manass\u00e9s animou permission\u00e1rios e clientes que visitavam o Mercado Popular. J\u00e1 no s\u00e1bado (24), a Orquestra Metais de Ouro relembrou os antigos carnavais, trazendo cl\u00e1ssicos que fizeram o p\u00fablico cair na dan\u00e7a e mergulhar na cultura carnavalesca.<\/p>\n<p>Quem tamb\u00e9m marcou presen\u00e7a foi Seu Jo\u00e3o Ciriaco, conhecido como o \u201cVov\u00f4 Dan\u00e7arino\u201d, que aproveitou as marchinhas para mostrar anima\u00e7\u00e3o e alegria. \u201cEstou gos<\/p>\n<p>De acordo com o superintendente de Feiras e Mercados de Juazeiro, Francisco Oliveira, a iniciativa \u00e9 fruto de uma parceria entre a Autarquia Municipal de Abastecimento (AMA) e os permission\u00e1rios. \u201cO Carnaval dos Mercados tem o objetivo de levar a alegria e a energia do Carnaval para os entrepostos de feiras e mercados municipais, animando as pessoas e aquecendo o com\u00e9rcio\u201d, afirmou.<\/p>\n<p>&nbsp;<\/p>\n<p>Texto: M\u00e1rcio Reges \u2013 ASCOM AMTT<\/p>\n","protected":false},"excerpt":{"rendered":"<p>O clima de Carnaval j\u00e1 toma conta da cidade. De 29 de janeiro a 1\u00ba de fevereiro, a Prefeitura de Juazeiro, em parceria com a Secretaria de Cultura, Turismo e Esportes \u2013 Seculte, promove o Carnaval de Juazeiro 2026, com apresenta\u00e7\u00f5es de grandes nomes do ax\u00e9, pagode, reggae, arrocha e forr\u00f3. Uma verdadeira mistura de [&hellip;]<\/p>\n","protected":false},"author":1,"featured_media":83039,"comment_status":"open","ping_status":"open","sticky":false,"template":"","format":"standard","meta":{"_uag_custom_page_level_css":"","_monsterinsights_skip_tracking":false,"_monsterinsights_sitenote_active":false,"_monsterinsights_sitenote_note":"","_monsterinsights_sitenote_category":0,"jetpack_post_was_ever_published":false,"_jetpack_newsletter_access":"","_jetpack_dont_email_post_to_subs":false,"_jetpack_newsletter_tier_id":0,"_jetpack_memberships_contains_paywalled_content":false,"_jetpack_memberships_contains_paid_content":false,"footnotes":"","jetpack_publicize_message":"","jetpack_publicize_feature_enabled":true,"jetpack_social_post_already_shared":true,"jetpack_social_options":{"image_generator_settings":{"template":"highway","default_image_id":0,"font":"","enabled":false},"version":2}},"categories":[203],"tags":[],"class_list":["post-83038","post","type-post","status-publish","format-standard","has-post-thumbnail","hentry","category-juazeiro"],"jetpack_publicize_connections":[],"jetpack_featured_media_url":"https:\/\/blogopara.com.br\/wp-content\/uploads\/2026\/01\/transferir-3-1.jpg","uagb_featured_image_src":{"full":["https:\/\/blogopara.com.br\/wp-content\/uploads\/2026\/01\/transferir-3-1.jpg",450,360,false],"thumbnail":["https:\/\/blogopara.com.br\/wp-content\/uploads\/2026\/01\/transferir-3-1-150x150.jpg",150,150,true],"medium":["https:\/\/blogopara.com.br\/wp-content\/uploads\/2026\/01\/transferir-3-1-300x240.jpg",300,240,true],"medium_large":["https:\/\/blogopara.com.br\/wp-content\/uploads\/2026\/01\/transferir-3-1.jpg",450,360,false],"large":["https:\/\/blogopara.com.br\/wp-content\/uploads\/2026\/01\/transferir-3-1.jpg",450,360,false],"1536x1536":["https:\/\/blogopara.com.br\/wp-content\/uploads\/2026\/01\/transferir-3-1.jpg",450,360,false],"2048x2048":["https:\/\/blogopara.com.br\/wp-content\/uploads\/2026\/01\/transferir-3-1.jpg",450,360,false],"mantranews-slider-large":["https:\/\/blogopara.com.br\/wp-content\/uploads\/2026\/01\/transferir-3-1.jpg",450,360,false],"mantranews-featured-medium":["https:\/\/blogopara.com.br\/wp-content\/uploads\/2026\/01\/transferir-3-1-420x307.jpg",420,307,true],"mantranews-featured-long":["https:\/\/blogopara.com.br\/wp-content\/uploads\/2026\/01\/transferir-3-1-300x360.jpg",300,360,true],"mantranews-block-medium":["https:\/\/blogopara.com.br\/wp-content\/uploads\/2026\/01\/transferir-3-1-450x290.jpg",450,290,true],"mantranews-carousel-image":["https:\/\/blogopara.com.br\/wp-content\/uploads\/2026\/01\/transferir-3-1.jpg",450,360,false],"mantranews-block-thumb":["https:\/\/blogopara.com.br\/wp-content\/uploads\/2026\/01\/transferir-3-1-322x230.jpg",322,230,true],"mantranews-single-large":["https:\/\/blogopara.com.br\/wp-content\/uploads\/2026\/01\/transferir-3-1.jpg",450,360,false]},"uagb_author_info":{"display_name":"Reda\u00e7\u00e3o geral","author_link":"https:\/\/blogopara.com.br\/index.php\/author\/blogopara"},"uagb_comment_info":0,"uagb_excerpt":"O clima de Carnaval j\u00e1 toma conta da cidade. De 29 de janeiro a 1\u00ba de fevereiro, a Prefeitura de Juazeiro, em parceria com a Secretaria de Cultura, Turismo e Esportes \u2013 Seculte, promove o Carnaval de Juazeiro 2026, com apresenta\u00e7\u00f5es de grandes nomes do ax\u00e9, pagode, reggae, arrocha e forr\u00f3. Uma verdadeira mistura de&hellip;","jetpack_sharing_enabled":true,"jetpack_likes_enabled":true,"_links":{"self":[{"href":"https:\/\/blogopara.com.br\/index.php\/wp-json\/wp\/v2\/posts\/83038","targetHints":{"allow":["GET"]}}],"collection":[{"href":"https:\/\/blogopara.com.br\/index.php\/wp-json\/wp\/v2\/posts"}],"about":[{"href":"https:\/\/blogopara.com.br\/index.php\/wp-json\/wp\/v2\/types\/post"}],"author":[{"embeddable":true,"href":"https:\/\/blogopara.com.br\/index.php\/wp-json\/wp\/v2\/users\/1"}],"replies":[{"embeddable":true,"href":"https:\/\/blogopara.com.br\/index.php\/wp-json\/wp\/v2\/comments?post=83038"}],"version-history":[{"count":1,"href":"https:\/\/blogopara.com.br\/index.php\/wp-json\/wp\/v2\/posts\/83038\/revisions"}],"predecessor-version":[{"id":83040,"href":"https:\/\/blogopara.com.br\/index.php\/wp-json\/wp\/v2\/posts\/83038\/revisions\/83040"}],"wp:featuredmedia":[{"embeddable":true,"href":"https:\/\/blogopara.com.br\/index.php\/wp-json\/wp\/v2\/media\/83039"}],"wp:attachment":[{"href":"https:\/\/blogopara.com.br\/index.php\/wp-json\/wp\/v2\/media?parent=83038"}],"wp:term":[{"taxonomy":"category","embeddable":true,"href":"https:\/\/blogopara.com.br\/index.php\/wp-json\/wp\/v2\/categories?post=83038"},{"taxonomy":"post_tag","embeddable":true,"href":"https:\/\/blogopara.com.br\/index.php\/wp-json\/wp\/v2\/tags?post=83038"}],"curies":[{"name":"wp","href":"https:\/\/api.w.org\/{rel}","templated":true}]}}