{"id":83048,"date":"2026-01-27T10:28:32","date_gmt":"2026-01-27T13:28:32","guid":{"rendered":"https:\/\/blogopara.com.br\/?p=83048"},"modified":"2026-01-27T10:28:32","modified_gmt":"2026-01-27T13:28:32","slug":"fisiculturista-baiano-vice-campeao-mundial-morre-ao-sofrer-infarto","status":"publish","type":"post","link":"https:\/\/blogopara.com.br\/index.php\/2026\/01\/27\/fisiculturista-baiano-vice-campeao-mundial-morre-ao-sofrer-infarto","title":{"rendered":"Fisiculturista baiano vice-campe\u00e3o mundial morre ao sofrer infarto"},"content":{"rendered":"<div class=\"flex flex-col w-full font-normal text-[18px] leading-[30px] text-tw-theme-text-default\">\n<p id=\"paragrafo-1w9nl6qdcd\">O fisiculturismo brasileiro perdeu um de seus grandes nomes. Jader Jos\u00e9 Cristo morreu no \u00faltimo domingo (25), aos 60 anos, em Colatina, no interior do Esp\u00edrito Santo, cidade onde construiu boa parte de sua hist\u00f3ria dentro e fora dos palcos.<\/p>\n<\/div>\n<div class=\"flex flex-col w-full font-normal text-[18px] leading-[30px] text-tw-theme-text-default\">\n<p id=\"paragrafo-z57mu4do4s\">Natural de Salvador, Jader morava h\u00e1 anos em Colatina. Ali, atuava como personal trainer, comandava uma academia voltada ao universo fitness e tamb\u00e9m se dedicava \u00e0 forma\u00e7\u00e3o de escoteiros na regi\u00e3o.<\/p>\n<\/div>\n<div class=\"flex flex-col w-full font-normal text-[18px] leading-[30px] text-tw-theme-text-default\">\n<p id=\"paragrafo-1ivag1mitv\">Segundo informa\u00e7\u00f5es confirmadas pela fam\u00edlia \u00e0 TV Gazeta, Jader morreu em casa ap\u00f3s sofrer um infarto.\u00a0O vel\u00f3rio ocorreu na manh\u00e3 desta segunda-feira, na quadra de esportes da cidade. Em seguida, o corpo foi sepultado no Cemit\u00e9rio de Sapucaia, em Maril\u00e2ndia.<\/p>\n<\/div>\n<div class=\"flex flex-col w-full font-normal text-[18px] leading-[30px] text-tw-theme-text-default\">\n<p id=\"paragrafo-ayve56kb8f\"><b>Carreira de t\u00edtulos e reconhecimento internacional<\/b><\/p>\n<\/div>\n<div class=\"flex flex-col w-full font-normal text-[18px] leading-[30px] text-tw-theme-text-default\">\n<p id=\"paragrafo-n8mfdl90p2\">Nos palcos, Jader Cristo construiu uma trajet\u00f3ria de respeito. No Brasil, foi campe\u00e3o nacional em cinco oportunidades: 1997, 1998, 1999, 2002 e 2003. No cen\u00e1rio sul-americano, dominou a modalidade ao conquistar sete t\u00edtulos consecutivos entre 2004 e 2010.<\/p>\n<\/div>\n<div class=\"flex flex-col w-full font-normal text-[18px] leading-[30px] text-tw-theme-text-default\">\n<p id=\"paragrafo-8tkwuxys8y\">Em 2009, alcan\u00e7ou um dos pontos mais altos da carreira ao se tornar vice-campe\u00e3o mundial, consolidando seu nome entre os grandes do fisiculturismo internacional.<\/p>\n<\/div>\n<div class=\"flex flex-col w-full font-normal text-[18px] leading-[30px] text-tw-theme-text-default\">\n<p id=\"paragrafo-fkr1prb0su\">Jader era casado com Vera Cremonini e deixa dois filhos.<\/p>\n<\/div>\n<div class=\"flex flex-col w-full font-normal text-[18px] leading-[30px] text-tw-theme-text-default\">\n<p id=\"paragrafo-myaquvjuol\"><b>Homenagens e despedidas<\/b><\/p>\n<\/div>\n<div class=\"flex flex-col w-full font-normal text-[18px] leading-[30px] text-tw-theme-text-default\">\n<p id=\"paragrafo-bcf8mtw3ba\">A morte do atleta gerou uma onda de homenagens nas redes sociais. Amigo pr\u00f3ximo, o vereador Claudinei Costa lamentou a perda e destacou a import\u00e2ncia de Jader em sua vida. \u201cFicam a saudade e as boas lembran\u00e7as de um amigo que partiu cedo demais\u201d, afirmou. \u201cSua presen\u00e7a marcou nossas vidas e seu jeito jamais ser\u00e1 esquecido\u201d, completou.<\/p>\n<\/div>\n<div class=\"flex flex-col w-full font-normal text-[18px] leading-[30px] text-tw-theme-text-default\">\n<p id=\"paragrafo-ae5qj60q2o\">A Federa\u00e7\u00e3o Capixaba de Bodybuilding e Fitness tamb\u00e9m exaltou o legado deixado pelo fisiculturista. \u201cJader deixou seu legado, um ex\u00edmio posado que encantava o p\u00fablico com sua coreografia, al\u00e9m de um f\u00edsico harm\u00f4nico e muito bem condicionado\u201d.<\/p>\n<\/div>\n<div class=\"flex flex-col w-full font-normal text-[18px] leading-[30px] text-tw-theme-text-default\">\n<p id=\"paragrafo-1vzhp92qwk\">Em nota emocionada, a entidade finalizou: \u201cSua hist\u00f3ria ser\u00e1 para sempre nossa b\u00fassola e nossa alegria, nossa maior lembran\u00e7a. Descanse em paz, eterno campe\u00e3o. Seu brilho agora ilumina outros palcos, mas sua marca ser\u00e1 eterna\u201d.<\/p>\n<\/div>\n<div class=\"flex flex-col w-full font-normal text-[18px] leading-[30px] text-tw-theme-text-default\">\n<p id=\"paragrafo-xbu5c6ebto\">A se\u00e7\u00e3o capixaba dos Escoteiros do Brasil tamb\u00e9m prestou homenagem. \u201cSua hist\u00f3ria permanece viva na mem\u00f3ria, nos ensinamentos e no cora\u00e7\u00e3o de todos que tiveram o privil\u00e9gio de caminhar ao seu lado\u201d.<\/p>\n<\/div>\n","protected":false},"excerpt":{"rendered":"<p>O fisiculturismo brasileiro perdeu um de seus grandes nomes. Jader Jos\u00e9 Cristo morreu no \u00faltimo domingo (25), aos 60 anos, em Colatina, no interior do Esp\u00edrito Santo, cidade onde construiu boa parte de sua hist\u00f3ria dentro e fora dos palcos. Natural de Salvador, Jader morava h\u00e1 anos em Colatina. Ali, atuava como personal trainer, comandava [&hellip;]<\/p>\n","protected":false},"author":1,"featured_media":83052,"comment_status":"open","ping_status":"open","sticky":false,"template":"","format":"standard","meta":{"_uag_custom_page_level_css":"","_monsterinsights_skip_tracking":false,"_monsterinsights_sitenote_active":false,"_monsterinsights_sitenote_note":"","_monsterinsights_sitenote_category":0,"jetpack_post_was_ever_published":false,"_jetpack_newsletter_access":"","_jetpack_dont_email_post_to_subs":false,"_jetpack_newsletter_tier_id":0,"_jetpack_memberships_contains_paywalled_content":false,"_jetpack_memberships_contains_paid_content":false,"footnotes":"","jetpack_publicize_message":"","jetpack_publicize_feature_enabled":true,"jetpack_social_post_already_shared":true,"jetpack_social_options":{"image_generator_settings":{"template":"highway","default_image_id":0,"font":"","enabled":false},"version":2}},"categories":[199],"tags":[],"class_list":["post-83048","post","type-post","status-publish","format-standard","has-post-thumbnail","hentry","category-bahia"],"jetpack_publicize_connections":[],"jetpack_featured_media_url":"https:\/\/blogopara.com.br\/wp-content\/uploads\/2026\/01\/Capturar-48.jpg","uagb_featured_image_src":{"full":["https:\/\/blogopara.com.br\/wp-content\/uploads\/2026\/01\/Capturar-48.jpg",500,283,false],"thumbnail":["https:\/\/blogopara.com.br\/wp-content\/uploads\/2026\/01\/Capturar-48-150x150.jpg",150,150,true],"medium":["https:\/\/blogopara.com.br\/wp-content\/uploads\/2026\/01\/Capturar-48-300x170.jpg",300,170,true],"medium_large":["https:\/\/blogopara.com.br\/wp-content\/uploads\/2026\/01\/Capturar-48.jpg",500,283,false],"large":["https:\/\/blogopara.com.br\/wp-content\/uploads\/2026\/01\/Capturar-48.jpg",500,283,false],"1536x1536":["https:\/\/blogopara.com.br\/wp-content\/uploads\/2026\/01\/Capturar-48.jpg",500,283,false],"2048x2048":["https:\/\/blogopara.com.br\/wp-content\/uploads\/2026\/01\/Capturar-48.jpg",500,283,false],"mantranews-slider-large":["https:\/\/blogopara.com.br\/wp-content\/uploads\/2026\/01\/Capturar-48.jpg",500,283,false],"mantranews-featured-medium":["https:\/\/blogopara.com.br\/wp-content\/uploads\/2026\/01\/Capturar-48-420x283.jpg",420,283,true],"mantranews-featured-long":["https:\/\/blogopara.com.br\/wp-content\/uploads\/2026\/01\/Capturar-48-300x283.jpg",300,283,true],"mantranews-block-medium":["https:\/\/blogopara.com.br\/wp-content\/uploads\/2026\/01\/Capturar-48-464x283.jpg",464,283,true],"mantranews-carousel-image":["https:\/\/blogopara.com.br\/wp-content\/uploads\/2026\/01\/Capturar-48.jpg",500,283,false],"mantranews-block-thumb":["https:\/\/blogopara.com.br\/wp-content\/uploads\/2026\/01\/Capturar-48-322x230.jpg",322,230,true],"mantranews-single-large":["https:\/\/blogopara.com.br\/wp-content\/uploads\/2026\/01\/Capturar-48.jpg",500,283,false]},"uagb_author_info":{"display_name":"Reda\u00e7\u00e3o geral","author_link":"https:\/\/blogopara.com.br\/index.php\/author\/blogopara"},"uagb_comment_info":0,"uagb_excerpt":"O fisiculturismo brasileiro perdeu um de seus grandes nomes. Jader Jos\u00e9 Cristo morreu no \u00faltimo domingo (25), aos 60 anos, em Colatina, no interior do Esp\u00edrito Santo, cidade onde construiu boa parte de sua hist\u00f3ria dentro e fora dos palcos. Natural de Salvador, Jader morava h\u00e1 anos em Colatina. Ali, atuava como personal trainer, comandava&hellip;","jetpack_sharing_enabled":true,"jetpack_likes_enabled":true,"_links":{"self":[{"href":"https:\/\/blogopara.com.br\/index.php\/wp-json\/wp\/v2\/posts\/83048","targetHints":{"allow":["GET"]}}],"collection":[{"href":"https:\/\/blogopara.com.br\/index.php\/wp-json\/wp\/v2\/posts"}],"about":[{"href":"https:\/\/blogopara.com.br\/index.php\/wp-json\/wp\/v2\/types\/post"}],"author":[{"embeddable":true,"href":"https:\/\/blogopara.com.br\/index.php\/wp-json\/wp\/v2\/users\/1"}],"replies":[{"embeddable":true,"href":"https:\/\/blogopara.com.br\/index.php\/wp-json\/wp\/v2\/comments?post=83048"}],"version-history":[{"count":1,"href":"https:\/\/blogopara.com.br\/index.php\/wp-json\/wp\/v2\/posts\/83048\/revisions"}],"predecessor-version":[{"id":83053,"href":"https:\/\/blogopara.com.br\/index.php\/wp-json\/wp\/v2\/posts\/83048\/revisions\/83053"}],"wp:featuredmedia":[{"embeddable":true,"href":"https:\/\/blogopara.com.br\/index.php\/wp-json\/wp\/v2\/media\/83052"}],"wp:attachment":[{"href":"https:\/\/blogopara.com.br\/index.php\/wp-json\/wp\/v2\/media?parent=83048"}],"wp:term":[{"taxonomy":"category","embeddable":true,"href":"https:\/\/blogopara.com.br\/index.php\/wp-json\/wp\/v2\/categories?post=83048"},{"taxonomy":"post_tag","embeddable":true,"href":"https:\/\/blogopara.com.br\/index.php\/wp-json\/wp\/v2\/tags?post=83048"}],"curies":[{"name":"wp","href":"https:\/\/api.w.org\/{rel}","templated":true}]}}