{"id":83060,"date":"2026-01-27T10:55:33","date_gmt":"2026-01-27T13:55:33","guid":{"rendered":"https:\/\/blogopara.com.br\/?p=83060"},"modified":"2026-01-27T10:55:33","modified_gmt":"2026-01-27T13:55:33","slug":"amtt-define-esquema-especial-de-transito-para-o-carnaval-de-juazeiro-2026","status":"publish","type":"post","link":"https:\/\/blogopara.com.br\/index.php\/2026\/01\/27\/amtt-define-esquema-especial-de-transito-para-o-carnaval-de-juazeiro-2026","title":{"rendered":"AMTT define esquema especial de tr\u00e2nsito para o Carnaval de Juazeiro 2026"},"content":{"rendered":"<p>Com o objetivo de garantir a seguran\u00e7a vi\u00e1ria dos foli\u00f5es e reduzir os impactos no tr\u00e1fego, a Autarquia Municipal de Tr\u00e2nsito e Transportes (AMTT) organizou um esquema especial de tr\u00e2nsito para o Carnaval de Juazeiro 2026.<\/p>\n<p>As interdi\u00e7\u00f5es j\u00e1 tiveram in\u00edcio para a montagem da estrutura do evento, como camarotes, palcos e postos de servi\u00e7o das for\u00e7as de seguran\u00e7a e atendimento.<\/p>\n<p>Para assegurar a seguran\u00e7a, o conforto e o bem-estar do p\u00fablico, uma for\u00e7a-tarefa envolvendo o Conselho Regional de Engenharia e Agronomia (CREA) e o Corpo de Bombeiros est\u00e1 realizando vistorias t\u00e9cnicas, garantindo que o evento aconte\u00e7a sem incidentes.<\/p>\n<p>As interdi\u00e7\u00f5es come\u00e7aram nas ruas Am\u00e9rico Alves, Fernandes da Cunha, Castro Alves e Colizeu, al\u00e9m da Avenida Carmela Dutra e Orla II. No Circuito Ivete Sangalo, que compreende a Avenida Adolfo Viana e a Orla I, durante os dias de festa haver\u00e1 barreiras m\u00f3veis nas ruas Oscar Ribeiro, Elisabete Safira, Coronel Jo\u00e3o Evangelista, Juv\u00eancio Alves, Ant\u00f4nio Pedro, Henrique Rocha e na Pra\u00e7a S\u00e3o Tiago Maior, possibilitando o deslocamento eventual de ambul\u00e2ncias e viaturas. Nas demais vias do circuito, ser\u00e3o instaladas barreiras fixas com estrutura met\u00e1lica.<\/p>\n<p>A AMTT refor\u00e7a que, durante o Carnaval, a partir das 14h, ser\u00e1 proibida a circula\u00e7\u00e3o de ve\u00edculos na Avenida Adolfo Viana e nas Orlas I e II. Os ve\u00edculos estacionados nessas vias ser\u00e3o removidos para o p\u00e1tio da AMTT. A orienta\u00e7\u00e3o tamb\u00e9m vale para os ve\u00edculos de moradores que residem nessas vias.<\/p>\n<p>Vias alternativas<\/p>\n<p>Com a passagem dos trios el\u00e9tricos e as apresenta\u00e7\u00f5es no Circuito Ivete Sangalo, a Avenida Adolfo Viana e a Orla I permanecer\u00e3o interditadas. Os condutores que estiverem chegando de Petrolina (PE) e desejarem seguir para os bairros Cajueiro, Centen\u00e1rio e S\u00e3o Geraldo devem acessar a Avenida Raul Alves e, nas proximidades da Coelba, utilizar o pontilh\u00e3o no sentido da feira livre. Em seguida, devem seguir pela Rua Ozelina Dias da Silva (Rua da SOTE), Avenida Ulisses Guimar\u00e3es, sentido gin\u00e1sio de esportes, e Avenida Flaviano Guimar\u00e3es, dando continuidade ao trajeto. Para quem estiver nesses bairros e desejar se deslocar para Petrolina, o percurso deve ser feito no sentido oposto.<\/p>\n<p>O bom foli\u00e3o n\u00e3o combina \u00e1lcool e dire\u00e7\u00e3o<\/p>\n<p>A AMTT refor\u00e7a a campanha de conscientiza\u00e7\u00e3o sobre os riscos de dirigir sob efeito de \u00e1lcool, uma das principais causas de acidentes fatais, por reduzir drasticamente os reflexos e a capacidade de rea\u00e7\u00e3o do motorista. Durante os dias de Carnaval, o transporte coletivo contar\u00e1 com refor\u00e7o do \u00f4nibus Coruj\u00e3o, com sa\u00eddas do Terminal de \u00d4nibus Urbanos \u00e0s 00h30, 01h30, 02h30 e 04h, atendendo diversos bairros da cidade.<\/p>\n<p>T\u00e1xis e Motot\u00e1xis ficar\u00e3o em pontos estrat\u00e9gicos, localizados na Rua G\u00f3es Calmon e na \u00c1rea Banc\u00e1ria, no Centro, al\u00e9m da Rua Jos\u00e9 Petitinga, no bairro Santo Ant\u00f4nio. A AMTT orienta ainda que motoristas por aplicativo realizem embarque e desembarque a uma dist\u00e2ncia segura dos circuitos.<\/p>\n<p>Barquinhas<\/p>\n<p>As barquinhas \u00e9 uma \u00f3tima op\u00e7\u00e3o para os foli\u00f5es que vem da cidade de Petrolina. Durante o carnaval de Juazeiro as barquinhas ir\u00e3o funcionar 24 horas.<\/p>\n<p>O diretor-presidente da AMTT, Mitonho Vargas, refor\u00e7ou a import\u00e2ncia do respeito \u00e0s leis de tr\u00e2nsito. \u201cEstamos com toda a equipe da AMTT empenhada para garantir um Carnaval sem incidentes no tr\u00e2nsito. Para isso, solicitamos a colabora\u00e7\u00e3o e compreens\u00e3o dos condutores, seguindo todas as orienta\u00e7\u00f5es e evitando trafegar pelas vias pr\u00f3ximas aos circuitos da folia\u201d, destacou.<\/p>\n<p>Acesso \u00e0 Ponte Presidente Dutra<\/p>\n<p>Ap\u00f3s o t\u00e9rmino das apresenta\u00e7\u00f5es, os trios el\u00e9tricos seguir\u00e3o na contram\u00e3o pela Avenida Santos Dumont at\u00e9 o Posto Pinheiro. Nesse momento, o acesso \u00e0 rampa da Ponte Presidente Dutra ficar\u00e1 temporariamente interditado, com agentes da AMTT realizando a ordena\u00e7\u00e3o do tr\u00e1fego.<\/p>\n<p>O Carnaval de Juazeiro 2026 \u00e9 uma realiza\u00e7\u00e3o da Prefeitura Municipal, em parceria com a Secretaria de Cultura, Turismo e Esportes \/ Seculte. Prepare sua fantasia e venha cair na folia, porque o carnaval do Brasil come\u00e7a aqui.<\/p>\n<h1 class=\"post-title title-lg\"><\/h1>\n","protected":false},"excerpt":{"rendered":"<p>Com o objetivo de garantir a seguran\u00e7a vi\u00e1ria dos foli\u00f5es e reduzir os impactos no tr\u00e1fego, a Autarquia Municipal de Tr\u00e2nsito e Transportes (AMTT) organizou um esquema especial de tr\u00e2nsito para o Carnaval de Juazeiro 2026. As interdi\u00e7\u00f5es j\u00e1 tiveram in\u00edcio para a montagem da estrutura do evento, como camarotes, palcos e postos de servi\u00e7o [&hellip;]<\/p>\n","protected":false},"author":1,"featured_media":83064,"comment_status":"open","ping_status":"open","sticky":false,"template":"","format":"standard","meta":{"_uag_custom_page_level_css":"","_monsterinsights_skip_tracking":false,"_monsterinsights_sitenote_active":false,"_monsterinsights_sitenote_note":"","_monsterinsights_sitenote_category":0,"jetpack_post_was_ever_published":false,"_jetpack_newsletter_access":"","_jetpack_dont_email_post_to_subs":false,"_jetpack_newsletter_tier_id":0,"_jetpack_memberships_contains_paywalled_content":false,"_jetpack_memberships_contains_paid_content":false,"footnotes":"","jetpack_publicize_message":"","jetpack_publicize_feature_enabled":true,"jetpack_social_post_already_shared":true,"jetpack_social_options":{"image_generator_settings":{"template":"highway","default_image_id":0,"font":"","enabled":false},"version":2}},"categories":[203],"tags":[],"class_list":["post-83060","post","type-post","status-publish","format-standard","has-post-thumbnail","hentry","category-juazeiro"],"jetpack_publicize_connections":[],"jetpack_featured_media_url":"https:\/\/blogopara.com.br\/wp-content\/uploads\/2026\/01\/IMG-20260126-WA0118-300x200-1.jpg","uagb_featured_image_src":{"full":["https:\/\/blogopara.com.br\/wp-content\/uploads\/2026\/01\/IMG-20260126-WA0118-300x200-1.jpg",450,300,false],"thumbnail":["https:\/\/blogopara.com.br\/wp-content\/uploads\/2026\/01\/IMG-20260126-WA0118-300x200-1-150x150.jpg",150,150,true],"medium":["https:\/\/blogopara.com.br\/wp-content\/uploads\/2026\/01\/IMG-20260126-WA0118-300x200-1-300x200.jpg",300,200,true],"medium_large":["https:\/\/blogopara.com.br\/wp-content\/uploads\/2026\/01\/IMG-20260126-WA0118-300x200-1.jpg",450,300,false],"large":["https:\/\/blogopara.com.br\/wp-content\/uploads\/2026\/01\/IMG-20260126-WA0118-300x200-1.jpg",450,300,false],"1536x1536":["https:\/\/blogopara.com.br\/wp-content\/uploads\/2026\/01\/IMG-20260126-WA0118-300x200-1.jpg",450,300,false],"2048x2048":["https:\/\/blogopara.com.br\/wp-content\/uploads\/2026\/01\/IMG-20260126-WA0118-300x200-1.jpg",450,300,false],"mantranews-slider-large":["https:\/\/blogopara.com.br\/wp-content\/uploads\/2026\/01\/IMG-20260126-WA0118-300x200-1.jpg",450,300,false],"mantranews-featured-medium":["https:\/\/blogopara.com.br\/wp-content\/uploads\/2026\/01\/IMG-20260126-WA0118-300x200-1-420x300.jpg",420,300,true],"mantranews-featured-long":["https:\/\/blogopara.com.br\/wp-content\/uploads\/2026\/01\/IMG-20260126-WA0118-300x200-1-300x300.jpg",300,300,true],"mantranews-block-medium":["https:\/\/blogopara.com.br\/wp-content\/uploads\/2026\/01\/IMG-20260126-WA0118-300x200-1-450x290.jpg",450,290,true],"mantranews-carousel-image":["https:\/\/blogopara.com.br\/wp-content\/uploads\/2026\/01\/IMG-20260126-WA0118-300x200-1.jpg",450,300,false],"mantranews-block-thumb":["https:\/\/blogopara.com.br\/wp-content\/uploads\/2026\/01\/IMG-20260126-WA0118-300x200-1-322x230.jpg",322,230,true],"mantranews-single-large":["https:\/\/blogopara.com.br\/wp-content\/uploads\/2026\/01\/IMG-20260126-WA0118-300x200-1.jpg",450,300,false]},"uagb_author_info":{"display_name":"Reda\u00e7\u00e3o geral","author_link":"https:\/\/blogopara.com.br\/index.php\/author\/blogopara"},"uagb_comment_info":0,"uagb_excerpt":"Com o objetivo de garantir a seguran\u00e7a vi\u00e1ria dos foli\u00f5es e reduzir os impactos no tr\u00e1fego, a Autarquia Municipal de Tr\u00e2nsito e Transportes (AMTT) organizou um esquema especial de tr\u00e2nsito para o Carnaval de Juazeiro 2026. As interdi\u00e7\u00f5es j\u00e1 tiveram in\u00edcio para a montagem da estrutura do evento, como camarotes, palcos e postos de servi\u00e7o&hellip;","jetpack_sharing_enabled":true,"jetpack_likes_enabled":true,"_links":{"self":[{"href":"https:\/\/blogopara.com.br\/index.php\/wp-json\/wp\/v2\/posts\/83060","targetHints":{"allow":["GET"]}}],"collection":[{"href":"https:\/\/blogopara.com.br\/index.php\/wp-json\/wp\/v2\/posts"}],"about":[{"href":"https:\/\/blogopara.com.br\/index.php\/wp-json\/wp\/v2\/types\/post"}],"author":[{"embeddable":true,"href":"https:\/\/blogopara.com.br\/index.php\/wp-json\/wp\/v2\/users\/1"}],"replies":[{"embeddable":true,"href":"https:\/\/blogopara.com.br\/index.php\/wp-json\/wp\/v2\/comments?post=83060"}],"version-history":[{"count":1,"href":"https:\/\/blogopara.com.br\/index.php\/wp-json\/wp\/v2\/posts\/83060\/revisions"}],"predecessor-version":[{"id":83065,"href":"https:\/\/blogopara.com.br\/index.php\/wp-json\/wp\/v2\/posts\/83060\/revisions\/83065"}],"wp:featuredmedia":[{"embeddable":true,"href":"https:\/\/blogopara.com.br\/index.php\/wp-json\/wp\/v2\/media\/83064"}],"wp:attachment":[{"href":"https:\/\/blogopara.com.br\/index.php\/wp-json\/wp\/v2\/media?parent=83060"}],"wp:term":[{"taxonomy":"category","embeddable":true,"href":"https:\/\/blogopara.com.br\/index.php\/wp-json\/wp\/v2\/categories?post=83060"},{"taxonomy":"post_tag","embeddable":true,"href":"https:\/\/blogopara.com.br\/index.php\/wp-json\/wp\/v2\/tags?post=83060"}],"curies":[{"name":"wp","href":"https:\/\/api.w.org\/{rel}","templated":true}]}}