{"id":83063,"date":"2026-01-27T11:05:46","date_gmt":"2026-01-27T14:05:46","guid":{"rendered":"https:\/\/blogopara.com.br\/?p=83063"},"modified":"2026-01-27T11:05:46","modified_gmt":"2026-01-27T14:05:46","slug":"prefeitura-de-juazeiro-publica-novo-decreto-e-define-feriados-municipais-de-2026","status":"publish","type":"post","link":"https:\/\/blogopara.com.br\/index.php\/2026\/01\/27\/prefeitura-de-juazeiro-publica-novo-decreto-e-define-feriados-municipais-de-2026","title":{"rendered":"Prefeitura de Juazeiro publica novo decreto e define feriados municipais de 2026"},"content":{"rendered":"<p>A Prefeitura de Juazeiro publicou, na \u00faltima sexta-feira (23), no Di\u00e1rio Oficial do Munic\u00edpio, um novo decreto que disp\u00f5e sobre a organiza\u00e7\u00e3o do expediente dos \u00f3rg\u00e3os e entidades da Administra\u00e7\u00e3o P\u00fablica Municipal e destaca os feriados municipais do ano de 2026.<\/p>\n<p>O Decreto n\u00ba 020\/2026 tem como objetivo uniformizar o calend\u00e1rio administrativo, garantindo planejamento, transpar\u00eancia e publicidade aos atos da gest\u00e3o p\u00fablica.<\/p>\n<p>O feriado da sexta-feira, anteriormente divulgado como parte do Carnaval antecipado, no dia 30 de janeiro, n\u00e3o ser\u00e1 mais considerado feriado no munic\u00edpio.<\/p>\n<p>De acordo com o decreto, ficam estabelecidos como feriados municipais em 2026:<br \/>\n17 de fevereiro de 2026 (ter\u00e7a-feira) \u2013 Carnaval (feriado oficial);<br \/>\n03 de abril de 2026 (sexta-feira) \u2013 Sexta-Feira da Paix\u00e3o de Cristo;<br \/>\n15 de julho de 2026 \u2013 Data consagrada \u00e0s manifesta\u00e7\u00f5es alusivas \u00e0 eleva\u00e7\u00e3o de Juazeiro \u00e0 categoria de cidade, reconhecida pela comunidade como o anivers\u00e1rio do munic\u00edpio;<br \/>\n08 de setembro de 2026 \u2013 Dia dedicado a Nossa Senhora das Grotas, Padroeira de Juazeiro.<\/p>\n<p>O decreto entra em vigor a partir da data de sua publica\u00e7\u00e3o e passa a orientar o funcionamento da administra\u00e7\u00e3o p\u00fablica municipal ao longo do ano civil de 2026.<\/p>\n<p>O conte\u00fado completo pode ser consultado no Di\u00e1rio Oficial do Munic\u00edpio, dispon\u00edvel no link:\u00a0<a href=\"https:\/\/diario.indap.org.br\/publicacoes\/6973bcc28ecbb\/anexo\/76597\">https:\/\/diario.indap.org.br\/publicacoes\/6973bcc28ecbb\/anexo\/76597<\/a><\/p>\n","protected":false},"excerpt":{"rendered":"<p>A Prefeitura de Juazeiro publicou, na \u00faltima sexta-feira (23), no Di\u00e1rio Oficial do Munic\u00edpio, um novo decreto que disp\u00f5e sobre a organiza\u00e7\u00e3o do expediente dos \u00f3rg\u00e3os e entidades da Administra\u00e7\u00e3o P\u00fablica Municipal e destaca os feriados municipais do ano de 2026. O Decreto n\u00ba 020\/2026 tem como objetivo uniformizar o calend\u00e1rio administrativo, garantindo planejamento, transpar\u00eancia [&hellip;]<\/p>\n","protected":false},"author":1,"featured_media":19555,"comment_status":"open","ping_status":"open","sticky":false,"template":"","format":"standard","meta":{"_uag_custom_page_level_css":"","_monsterinsights_skip_tracking":false,"_monsterinsights_sitenote_active":false,"_monsterinsights_sitenote_note":"","_monsterinsights_sitenote_category":0,"jetpack_post_was_ever_published":false,"_jetpack_newsletter_access":"","_jetpack_dont_email_post_to_subs":false,"_jetpack_newsletter_tier_id":0,"_jetpack_memberships_contains_paywalled_content":false,"_jetpack_memberships_contains_paid_content":false,"footnotes":"","jetpack_publicize_message":"","jetpack_publicize_feature_enabled":true,"jetpack_social_post_already_shared":true,"jetpack_social_options":{"image_generator_settings":{"template":"highway","default_image_id":0,"font":"","enabled":false},"version":2}},"categories":[203],"tags":[],"class_list":["post-83063","post","type-post","status-publish","format-standard","has-post-thumbnail","hentry","category-juazeiro"],"jetpack_publicize_connections":[],"jetpack_featured_media_url":"https:\/\/blogopara.com.br\/wp-content\/uploads\/2021\/02\/Prefeitura-de-Juazeiro.jpeg","uagb_featured_image_src":{"full":["https:\/\/blogopara.com.br\/wp-content\/uploads\/2021\/02\/Prefeitura-de-Juazeiro.jpeg",500,750,false],"thumbnail":["https:\/\/blogopara.com.br\/wp-content\/uploads\/2021\/02\/Prefeitura-de-Juazeiro-150x150.jpeg",150,150,true],"medium":["https:\/\/blogopara.com.br\/wp-content\/uploads\/2021\/02\/Prefeitura-de-Juazeiro-200x300.jpeg",200,300,true],"medium_large":["https:\/\/blogopara.com.br\/wp-content\/uploads\/2021\/02\/Prefeitura-de-Juazeiro.jpeg",500,750,false],"large":["https:\/\/blogopara.com.br\/wp-content\/uploads\/2021\/02\/Prefeitura-de-Juazeiro.jpeg",500,750,false],"1536x1536":["https:\/\/blogopara.com.br\/wp-content\/uploads\/2021\/02\/Prefeitura-de-Juazeiro.jpeg",500,750,false],"2048x2048":["https:\/\/blogopara.com.br\/wp-content\/uploads\/2021\/02\/Prefeitura-de-Juazeiro.jpeg",500,750,false],"mantranews-slider-large":["https:\/\/blogopara.com.br\/wp-content\/uploads\/2021\/02\/Prefeitura-de-Juazeiro-500x741.jpeg",500,741,true],"mantranews-featured-medium":["https:\/\/blogopara.com.br\/wp-content\/uploads\/2021\/02\/Prefeitura-de-Juazeiro-420x307.jpeg",420,307,true],"mantranews-featured-long":["https:\/\/blogopara.com.br\/wp-content\/uploads\/2021\/02\/Prefeitura-de-Juazeiro-300x443.jpeg",300,443,true],"mantranews-block-medium":["https:\/\/blogopara.com.br\/wp-content\/uploads\/2021\/02\/Prefeitura-de-Juazeiro-464x290.jpeg",464,290,true],"mantranews-carousel-image":["https:\/\/blogopara.com.br\/wp-content\/uploads\/2021\/02\/Prefeitura-de-Juazeiro-500x500.jpeg",500,500,true],"mantranews-block-thumb":["https:\/\/blogopara.com.br\/wp-content\/uploads\/2021\/02\/Prefeitura-de-Juazeiro-322x230.jpeg",322,230,true],"mantranews-single-large":["https:\/\/blogopara.com.br\/wp-content\/uploads\/2021\/02\/Prefeitura-de-Juazeiro-500x642.jpeg",500,642,true]},"uagb_author_info":{"display_name":"Reda\u00e7\u00e3o geral","author_link":"https:\/\/blogopara.com.br\/index.php\/author\/blogopara"},"uagb_comment_info":0,"uagb_excerpt":"A Prefeitura de Juazeiro publicou, na \u00faltima sexta-feira (23), no Di\u00e1rio Oficial do Munic\u00edpio, um novo decreto que disp\u00f5e sobre a organiza\u00e7\u00e3o do expediente dos \u00f3rg\u00e3os e entidades da Administra\u00e7\u00e3o P\u00fablica Municipal e destaca os feriados municipais do ano de 2026. O Decreto n\u00ba 020\/2026 tem como objetivo uniformizar o calend\u00e1rio administrativo, garantindo planejamento, transpar\u00eancia&hellip;","jetpack_sharing_enabled":true,"jetpack_likes_enabled":true,"_links":{"self":[{"href":"https:\/\/blogopara.com.br\/index.php\/wp-json\/wp\/v2\/posts\/83063","targetHints":{"allow":["GET"]}}],"collection":[{"href":"https:\/\/blogopara.com.br\/index.php\/wp-json\/wp\/v2\/posts"}],"about":[{"href":"https:\/\/blogopara.com.br\/index.php\/wp-json\/wp\/v2\/types\/post"}],"author":[{"embeddable":true,"href":"https:\/\/blogopara.com.br\/index.php\/wp-json\/wp\/v2\/users\/1"}],"replies":[{"embeddable":true,"href":"https:\/\/blogopara.com.br\/index.php\/wp-json\/wp\/v2\/comments?post=83063"}],"version-history":[{"count":1,"href":"https:\/\/blogopara.com.br\/index.php\/wp-json\/wp\/v2\/posts\/83063\/revisions"}],"predecessor-version":[{"id":83067,"href":"https:\/\/blogopara.com.br\/index.php\/wp-json\/wp\/v2\/posts\/83063\/revisions\/83067"}],"wp:featuredmedia":[{"embeddable":true,"href":"https:\/\/blogopara.com.br\/index.php\/wp-json\/wp\/v2\/media\/19555"}],"wp:attachment":[{"href":"https:\/\/blogopara.com.br\/index.php\/wp-json\/wp\/v2\/media?parent=83063"}],"wp:term":[{"taxonomy":"category","embeddable":true,"href":"https:\/\/blogopara.com.br\/index.php\/wp-json\/wp\/v2\/categories?post=83063"},{"taxonomy":"post_tag","embeddable":true,"href":"https:\/\/blogopara.com.br\/index.php\/wp-json\/wp\/v2\/tags?post=83063"}],"curies":[{"name":"wp","href":"https:\/\/api.w.org\/{rel}","templated":true}]}}