{"id":83084,"date":"2026-01-28T14:37:58","date_gmt":"2026-01-28T17:37:58","guid":{"rendered":"https:\/\/blogopara.com.br\/?p=83084"},"modified":"2026-01-28T14:37:58","modified_gmt":"2026-01-28T17:37:58","slug":"sesau-alerta-para-cuidados-com-a-saude-durante-altas-temperaturas-no-carnaval-de-juazeiro","status":"publish","type":"post","link":"https:\/\/blogopara.com.br\/index.php\/2026\/01\/28\/sesau-alerta-para-cuidados-com-a-saude-durante-altas-temperaturas-no-carnaval-de-juazeiro","title":{"rendered":"Sesau alerta para cuidados com a sa\u00fade durante altas temperaturas no Carnaval de Juazeiro"},"content":{"rendered":"<div>Com a chegada do Carnaval, que acontece entre os dias 29 de janeiro e 1\u00ba de fevereiro, a Secretaria Municipal de Sa\u00fade de Juazeiro (Sesau), por meio da Vigil\u00e2ncia em Sa\u00fade, refor\u00e7a o alerta \u00e0 popula\u00e7\u00e3o sobre os cuidados necess\u00e1rios com a sa\u00fade diante das altas temperaturas t\u00edpicas do per\u00edodo.<\/div>\n<div><\/div>\n<div><span style=\"font-size: 1rem;\">O calor intenso, associado \u00e0 aglomera\u00e7\u00e3o de pessoas, consumo de bebidas alco\u00f3licas e longos per\u00edodos de exposi\u00e7\u00e3o ao sol, pode favorecer casos de desidrata\u00e7\u00e3o, exaust\u00e3o t\u00e9rmica, insola\u00e7\u00e3o e queda de press\u00e3o, especialmente entre crian\u00e7as, idosos e pessoas com doen\u00e7as cr\u00f4nicas.<\/span><\/div>\n<div>\n<p>Entre as principais orienta\u00e7\u00f5es da Sesau est\u00e3o:<\/p>\n<p>Manter-se bem hidratado, ingerindo \u00e1gua regularmente, mesmo sem sentir sede;<\/p>\n<p>Evitar exposi\u00e7\u00e3o direta ao sol entre 10h e 16h;<\/p>\n<p>Usar roupas leves, claras, chap\u00e9u ou bon\u00e9 e protetor solar;<\/p>\n<p>Priorizar alimenta\u00e7\u00e3o leve e evitar consumo excessivo de bebidas alco\u00f3licas;<\/p>\n<p>Fazer pausas para descanso em locais arejados e sombreados.<\/p>\n<p>A Vigil\u00e2ncia em Sa\u00fade tamb\u00e9m alerta para a import\u00e2ncia de observar sinais como tontura, dor de cabe\u00e7a, fraqueza, n\u00e1useas e aumento da temperatura corporal. Em caso de mal-estar, a recomenda\u00e7\u00e3o \u00e9 procurar imediatamente uma unidade de sa\u00fade.<\/p>\n<p>A Secretaria Municipal de Sa\u00fade refor\u00e7a que estar\u00e1 com equipes atuando durante todo o per\u00edodo carnavalesco e orienta a popula\u00e7\u00e3o a curtir a festa com responsabilidade, garantindo divers\u00e3o, bem-estar e seguran\u00e7a para todos.<br \/>\n_____<br \/>\nTexto: Camila Santana \u2013 Ascom PMJ\/Sesau<\/p>\n<\/div>\n","protected":false},"excerpt":{"rendered":"<p>Com a chegada do Carnaval, que acontece entre os dias 29 de janeiro e 1\u00ba de fevereiro, a Secretaria Municipal de Sa\u00fade de Juazeiro (Sesau), por meio da Vigil\u00e2ncia em Sa\u00fade, refor\u00e7a o alerta \u00e0 popula\u00e7\u00e3o sobre os cuidados necess\u00e1rios com a sa\u00fade diante das altas temperaturas t\u00edpicas do per\u00edodo. O calor intenso, associado \u00e0 [&hellip;]<\/p>\n","protected":false},"author":1,"featured_media":83085,"comment_status":"open","ping_status":"open","sticky":false,"template":"","format":"standard","meta":{"_uag_custom_page_level_css":"","_monsterinsights_skip_tracking":false,"_monsterinsights_sitenote_active":false,"_monsterinsights_sitenote_note":"","_monsterinsights_sitenote_category":0,"jetpack_post_was_ever_published":false,"_jetpack_newsletter_access":"","_jetpack_dont_email_post_to_subs":false,"_jetpack_newsletter_tier_id":0,"_jetpack_memberships_contains_paywalled_content":false,"_jetpack_memberships_contains_paid_content":false,"footnotes":"","jetpack_publicize_message":"","jetpack_publicize_feature_enabled":true,"jetpack_social_post_already_shared":true,"jetpack_social_options":{"image_generator_settings":{"template":"highway","default_image_id":0,"font":"","enabled":false},"version":2}},"categories":[205],"tags":[],"class_list":["post-83084","post","type-post","status-publish","format-standard","has-post-thumbnail","hentry","category-saude"],"jetpack_publicize_connections":[],"jetpack_featured_media_url":"https:\/\/blogopara.com.br\/wp-content\/uploads\/2026\/01\/transferir-1-5.jpg","uagb_featured_image_src":{"full":["https:\/\/blogopara.com.br\/wp-content\/uploads\/2026\/01\/transferir-1-5.jpg",487,481,false],"thumbnail":["https:\/\/blogopara.com.br\/wp-content\/uploads\/2026\/01\/transferir-1-5-150x150.jpg",150,150,true],"medium":["https:\/\/blogopara.com.br\/wp-content\/uploads\/2026\/01\/transferir-1-5-300x296.jpg",300,296,true],"medium_large":["https:\/\/blogopara.com.br\/wp-content\/uploads\/2026\/01\/transferir-1-5.jpg",487,481,false],"large":["https:\/\/blogopara.com.br\/wp-content\/uploads\/2026\/01\/transferir-1-5.jpg",487,481,false],"1536x1536":["https:\/\/blogopara.com.br\/wp-content\/uploads\/2026\/01\/transferir-1-5.jpg",487,481,false],"2048x2048":["https:\/\/blogopara.com.br\/wp-content\/uploads\/2026\/01\/transferir-1-5.jpg",487,481,false],"mantranews-slider-large":["https:\/\/blogopara.com.br\/wp-content\/uploads\/2026\/01\/transferir-1-5.jpg",487,481,false],"mantranews-featured-medium":["https:\/\/blogopara.com.br\/wp-content\/uploads\/2026\/01\/transferir-1-5-420x307.jpg",420,307,true],"mantranews-featured-long":["https:\/\/blogopara.com.br\/wp-content\/uploads\/2026\/01\/transferir-1-5-300x443.jpg",300,443,true],"mantranews-block-medium":["https:\/\/blogopara.com.br\/wp-content\/uploads\/2026\/01\/transferir-1-5-464x290.jpg",464,290,true],"mantranews-carousel-image":["https:\/\/blogopara.com.br\/wp-content\/uploads\/2026\/01\/transferir-1-5.jpg",487,481,false],"mantranews-block-thumb":["https:\/\/blogopara.com.br\/wp-content\/uploads\/2026\/01\/transferir-1-5-322x230.jpg",322,230,true],"mantranews-single-large":["https:\/\/blogopara.com.br\/wp-content\/uploads\/2026\/01\/transferir-1-5.jpg",487,481,false]},"uagb_author_info":{"display_name":"Reda\u00e7\u00e3o geral","author_link":"https:\/\/blogopara.com.br\/index.php\/author\/blogopara"},"uagb_comment_info":0,"uagb_excerpt":"Com a chegada do Carnaval, que acontece entre os dias 29 de janeiro e 1\u00ba de fevereiro, a Secretaria Municipal de Sa\u00fade de Juazeiro (Sesau), por meio da Vigil\u00e2ncia em Sa\u00fade, refor\u00e7a o alerta \u00e0 popula\u00e7\u00e3o sobre os cuidados necess\u00e1rios com a sa\u00fade diante das altas temperaturas t\u00edpicas do per\u00edodo. O calor intenso, associado \u00e0&hellip;","jetpack_sharing_enabled":true,"jetpack_likes_enabled":true,"_links":{"self":[{"href":"https:\/\/blogopara.com.br\/index.php\/wp-json\/wp\/v2\/posts\/83084","targetHints":{"allow":["GET"]}}],"collection":[{"href":"https:\/\/blogopara.com.br\/index.php\/wp-json\/wp\/v2\/posts"}],"about":[{"href":"https:\/\/blogopara.com.br\/index.php\/wp-json\/wp\/v2\/types\/post"}],"author":[{"embeddable":true,"href":"https:\/\/blogopara.com.br\/index.php\/wp-json\/wp\/v2\/users\/1"}],"replies":[{"embeddable":true,"href":"https:\/\/blogopara.com.br\/index.php\/wp-json\/wp\/v2\/comments?post=83084"}],"version-history":[{"count":1,"href":"https:\/\/blogopara.com.br\/index.php\/wp-json\/wp\/v2\/posts\/83084\/revisions"}],"predecessor-version":[{"id":83086,"href":"https:\/\/blogopara.com.br\/index.php\/wp-json\/wp\/v2\/posts\/83084\/revisions\/83086"}],"wp:featuredmedia":[{"embeddable":true,"href":"https:\/\/blogopara.com.br\/index.php\/wp-json\/wp\/v2\/media\/83085"}],"wp:attachment":[{"href":"https:\/\/blogopara.com.br\/index.php\/wp-json\/wp\/v2\/media?parent=83084"}],"wp:term":[{"taxonomy":"category","embeddable":true,"href":"https:\/\/blogopara.com.br\/index.php\/wp-json\/wp\/v2\/categories?post=83084"},{"taxonomy":"post_tag","embeddable":true,"href":"https:\/\/blogopara.com.br\/index.php\/wp-json\/wp\/v2\/tags?post=83084"}],"curies":[{"name":"wp","href":"https:\/\/api.w.org\/{rel}","templated":true}]}}