{"id":83087,"date":"2026-01-28T15:33:25","date_gmt":"2026-01-28T18:33:25","guid":{"rendered":"https:\/\/blogopara.com.br\/?p=83087"},"modified":"2026-01-28T15:33:25","modified_gmt":"2026-01-28T18:33:25","slug":"mandato-e-conquista-nao-e-herancaafirma-carlos-britto","status":"publish","type":"post","link":"https:\/\/blogopara.com.br\/index.php\/2026\/01\/28\/mandato-e-conquista-nao-e-herancaafirma-carlos-britto","title":{"rendered":"\u201cMandato \u00e9 conquista, n\u00e3o \u00e9 heran\u00e7a\u201d,afirma Carlos Britto"},"content":{"rendered":"<p dir=\"ltr\">Com uma trajet\u00f3ria marcada pela atua\u00e7\u00e3o social e pelo jornalismo voltado \u00e0 comunidade, o jornalista e publicit\u00e1rio Carlos Britto vive dias decisivos em rela\u00e7\u00e3o ao seu projeto pol\u00edtico. Pr\u00e9-candidato a deputado, Britto afirmou que bater\u00e1 o martelo sobre a disputa, se para deputado estadual ou federal, ap\u00f3s uma reuni\u00e3o com o governo do Estado, marcada para esta semana, no Recife.<\/p>\n<p dir=\"ltr\">As declara\u00e7\u00f5es foram feitas durante entrevista ao programa Nossa Voz, da R\u00e1dio Nossa Voz\/Grande Rio FM, onde Britto refor\u00e7ou que sua entrada na pol\u00edtica n\u00e3o est\u00e1 ligada a projetos familiares ou heran\u00e7as de poder, mas motivada por ajudar o povo:<\/p>\n<p dir=\"ltr\">\u201cMandato \u00e9 conquista, n\u00e3o \u00e9 heran\u00e7a. Eu me apresento como algu\u00e9m novo, pedindo humildemente ao povo de Petrolina uma oportunidade para servir. N\u00e3o entro na pol\u00edtica para beneficiar familiares. Ningu\u00e9m l\u00e1 em casa ter\u00e1 meu apoio para se candidatar\u201d, afirmou.<\/p>\n<p dir=\"ltr\">Segundo Britto, a decis\u00e3o sobre o cargo e o partido precisa estar inserida em um projeto vi\u00e1vel e competitivo. \u201cVou ter essa conversa com o governo estadual e j\u00e1 volto com a decis\u00e3o: se vou ser candidato a federal ou estadual e por qual partido. Preciso entrar em um projeto que me d\u00ea condi\u00e7\u00f5es reais de disputa\u201d, pontuou.<\/p>\n<p dir=\"ltr\">O pr\u00e9-candidato revelou que dialoga com diversas legendas, incluindo o PSB, mas que, diante do alinhamento com o estado, optou por descartar alguns caminhos. Ainda assim, deixou claro que n\u00e3o aceitar\u00e1 imposi\u00e7\u00f5es pol\u00edticas.\u201cNingu\u00e9m vai me usar. Estarei a servi\u00e7o do povo\u201d, refor\u00e7ou o pr\u00e9-candidato.<\/p>\n<p dir=\"ltr\">Durante a entrevista, Carlos Britto defendeu uma atua\u00e7\u00e3o parlamentar conectada com as reais necessidades da popula\u00e7\u00e3o, com aten\u00e7\u00e3o especial \u00e0s \u00e1reas de sa\u00fade e educa\u00e7\u00e3o. Britto tamb\u00e9m destacou a necessidade de retomada da for\u00e7a pol\u00edtica de Petrolina no cen\u00e1rio estadual e nacional e da necessidade de eleger o novo:<\/p>\n<p dir=\"ltr\">\u201cTivemos v\u00e1rios deputados estaduais e hoje s\u00f3 temos um. Na C\u00e2mara Federal, estamos reduzidos a dois representantes. N\u00e3o d\u00e1 para achar normal andar para tr\u00e1s. Petrolina precisa recuperar seu prest\u00edgio pol\u00edtico para ajudar quem mais precisa\u201d, analisou.<\/p>\n<p dir=\"ltr\">Para ele, Pernambuco precisa de renova\u00e7\u00e3o pol\u00edtica com representantes que conhe\u00e7am de perto a realidade das comunidades e \u00e9\u00a0 preciso eleger quem veio de baixo, quem sabe o que o povo passa e sente na pele as dificuldades do dia a dia.<\/p>\n<p dir=\"ltr\">A expectativa \u00e9 que Carlos Britto anuncie oficialmente os detalhes do projeto pol\u00edtico cargo e partido, na segunda quinzena de fevereiro, ap\u00f3s o Carnaval. Foto: Gabriel dos Anjos<\/p>\n<p dir=\"ltr\">Ascom Carlos Britto<\/p>\n","protected":false},"excerpt":{"rendered":"<p>Com uma trajet\u00f3ria marcada pela atua\u00e7\u00e3o social e pelo jornalismo voltado \u00e0 comunidade, o jornalista e publicit\u00e1rio Carlos Britto vive dias decisivos em rela\u00e7\u00e3o ao seu projeto pol\u00edtico. Pr\u00e9-candidato a deputado, Britto afirmou que bater\u00e1 o martelo sobre a disputa, se para deputado estadual ou federal, ap\u00f3s uma reuni\u00e3o com o governo do Estado, marcada [&hellip;]<\/p>\n","protected":false},"author":1,"featured_media":83094,"comment_status":"open","ping_status":"open","sticky":false,"template":"","format":"standard","meta":{"_uag_custom_page_level_css":"","_monsterinsights_skip_tracking":false,"_monsterinsights_sitenote_active":false,"_monsterinsights_sitenote_note":"","_monsterinsights_sitenote_category":0,"jetpack_post_was_ever_published":false,"_jetpack_newsletter_access":"","_jetpack_dont_email_post_to_subs":false,"_jetpack_newsletter_tier_id":0,"_jetpack_memberships_contains_paywalled_content":false,"_jetpack_memberships_contains_paid_content":false,"footnotes":"","jetpack_publicize_message":"","jetpack_publicize_feature_enabled":true,"jetpack_social_post_already_shared":true,"jetpack_social_options":{"image_generator_settings":{"template":"highway","default_image_id":0,"font":"","enabled":false},"version":2}},"categories":[851,197],"tags":[],"class_list":["post-83087","post","type-post","status-publish","format-standard","has-post-thumbnail","hentry","category-petrolina","category-politica"],"jetpack_publicize_connections":[],"jetpack_featured_media_url":"https:\/\/blogopara.com.br\/wp-content\/uploads\/2026\/01\/70d233f3-bc28-492e-88b4-5c6c559c24da.jpg","uagb_featured_image_src":{"full":["https:\/\/blogopara.com.br\/wp-content\/uploads\/2026\/01\/70d233f3-bc28-492e-88b4-5c6c559c24da.jpg",500,333,false],"thumbnail":["https:\/\/blogopara.com.br\/wp-content\/uploads\/2026\/01\/70d233f3-bc28-492e-88b4-5c6c559c24da-150x150.jpg",150,150,true],"medium":["https:\/\/blogopara.com.br\/wp-content\/uploads\/2026\/01\/70d233f3-bc28-492e-88b4-5c6c559c24da-300x200.jpg",300,200,true],"medium_large":["https:\/\/blogopara.com.br\/wp-content\/uploads\/2026\/01\/70d233f3-bc28-492e-88b4-5c6c559c24da.jpg",500,333,false],"large":["https:\/\/blogopara.com.br\/wp-content\/uploads\/2026\/01\/70d233f3-bc28-492e-88b4-5c6c559c24da.jpg",500,333,false],"1536x1536":["https:\/\/blogopara.com.br\/wp-content\/uploads\/2026\/01\/70d233f3-bc28-492e-88b4-5c6c559c24da.jpg",500,333,false],"2048x2048":["https:\/\/blogopara.com.br\/wp-content\/uploads\/2026\/01\/70d233f3-bc28-492e-88b4-5c6c559c24da.jpg",500,333,false],"mantranews-slider-large":["https:\/\/blogopara.com.br\/wp-content\/uploads\/2026\/01\/70d233f3-bc28-492e-88b4-5c6c559c24da.jpg",500,333,false],"mantranews-featured-medium":["https:\/\/blogopara.com.br\/wp-content\/uploads\/2026\/01\/70d233f3-bc28-492e-88b4-5c6c559c24da-420x307.jpg",420,307,true],"mantranews-featured-long":["https:\/\/blogopara.com.br\/wp-content\/uploads\/2026\/01\/70d233f3-bc28-492e-88b4-5c6c559c24da-300x333.jpg",300,333,true],"mantranews-block-medium":["https:\/\/blogopara.com.br\/wp-content\/uploads\/2026\/01\/70d233f3-bc28-492e-88b4-5c6c559c24da-464x290.jpg",464,290,true],"mantranews-carousel-image":["https:\/\/blogopara.com.br\/wp-content\/uploads\/2026\/01\/70d233f3-bc28-492e-88b4-5c6c559c24da.jpg",500,333,false],"mantranews-block-thumb":["https:\/\/blogopara.com.br\/wp-content\/uploads\/2026\/01\/70d233f3-bc28-492e-88b4-5c6c559c24da-322x230.jpg",322,230,true],"mantranews-single-large":["https:\/\/blogopara.com.br\/wp-content\/uploads\/2026\/01\/70d233f3-bc28-492e-88b4-5c6c559c24da.jpg",500,333,false]},"uagb_author_info":{"display_name":"Reda\u00e7\u00e3o geral","author_link":"https:\/\/blogopara.com.br\/index.php\/author\/blogopara"},"uagb_comment_info":0,"uagb_excerpt":"Com uma trajet\u00f3ria marcada pela atua\u00e7\u00e3o social e pelo jornalismo voltado \u00e0 comunidade, o jornalista e publicit\u00e1rio Carlos Britto vive dias decisivos em rela\u00e7\u00e3o ao seu projeto pol\u00edtico. Pr\u00e9-candidato a deputado, Britto afirmou que bater\u00e1 o martelo sobre a disputa, se para deputado estadual ou federal, ap\u00f3s uma reuni\u00e3o com o governo do Estado, marcada&hellip;","jetpack_sharing_enabled":true,"jetpack_likes_enabled":true,"_links":{"self":[{"href":"https:\/\/blogopara.com.br\/index.php\/wp-json\/wp\/v2\/posts\/83087","targetHints":{"allow":["GET"]}}],"collection":[{"href":"https:\/\/blogopara.com.br\/index.php\/wp-json\/wp\/v2\/posts"}],"about":[{"href":"https:\/\/blogopara.com.br\/index.php\/wp-json\/wp\/v2\/types\/post"}],"author":[{"embeddable":true,"href":"https:\/\/blogopara.com.br\/index.php\/wp-json\/wp\/v2\/users\/1"}],"replies":[{"embeddable":true,"href":"https:\/\/blogopara.com.br\/index.php\/wp-json\/wp\/v2\/comments?post=83087"}],"version-history":[{"count":1,"href":"https:\/\/blogopara.com.br\/index.php\/wp-json\/wp\/v2\/posts\/83087\/revisions"}],"predecessor-version":[{"id":83095,"href":"https:\/\/blogopara.com.br\/index.php\/wp-json\/wp\/v2\/posts\/83087\/revisions\/83095"}],"wp:featuredmedia":[{"embeddable":true,"href":"https:\/\/blogopara.com.br\/index.php\/wp-json\/wp\/v2\/media\/83094"}],"wp:attachment":[{"href":"https:\/\/blogopara.com.br\/index.php\/wp-json\/wp\/v2\/media?parent=83087"}],"wp:term":[{"taxonomy":"category","embeddable":true,"href":"https:\/\/blogopara.com.br\/index.php\/wp-json\/wp\/v2\/categories?post=83087"},{"taxonomy":"post_tag","embeddable":true,"href":"https:\/\/blogopara.com.br\/index.php\/wp-json\/wp\/v2\/tags?post=83087"}],"curies":[{"name":"wp","href":"https:\/\/api.w.org\/{rel}","templated":true}]}}