{"id":83093,"date":"2026-01-28T19:19:11","date_gmt":"2026-01-28T22:19:11","guid":{"rendered":"https:\/\/blogopara.com.br\/?p=83093"},"modified":"2026-01-28T19:19:11","modified_gmt":"2026-01-28T22:19:11","slug":"camara-de-vereadores-antecipa-pagamento-nesta-quinta-feira-29","status":"publish","type":"post","link":"https:\/\/blogopara.com.br\/index.php\/2026\/01\/28\/camara-de-vereadores-antecipa-pagamento-nesta-quinta-feira-29","title":{"rendered":"C\u00e2mara de Vereadores antecipa pagamento nesta quinta-feira (29)"},"content":{"rendered":"<p>A C\u00e2mara de Vereadores de Juazeiro realiza, nesta quinta-feira (29), a antecipa\u00e7\u00e3o do pagamento dos servidores, reafirmando o compromisso com a valoriza\u00e7\u00e3o do funcionalismo p\u00fablico e com o fortalecimento da economia local durante o per\u00edodo do Carnaval.<\/p>\n<p>A medida chega em um momento estrat\u00e9gico, contribuindo diretamente para o aquecimento do com\u00e9rcio, servi\u00e7os e turismo, especialmente com a realiza\u00e7\u00e3o do Carnaval antecipado da cidade \u2014 um dos eventos mais tradicionais do interior da Bahia.<\/p>\n<p>Al\u00e9m de garantir tranquilidade financeira aos trabalhadores, o pagamento adiantado movimenta diversos setores da economia, beneficiando empreendedores, ambulantes e toda a cadeia produtiva envolvida na festa.<\/p>\n<p>De acordo com o presidente da C\u00e2mara, Emerson Mitu, a iniciativa demonstra responsabilidade com os servidores e sensibilidade com o momento vivido pela cidade.<br \/>\n\u201cNosso compromisso \u00e9 cuidar das pessoas e tamb\u00e9m contribuir para que a economia local siga girando. Antecipar esse pagamento \u00e9 uma forma de reconhecer o trabalho dos servidores e colaborar com esse per\u00edodo t\u00e3o importante para Juazeiro\u201d, destacou.<\/p>\n","protected":false},"excerpt":{"rendered":"<p>A C\u00e2mara de Vereadores de Juazeiro realiza, nesta quinta-feira (29), a antecipa\u00e7\u00e3o do pagamento dos servidores, reafirmando o compromisso com a valoriza\u00e7\u00e3o do funcionalismo p\u00fablico e com o fortalecimento da economia local durante o per\u00edodo do Carnaval. A medida chega em um momento estrat\u00e9gico, contribuindo diretamente para o aquecimento do com\u00e9rcio, servi\u00e7os e turismo, especialmente [&hellip;]<\/p>\n","protected":false},"author":1,"featured_media":74225,"comment_status":"open","ping_status":"open","sticky":false,"template":"","format":"standard","meta":{"_uag_custom_page_level_css":"","_monsterinsights_skip_tracking":false,"_monsterinsights_sitenote_active":false,"_monsterinsights_sitenote_note":"","_monsterinsights_sitenote_category":0,"jetpack_post_was_ever_published":false,"_jetpack_newsletter_access":"","_jetpack_dont_email_post_to_subs":false,"_jetpack_newsletter_tier_id":0,"_jetpack_memberships_contains_paywalled_content":false,"_jetpack_memberships_contains_paid_content":false,"footnotes":"","jetpack_publicize_message":"","jetpack_publicize_feature_enabled":true,"jetpack_social_post_already_shared":true,"jetpack_social_options":{"image_generator_settings":{"template":"highway","default_image_id":0,"font":"","enabled":false},"version":2}},"categories":[203],"tags":[6759,2017,11692,7692,11898],"class_list":["post-83093","post","type-post","status-publish","format-standard","has-post-thumbnail","hentry","category-juazeiro","tag-camara-da-vereadores-de-juazeiro","tag-cmj","tag-mitu-do-sindicato","tag-presidente-da-cmj","tag-vereador-mitu"],"jetpack_publicize_connections":[],"jetpack_featured_media_url":"https:\/\/blogopara.com.br\/wp-content\/uploads\/2025\/03\/Vereador-Mitu.jpg","uagb_featured_image_src":{"full":["https:\/\/blogopara.com.br\/wp-content\/uploads\/2025\/03\/Vereador-Mitu.jpg",500,332,false],"thumbnail":["https:\/\/blogopara.com.br\/wp-content\/uploads\/2025\/03\/Vereador-Mitu-150x150.jpg",150,150,true],"medium":["https:\/\/blogopara.com.br\/wp-content\/uploads\/2025\/03\/Vereador-Mitu-300x199.jpg",300,199,true],"medium_large":["https:\/\/blogopara.com.br\/wp-content\/uploads\/2025\/03\/Vereador-Mitu.jpg",500,332,false],"large":["https:\/\/blogopara.com.br\/wp-content\/uploads\/2025\/03\/Vereador-Mitu.jpg",500,332,false],"1536x1536":["https:\/\/blogopara.com.br\/wp-content\/uploads\/2025\/03\/Vereador-Mitu.jpg",500,332,false],"2048x2048":["https:\/\/blogopara.com.br\/wp-content\/uploads\/2025\/03\/Vereador-Mitu.jpg",500,332,false],"mantranews-slider-large":["https:\/\/blogopara.com.br\/wp-content\/uploads\/2025\/03\/Vereador-Mitu.jpg",500,332,false],"mantranews-featured-medium":["https:\/\/blogopara.com.br\/wp-content\/uploads\/2025\/03\/Vereador-Mitu-420x307.jpg",420,307,true],"mantranews-featured-long":["https:\/\/blogopara.com.br\/wp-content\/uploads\/2025\/03\/Vereador-Mitu-300x332.jpg",300,332,true],"mantranews-block-medium":["https:\/\/blogopara.com.br\/wp-content\/uploads\/2025\/03\/Vereador-Mitu-464x290.jpg",464,290,true],"mantranews-carousel-image":["https:\/\/blogopara.com.br\/wp-content\/uploads\/2025\/03\/Vereador-Mitu.jpg",500,332,false],"mantranews-block-thumb":["https:\/\/blogopara.com.br\/wp-content\/uploads\/2025\/03\/Vereador-Mitu-322x230.jpg",322,230,true],"mantranews-single-large":["https:\/\/blogopara.com.br\/wp-content\/uploads\/2025\/03\/Vereador-Mitu.jpg",500,332,false]},"uagb_author_info":{"display_name":"Reda\u00e7\u00e3o geral","author_link":"https:\/\/blogopara.com.br\/index.php\/author\/blogopara"},"uagb_comment_info":0,"uagb_excerpt":"A C\u00e2mara de Vereadores de Juazeiro realiza, nesta quinta-feira (29), a antecipa\u00e7\u00e3o do pagamento dos servidores, reafirmando o compromisso com a valoriza\u00e7\u00e3o do funcionalismo p\u00fablico e com o fortalecimento da economia local durante o per\u00edodo do Carnaval. A medida chega em um momento estrat\u00e9gico, contribuindo diretamente para o aquecimento do com\u00e9rcio, servi\u00e7os e turismo, especialmente&hellip;","jetpack_sharing_enabled":true,"jetpack_likes_enabled":true,"_links":{"self":[{"href":"https:\/\/blogopara.com.br\/index.php\/wp-json\/wp\/v2\/posts\/83093","targetHints":{"allow":["GET"]}}],"collection":[{"href":"https:\/\/blogopara.com.br\/index.php\/wp-json\/wp\/v2\/posts"}],"about":[{"href":"https:\/\/blogopara.com.br\/index.php\/wp-json\/wp\/v2\/types\/post"}],"author":[{"embeddable":true,"href":"https:\/\/blogopara.com.br\/index.php\/wp-json\/wp\/v2\/users\/1"}],"replies":[{"embeddable":true,"href":"https:\/\/blogopara.com.br\/index.php\/wp-json\/wp\/v2\/comments?post=83093"}],"version-history":[{"count":1,"href":"https:\/\/blogopara.com.br\/index.php\/wp-json\/wp\/v2\/posts\/83093\/revisions"}],"predecessor-version":[{"id":83096,"href":"https:\/\/blogopara.com.br\/index.php\/wp-json\/wp\/v2\/posts\/83093\/revisions\/83096"}],"wp:featuredmedia":[{"embeddable":true,"href":"https:\/\/blogopara.com.br\/index.php\/wp-json\/wp\/v2\/media\/74225"}],"wp:attachment":[{"href":"https:\/\/blogopara.com.br\/index.php\/wp-json\/wp\/v2\/media?parent=83093"}],"wp:term":[{"taxonomy":"category","embeddable":true,"href":"https:\/\/blogopara.com.br\/index.php\/wp-json\/wp\/v2\/categories?post=83093"},{"taxonomy":"post_tag","embeddable":true,"href":"https:\/\/blogopara.com.br\/index.php\/wp-json\/wp\/v2\/tags?post=83093"}],"curies":[{"name":"wp","href":"https:\/\/api.w.org\/{rel}","templated":true}]}}