{"id":83097,"date":"2026-01-28T19:22:44","date_gmt":"2026-01-28T22:22:44","guid":{"rendered":"https:\/\/blogopara.com.br\/?p=83097"},"modified":"2026-01-28T19:22:44","modified_gmt":"2026-01-28T22:22:44","slug":"sento-se-participa-de-agendas-estrategicas-em-brasilia-e-acompanha-definicoes-da-reforma-tributaria","status":"publish","type":"post","link":"https:\/\/blogopara.com.br\/index.php\/2026\/01\/28\/sento-se-participa-de-agendas-estrategicas-em-brasilia-e-acompanha-definicoes-da-reforma-tributaria","title":{"rendered":"Sento S\u00e9 participa de agendas estrat\u00e9gicas em Bras\u00edlia e acompanha defini\u00e7\u00f5es da Reforma Tribut\u00e1ria"},"content":{"rendered":"<p class=\"x_MsoNormal\">A Prefeitura de Sento S\u00e9 marcou presen\u00e7a, nesta ter\u00e7a-feira (27), na Assembleia-Geral da Confedera\u00e7\u00e3o Nacional de Munic\u00edpios (CNM), realizada em Bras\u00edlia, que deliberou sobre a escolha dos representantes dos munic\u00edpios no Comit\u00ea Gestor do IBS (CG-IBS), no contexto da Reforma Tribut\u00e1ria. O munic\u00edpio foi representado pela prefeita Giselda Carvalho, que acompanhou os debates e a vota\u00e7\u00e3o que definiu, de forma un\u00e2nime, os membros indicados para o colegiado.<\/p>\n<p class=\"x_MsoNormal\">O encontro reuniu gestores de todo o pa\u00eds e teve como pauta central a garantia da autonomia municipal e a defesa dos interesses dos munic\u00edpios na nova estrutura do sistema tribut\u00e1rio nacional. A Bahia conquistou tr\u00eas vagas no Conselho Superior do Comit\u00ea Gestor do IBS, resultado celebrado pelos prefeitos baianos presentes.<\/p>\n<p class=\"x_MsoNormal\">Para a prefeita Giselda Carvalho, a participa\u00e7\u00e3o de Sento S\u00e9 em um espa\u00e7o estrat\u00e9gico como esse refor\u00e7a o compromisso da gest\u00e3o com o desenvolvimento e a responsabilidade fiscal. \u201cEstamos acompanhando de perto decis\u00f5es que v\u00e3o impactar diretamente o futuro financeiro dos munic\u00edpios. \u00c9 fundamental que Sento S\u00e9 esteja inserida nesse debate, defendendo seus interesses e buscando mais equil\u00edbrio e justi\u00e7a na distribui\u00e7\u00e3o dos recursos\u201d, destacou.<\/p>\n<p class=\"x_MsoNormal\"><b>Outras agendas<\/b><\/p>\n<p class=\"x_MsoNormal\">Aproveitando a agenda institucional em Bras\u00edlia, a prefeita tamb\u00e9m cumpriu compromissos estrat\u00e9gicos no Minist\u00e9rio da Agricultura e Pecu\u00e1ria (MAPA), voltados ao alinhamento, organiza\u00e7\u00e3o e estrutura\u00e7\u00e3o de projetos e a\u00e7\u00f5es para fortalecer Sento S\u00e9, especialmente nas \u00e1reas do desenvolvimento rural e da economia local.<\/p>\n<p class=\"x_MsoNormal\">Ainda na capital federal, Giselda Carvalho participou, nesta quarta-feira (28), da reuni\u00e3o de prefeitos baianos com o ministro da Casa Civil, Rui Costa, convocada pela Uni\u00e3o dos Munic\u00edpios da Bahia (UPB). O encontro reuniu mais de 140 gestores e teve como pauta a redu\u00e7\u00e3o permanente da al\u00edquota do INSS patronal, os impactos da Reforma Tribut\u00e1ria, a implanta\u00e7\u00e3o do Canal do Sert\u00e3o Baiano e a crise enfrentada pelo setor cacaueiro.<\/p>\n<p class=\"x_MsoNormal\">\n<p class=\"x_MsoNormal\">&#8212;<br \/>\nTexto: Gardennia Garibalde \u2013 Ascom PMSSE<\/p>\n","protected":false},"excerpt":{"rendered":"<p>A Prefeitura de Sento S\u00e9 marcou presen\u00e7a, nesta ter\u00e7a-feira (27), na Assembleia-Geral da Confedera\u00e7\u00e3o Nacional de Munic\u00edpios (CNM), realizada em Bras\u00edlia, que deliberou sobre a escolha dos representantes dos munic\u00edpios no Comit\u00ea Gestor do IBS (CG-IBS), no contexto da Reforma Tribut\u00e1ria. O munic\u00edpio foi representado pela prefeita Giselda Carvalho, que acompanhou os debates e a [&hellip;]<\/p>\n","protected":false},"author":1,"featured_media":83098,"comment_status":"open","ping_status":"open","sticky":false,"template":"","format":"standard","meta":{"_uag_custom_page_level_css":"","_monsterinsights_skip_tracking":false,"_monsterinsights_sitenote_active":false,"_monsterinsights_sitenote_note":"","_monsterinsights_sitenote_category":0,"jetpack_post_was_ever_published":false,"_jetpack_newsletter_access":"","_jetpack_dont_email_post_to_subs":false,"_jetpack_newsletter_tier_id":0,"_jetpack_memberships_contains_paywalled_content":false,"_jetpack_memberships_contains_paid_content":false,"footnotes":"","jetpack_publicize_message":"","jetpack_publicize_feature_enabled":true,"jetpack_social_post_already_shared":true,"jetpack_social_options":{"image_generator_settings":{"template":"highway","default_image_id":0,"font":"","enabled":false},"version":2}},"categories":[199],"tags":[11115,11336],"class_list":["post-83097","post","type-post","status-publish","format-standard","has-post-thumbnail","hentry","category-bahia","tag-juvenilson-passos","tag-tom-ze"],"jetpack_publicize_connections":[],"jetpack_featured_media_url":"https:\/\/blogopara.com.br\/wp-content\/uploads\/2026\/01\/e477043b-7b12-4109-b31d-26d4c89c3d27.jpg","uagb_featured_image_src":{"full":["https:\/\/blogopara.com.br\/wp-content\/uploads\/2026\/01\/e477043b-7b12-4109-b31d-26d4c89c3d27.jpg",1080,1252,false],"thumbnail":["https:\/\/blogopara.com.br\/wp-content\/uploads\/2026\/01\/e477043b-7b12-4109-b31d-26d4c89c3d27-150x150.jpg",150,150,true],"medium":["https:\/\/blogopara.com.br\/wp-content\/uploads\/2026\/01\/e477043b-7b12-4109-b31d-26d4c89c3d27-259x300.jpg",259,300,true],"medium_large":["https:\/\/blogopara.com.br\/wp-content\/uploads\/2026\/01\/e477043b-7b12-4109-b31d-26d4c89c3d27-768x890.jpg",640,742,true],"large":["https:\/\/blogopara.com.br\/wp-content\/uploads\/2026\/01\/e477043b-7b12-4109-b31d-26d4c89c3d27-883x1024.jpg",640,742,true],"1536x1536":["https:\/\/blogopara.com.br\/wp-content\/uploads\/2026\/01\/e477043b-7b12-4109-b31d-26d4c89c3d27.jpg",1080,1252,false],"2048x2048":["https:\/\/blogopara.com.br\/wp-content\/uploads\/2026\/01\/e477043b-7b12-4109-b31d-26d4c89c3d27.jpg",1080,1252,false],"mantranews-slider-large":["https:\/\/blogopara.com.br\/wp-content\/uploads\/2026\/01\/e477043b-7b12-4109-b31d-26d4c89c3d27-1020x741.jpg",1020,741,true],"mantranews-featured-medium":["https:\/\/blogopara.com.br\/wp-content\/uploads\/2026\/01\/e477043b-7b12-4109-b31d-26d4c89c3d27-420x307.jpg",420,307,true],"mantranews-featured-long":["https:\/\/blogopara.com.br\/wp-content\/uploads\/2026\/01\/e477043b-7b12-4109-b31d-26d4c89c3d27-300x443.jpg",300,443,true],"mantranews-block-medium":["https:\/\/blogopara.com.br\/wp-content\/uploads\/2026\/01\/e477043b-7b12-4109-b31d-26d4c89c3d27-464x290.jpg",464,290,true],"mantranews-carousel-image":["https:\/\/blogopara.com.br\/wp-content\/uploads\/2026\/01\/e477043b-7b12-4109-b31d-26d4c89c3d27-600x500.jpg",600,500,true],"mantranews-block-thumb":["https:\/\/blogopara.com.br\/wp-content\/uploads\/2026\/01\/e477043b-7b12-4109-b31d-26d4c89c3d27-322x230.jpg",322,230,true],"mantranews-single-large":["https:\/\/blogopara.com.br\/wp-content\/uploads\/2026\/01\/e477043b-7b12-4109-b31d-26d4c89c3d27-1080x642.jpg",1080,642,true]},"uagb_author_info":{"display_name":"Reda\u00e7\u00e3o geral","author_link":"https:\/\/blogopara.com.br\/index.php\/author\/blogopara"},"uagb_comment_info":0,"uagb_excerpt":"A Prefeitura de Sento S\u00e9 marcou presen\u00e7a, nesta ter\u00e7a-feira (27), na Assembleia-Geral da Confedera\u00e7\u00e3o Nacional de Munic\u00edpios (CNM), realizada em Bras\u00edlia, que deliberou sobre a escolha dos representantes dos munic\u00edpios no Comit\u00ea Gestor do IBS (CG-IBS), no contexto da Reforma Tribut\u00e1ria. O munic\u00edpio foi representado pela prefeita Giselda Carvalho, que acompanhou os debates e a&hellip;","jetpack_sharing_enabled":true,"jetpack_likes_enabled":true,"_links":{"self":[{"href":"https:\/\/blogopara.com.br\/index.php\/wp-json\/wp\/v2\/posts\/83097","targetHints":{"allow":["GET"]}}],"collection":[{"href":"https:\/\/blogopara.com.br\/index.php\/wp-json\/wp\/v2\/posts"}],"about":[{"href":"https:\/\/blogopara.com.br\/index.php\/wp-json\/wp\/v2\/types\/post"}],"author":[{"embeddable":true,"href":"https:\/\/blogopara.com.br\/index.php\/wp-json\/wp\/v2\/users\/1"}],"replies":[{"embeddable":true,"href":"https:\/\/blogopara.com.br\/index.php\/wp-json\/wp\/v2\/comments?post=83097"}],"version-history":[{"count":1,"href":"https:\/\/blogopara.com.br\/index.php\/wp-json\/wp\/v2\/posts\/83097\/revisions"}],"predecessor-version":[{"id":83099,"href":"https:\/\/blogopara.com.br\/index.php\/wp-json\/wp\/v2\/posts\/83097\/revisions\/83099"}],"wp:featuredmedia":[{"embeddable":true,"href":"https:\/\/blogopara.com.br\/index.php\/wp-json\/wp\/v2\/media\/83098"}],"wp:attachment":[{"href":"https:\/\/blogopara.com.br\/index.php\/wp-json\/wp\/v2\/media?parent=83097"}],"wp:term":[{"taxonomy":"category","embeddable":true,"href":"https:\/\/blogopara.com.br\/index.php\/wp-json\/wp\/v2\/categories?post=83097"},{"taxonomy":"post_tag","embeddable":true,"href":"https:\/\/blogopara.com.br\/index.php\/wp-json\/wp\/v2\/tags?post=83097"}],"curies":[{"name":"wp","href":"https:\/\/api.w.org\/{rel}","templated":true}]}}