{"id":83103,"date":"2026-01-29T09:34:08","date_gmt":"2026-01-29T12:34:08","guid":{"rendered":"https:\/\/blogopara.com.br\/?p=83103"},"modified":"2026-01-29T09:34:08","modified_gmt":"2026-01-29T12:34:08","slug":"83103","status":"publish","type":"post","link":"https:\/\/blogopara.com.br\/index.php\/2026\/01\/29\/83103","title":{"rendered":""},"content":{"rendered":"<p class=\"x_MsoNormal\">Nesta ter\u00e7a-feira (27\/02), o secret\u00e1rio municipal de Governo, Seguran\u00e7a e Tr\u00e2nsito de Casa Nova, Joel J\u00fanior, cumpriu agenda institucional no Departamento Estadual de Tr\u00e2nsito da Bahia (Detran-BA), onde se reuniu com a diretora do Conselho Estadual de Tr\u00e2nsito (Cetran), Dra. Mag Gamacho.<\/p>\n<p class=\"x_MsoNormal\">Durante o encontro, foi discutido o in\u00edcio da campanha educacional de tr\u00e2nsito no munic\u00edpio, com previs\u00e3o de lan\u00e7amento no m\u00eas de mar\u00e7o, refor\u00e7ando o compromisso da gest\u00e3o com a conscientiza\u00e7\u00e3o, a seguran\u00e7a vi\u00e1ria e a preserva\u00e7\u00e3o de vidas.<\/p>\n<p class=\"x_MsoNormal\">\u201cO di\u00e1logo com o Detran e o Cetran \u00e9 fundamental para estruturarmos um tr\u00e2nsito mais seguro e eficiente em Casa Nova. J\u00e1 demos os primeiros passos para os conv\u00eanios e, em breve, juntamente com o prefeito Anisio Viana, estaremos em Bras\u00edlia para a assinatura desses importantes instrumentos\u201d, destacou o secret\u00e1rio Joel J\u00fanior.<\/p>\n<p class=\"x_MsoNormal\"><b>Conv\u00eanios<\/b><\/p>\n<p class=\"x_MsoNormal\">Na oportunidade, tamb\u00e9m foram dados os primeiros encaminhamentos para a assinatura dos conv\u00eanios do Sistema Nacional de Tr\u00e2nsito (SNT) e do Registro Nacional de Infra\u00e7\u00f5es de Tr\u00e2nsito (RENAINF), que permitir\u00e3o ao munic\u00edpio avan\u00e7ar na organiza\u00e7\u00e3o e fiscaliza\u00e7\u00e3o do tr\u00e2nsito.<\/p>\n<p class=\"x_MsoNormal\">\nTexto: Ascom PMCN<\/p>\n","protected":false},"excerpt":{"rendered":"<p>Nesta ter\u00e7a-feira (27\/02), o secret\u00e1rio municipal de Governo, Seguran\u00e7a e Tr\u00e2nsito de Casa Nova, Joel J\u00fanior, cumpriu agenda institucional no Departamento Estadual de Tr\u00e2nsito da Bahia (Detran-BA), onde se reuniu com a diretora do Conselho Estadual de Tr\u00e2nsito (Cetran), Dra. Mag Gamacho. Durante o encontro, foi discutido o in\u00edcio da campanha educacional de tr\u00e2nsito no [&hellip;]<\/p>\n","protected":false},"author":1,"featured_media":83106,"comment_status":"open","ping_status":"open","sticky":false,"template":"","format":"standard","meta":{"_uag_custom_page_level_css":"","_monsterinsights_skip_tracking":false,"_monsterinsights_sitenote_active":false,"_monsterinsights_sitenote_note":"","_monsterinsights_sitenote_category":0,"jetpack_post_was_ever_published":false,"_jetpack_newsletter_access":"","_jetpack_dont_email_post_to_subs":false,"_jetpack_newsletter_tier_id":0,"_jetpack_memberships_contains_paywalled_content":false,"_jetpack_memberships_contains_paid_content":false,"footnotes":"","jetpack_publicize_message":"","jetpack_publicize_feature_enabled":true,"jetpack_social_post_already_shared":true,"jetpack_social_options":{"image_generator_settings":{"template":"highway","default_image_id":0,"font":"","enabled":false},"version":2}},"categories":[199],"tags":[],"class_list":["post-83103","post","type-post","status-publish","format-standard","has-post-thumbnail","hentry","category-bahia"],"jetpack_publicize_connections":[],"jetpack_featured_media_url":"https:\/\/blogopara.com.br\/wp-content\/uploads\/2026\/01\/8a4dc461-11cc-4e25-8922-383effb802d0.jpg","uagb_featured_image_src":{"full":["https:\/\/blogopara.com.br\/wp-content\/uploads\/2026\/01\/8a4dc461-11cc-4e25-8922-383effb802d0.jpg",500,354,false],"thumbnail":["https:\/\/blogopara.com.br\/wp-content\/uploads\/2026\/01\/8a4dc461-11cc-4e25-8922-383effb802d0-150x150.jpg",150,150,true],"medium":["https:\/\/blogopara.com.br\/wp-content\/uploads\/2026\/01\/8a4dc461-11cc-4e25-8922-383effb802d0-300x212.jpg",300,212,true],"medium_large":["https:\/\/blogopara.com.br\/wp-content\/uploads\/2026\/01\/8a4dc461-11cc-4e25-8922-383effb802d0.jpg",500,354,false],"large":["https:\/\/blogopara.com.br\/wp-content\/uploads\/2026\/01\/8a4dc461-11cc-4e25-8922-383effb802d0.jpg",500,354,false],"1536x1536":["https:\/\/blogopara.com.br\/wp-content\/uploads\/2026\/01\/8a4dc461-11cc-4e25-8922-383effb802d0.jpg",500,354,false],"2048x2048":["https:\/\/blogopara.com.br\/wp-content\/uploads\/2026\/01\/8a4dc461-11cc-4e25-8922-383effb802d0.jpg",500,354,false],"mantranews-slider-large":["https:\/\/blogopara.com.br\/wp-content\/uploads\/2026\/01\/8a4dc461-11cc-4e25-8922-383effb802d0.jpg",500,354,false],"mantranews-featured-medium":["https:\/\/blogopara.com.br\/wp-content\/uploads\/2026\/01\/8a4dc461-11cc-4e25-8922-383effb802d0-420x307.jpg",420,307,true],"mantranews-featured-long":["https:\/\/blogopara.com.br\/wp-content\/uploads\/2026\/01\/8a4dc461-11cc-4e25-8922-383effb802d0-300x354.jpg",300,354,true],"mantranews-block-medium":["https:\/\/blogopara.com.br\/wp-content\/uploads\/2026\/01\/8a4dc461-11cc-4e25-8922-383effb802d0-464x290.jpg",464,290,true],"mantranews-carousel-image":["https:\/\/blogopara.com.br\/wp-content\/uploads\/2026\/01\/8a4dc461-11cc-4e25-8922-383effb802d0.jpg",500,354,false],"mantranews-block-thumb":["https:\/\/blogopara.com.br\/wp-content\/uploads\/2026\/01\/8a4dc461-11cc-4e25-8922-383effb802d0-322x230.jpg",322,230,true],"mantranews-single-large":["https:\/\/blogopara.com.br\/wp-content\/uploads\/2026\/01\/8a4dc461-11cc-4e25-8922-383effb802d0.jpg",500,354,false]},"uagb_author_info":{"display_name":"Reda\u00e7\u00e3o geral","author_link":"https:\/\/blogopara.com.br\/index.php\/author\/blogopara"},"uagb_comment_info":0,"uagb_excerpt":"Nesta ter\u00e7a-feira (27\/02), o secret\u00e1rio municipal de Governo, Seguran\u00e7a e Tr\u00e2nsito de Casa Nova, Joel J\u00fanior, cumpriu agenda institucional no Departamento Estadual de Tr\u00e2nsito da Bahia (Detran-BA), onde se reuniu com a diretora do Conselho Estadual de Tr\u00e2nsito (Cetran), Dra. Mag Gamacho. Durante o encontro, foi discutido o in\u00edcio da campanha educacional de tr\u00e2nsito no&hellip;","jetpack_sharing_enabled":true,"jetpack_likes_enabled":true,"_links":{"self":[{"href":"https:\/\/blogopara.com.br\/index.php\/wp-json\/wp\/v2\/posts\/83103","targetHints":{"allow":["GET"]}}],"collection":[{"href":"https:\/\/blogopara.com.br\/index.php\/wp-json\/wp\/v2\/posts"}],"about":[{"href":"https:\/\/blogopara.com.br\/index.php\/wp-json\/wp\/v2\/types\/post"}],"author":[{"embeddable":true,"href":"https:\/\/blogopara.com.br\/index.php\/wp-json\/wp\/v2\/users\/1"}],"replies":[{"embeddable":true,"href":"https:\/\/blogopara.com.br\/index.php\/wp-json\/wp\/v2\/comments?post=83103"}],"version-history":[{"count":1,"href":"https:\/\/blogopara.com.br\/index.php\/wp-json\/wp\/v2\/posts\/83103\/revisions"}],"predecessor-version":[{"id":83107,"href":"https:\/\/blogopara.com.br\/index.php\/wp-json\/wp\/v2\/posts\/83103\/revisions\/83107"}],"wp:featuredmedia":[{"embeddable":true,"href":"https:\/\/blogopara.com.br\/index.php\/wp-json\/wp\/v2\/media\/83106"}],"wp:attachment":[{"href":"https:\/\/blogopara.com.br\/index.php\/wp-json\/wp\/v2\/media?parent=83103"}],"wp:term":[{"taxonomy":"category","embeddable":true,"href":"https:\/\/blogopara.com.br\/index.php\/wp-json\/wp\/v2\/categories?post=83103"},{"taxonomy":"post_tag","embeddable":true,"href":"https:\/\/blogopara.com.br\/index.php\/wp-json\/wp\/v2\/tags?post=83103"}],"curies":[{"name":"wp","href":"https:\/\/api.w.org\/{rel}","templated":true}]}}