{"id":83111,"date":"2026-01-29T09:52:54","date_gmt":"2026-01-29T12:52:54","guid":{"rendered":"https:\/\/blogopara.com.br\/?p=83111"},"modified":"2026-01-29T09:52:54","modified_gmt":"2026-01-29T12:52:54","slug":"transparencia-e-controle-social-marcam-prestacao-de-contas-da-assistencia-social-em-senhor-do-bonfim","status":"publish","type":"post","link":"https:\/\/blogopara.com.br\/index.php\/2026\/01\/29\/transparencia-e-controle-social-marcam-prestacao-de-contas-da-assistencia-social-em-senhor-do-bonfim","title":{"rendered":"Transpar\u00eancia e controle social marcam presta\u00e7\u00e3o de contas da Assist\u00eancia Social em Senhor do Bonfim"},"content":{"rendered":"<p class=\"x_MsoNormal\">A Prefeitura Municipal de Senhor do Bonfim, por meio do Conselho Municipal de Assist\u00eancia Social, realizou nesta semana, na Casa dos Conselhos, a reuni\u00e3o de apresenta\u00e7\u00e3o da presta\u00e7\u00e3o de contas do 2\u00ba semestre de 2025 da Secretaria Municipal de Assist\u00eancia Social.<\/p>\n<p class=\"x_MsoNormal\">Durante o encontro, foram apresentados os demonstrativos financeiros referentes aos recursos do Fundo Nacional de Assist\u00eancia Social (FNAS) e do Fundo Estadual de Assist\u00eancia Social (FEAS), al\u00e9m da reprograma\u00e7\u00e3o de saldos de 2025 e a elei\u00e7\u00e3o da nova diretoria do Conselho. A exposi\u00e7\u00e3o foi conduzida pelo diretor do Fundo Municipal de Assist\u00eancia Social, Anderson J\u00falio, com apresenta\u00e7\u00e3o detalhada de relat\u00f3rios oficiais, extratos banc\u00e1rios e processos administrativos.<\/p>\n<p class=\"x_MsoNormal\">A secret\u00e1ria municipal de Assist\u00eancia Social, Taciane Granja, destacou a import\u00e2ncia do momento. \u201cA presta\u00e7\u00e3o de contas \u00e9 um instrumento fundamental de transpar\u00eancia e responsabilidade. Nosso compromisso \u00e9 garantir que cada recurso seja aplicado corretamente, fortalecendo as pol\u00edticas p\u00fablicas e assegurando mais prote\u00e7\u00e3o social para a popula\u00e7\u00e3o\u201d, afirmou.<\/p>\n<p class=\"x_MsoNormal\"><b>Aprova\u00e7\u00e3o Un\u00e2nime<\/b><\/p>\n<p class=\"x_MsoNormal\">Ap\u00f3s an\u00e1lise e esclarecimentos, os conselheiros aprovaram as contas por unanimidade, sem ressalvas, bem como o plano de reprograma\u00e7\u00e3o financeira, que j\u00e1 projeta a aplica\u00e7\u00e3o dos recursos dispon\u00edveis para 2026.<\/p>\n<p class=\"x_MsoNormal\"><b>Elei\u00e7\u00e3o<\/b><\/p>\n<p class=\"x_MsoNormal\">Na sequ\u00eancia, foi realizada a elei\u00e7\u00e3o da nova diretoria do Conselho, que ficou composta por Jos\u00e9 Marcelo da Silva Carvalho (presidente), Sayonara Vanessa Oliveira dos Reis (vice-presidente), Jecione Gon\u00e7alves de Oliveira (1\u00aa secret\u00e1ria) e Zenildes de Souza Matos (2\u00aa secret\u00e1ria).<\/p>\n<p class=\"x_MsoNormal\">&#8211;<br \/>\nTexto: Ascom PMSB<\/p>\n","protected":false},"excerpt":{"rendered":"<p>A Prefeitura Municipal de Senhor do Bonfim, por meio do Conselho Municipal de Assist\u00eancia Social, realizou nesta semana, na Casa dos Conselhos, a reuni\u00e3o de apresenta\u00e7\u00e3o da presta\u00e7\u00e3o de contas do 2\u00ba semestre de 2025 da Secretaria Municipal de Assist\u00eancia Social. Durante o encontro, foram apresentados os demonstrativos financeiros referentes aos recursos do Fundo Nacional [&hellip;]<\/p>\n","protected":false},"author":1,"featured_media":83112,"comment_status":"open","ping_status":"open","sticky":false,"template":"","format":"standard","meta":{"_uag_custom_page_level_css":"","_monsterinsights_skip_tracking":false,"_monsterinsights_sitenote_active":false,"_monsterinsights_sitenote_note":"","_monsterinsights_sitenote_category":0,"jetpack_post_was_ever_published":false,"_jetpack_newsletter_access":"","_jetpack_dont_email_post_to_subs":false,"_jetpack_newsletter_tier_id":0,"_jetpack_memberships_contains_paywalled_content":false,"_jetpack_memberships_contains_paid_content":false,"footnotes":"","jetpack_publicize_message":"","jetpack_publicize_feature_enabled":true,"jetpack_social_post_already_shared":true,"jetpack_social_options":{"image_generator_settings":{"template":"highway","default_image_id":0,"font":"","enabled":false},"version":2}},"categories":[204],"tags":[],"class_list":["post-83111","post","type-post","status-publish","format-standard","has-post-thumbnail","hentry","category-social"],"jetpack_publicize_connections":[],"jetpack_featured_media_url":"https:\/\/blogopara.com.br\/wp-content\/uploads\/2026\/01\/4a546b35-e822-4275-b14d-f549dc4a2a27.jpg","uagb_featured_image_src":{"full":["https:\/\/blogopara.com.br\/wp-content\/uploads\/2026\/01\/4a546b35-e822-4275-b14d-f549dc4a2a27.jpg",500,375,false],"thumbnail":["https:\/\/blogopara.com.br\/wp-content\/uploads\/2026\/01\/4a546b35-e822-4275-b14d-f549dc4a2a27-150x150.jpg",150,150,true],"medium":["https:\/\/blogopara.com.br\/wp-content\/uploads\/2026\/01\/4a546b35-e822-4275-b14d-f549dc4a2a27-300x225.jpg",300,225,true],"medium_large":["https:\/\/blogopara.com.br\/wp-content\/uploads\/2026\/01\/4a546b35-e822-4275-b14d-f549dc4a2a27.jpg",500,375,false],"large":["https:\/\/blogopara.com.br\/wp-content\/uploads\/2026\/01\/4a546b35-e822-4275-b14d-f549dc4a2a27.jpg",500,375,false],"1536x1536":["https:\/\/blogopara.com.br\/wp-content\/uploads\/2026\/01\/4a546b35-e822-4275-b14d-f549dc4a2a27.jpg",500,375,false],"2048x2048":["https:\/\/blogopara.com.br\/wp-content\/uploads\/2026\/01\/4a546b35-e822-4275-b14d-f549dc4a2a27.jpg",500,375,false],"mantranews-slider-large":["https:\/\/blogopara.com.br\/wp-content\/uploads\/2026\/01\/4a546b35-e822-4275-b14d-f549dc4a2a27.jpg",500,375,false],"mantranews-featured-medium":["https:\/\/blogopara.com.br\/wp-content\/uploads\/2026\/01\/4a546b35-e822-4275-b14d-f549dc4a2a27-420x307.jpg",420,307,true],"mantranews-featured-long":["https:\/\/blogopara.com.br\/wp-content\/uploads\/2026\/01\/4a546b35-e822-4275-b14d-f549dc4a2a27-300x375.jpg",300,375,true],"mantranews-block-medium":["https:\/\/blogopara.com.br\/wp-content\/uploads\/2026\/01\/4a546b35-e822-4275-b14d-f549dc4a2a27-464x290.jpg",464,290,true],"mantranews-carousel-image":["https:\/\/blogopara.com.br\/wp-content\/uploads\/2026\/01\/4a546b35-e822-4275-b14d-f549dc4a2a27.jpg",500,375,false],"mantranews-block-thumb":["https:\/\/blogopara.com.br\/wp-content\/uploads\/2026\/01\/4a546b35-e822-4275-b14d-f549dc4a2a27-322x230.jpg",322,230,true],"mantranews-single-large":["https:\/\/blogopara.com.br\/wp-content\/uploads\/2026\/01\/4a546b35-e822-4275-b14d-f549dc4a2a27.jpg",500,375,false]},"uagb_author_info":{"display_name":"Reda\u00e7\u00e3o geral","author_link":"https:\/\/blogopara.com.br\/index.php\/author\/blogopara"},"uagb_comment_info":0,"uagb_excerpt":"A Prefeitura Municipal de Senhor do Bonfim, por meio do Conselho Municipal de Assist\u00eancia Social, realizou nesta semana, na Casa dos Conselhos, a reuni\u00e3o de apresenta\u00e7\u00e3o da presta\u00e7\u00e3o de contas do 2\u00ba semestre de 2025 da Secretaria Municipal de Assist\u00eancia Social. Durante o encontro, foram apresentados os demonstrativos financeiros referentes aos recursos do Fundo Nacional&hellip;","jetpack_sharing_enabled":true,"jetpack_likes_enabled":true,"_links":{"self":[{"href":"https:\/\/blogopara.com.br\/index.php\/wp-json\/wp\/v2\/posts\/83111","targetHints":{"allow":["GET"]}}],"collection":[{"href":"https:\/\/blogopara.com.br\/index.php\/wp-json\/wp\/v2\/posts"}],"about":[{"href":"https:\/\/blogopara.com.br\/index.php\/wp-json\/wp\/v2\/types\/post"}],"author":[{"embeddable":true,"href":"https:\/\/blogopara.com.br\/index.php\/wp-json\/wp\/v2\/users\/1"}],"replies":[{"embeddable":true,"href":"https:\/\/blogopara.com.br\/index.php\/wp-json\/wp\/v2\/comments?post=83111"}],"version-history":[{"count":1,"href":"https:\/\/blogopara.com.br\/index.php\/wp-json\/wp\/v2\/posts\/83111\/revisions"}],"predecessor-version":[{"id":83113,"href":"https:\/\/blogopara.com.br\/index.php\/wp-json\/wp\/v2\/posts\/83111\/revisions\/83113"}],"wp:featuredmedia":[{"embeddable":true,"href":"https:\/\/blogopara.com.br\/index.php\/wp-json\/wp\/v2\/media\/83112"}],"wp:attachment":[{"href":"https:\/\/blogopara.com.br\/index.php\/wp-json\/wp\/v2\/media?parent=83111"}],"wp:term":[{"taxonomy":"category","embeddable":true,"href":"https:\/\/blogopara.com.br\/index.php\/wp-json\/wp\/v2\/categories?post=83111"},{"taxonomy":"post_tag","embeddable":true,"href":"https:\/\/blogopara.com.br\/index.php\/wp-json\/wp\/v2\/tags?post=83111"}],"curies":[{"name":"wp","href":"https:\/\/api.w.org\/{rel}","templated":true}]}}