{"id":83114,"date":"2026-01-29T09:56:08","date_gmt":"2026-01-29T12:56:08","guid":{"rendered":"https:\/\/blogopara.com.br\/?p=83114"},"modified":"2026-01-29T09:56:08","modified_gmt":"2026-01-29T12:56:08","slug":"ja-deu-pra-sentir-o-sabor-do-carnaval-ensaio-anima-folioes-na-orla-ii","status":"publish","type":"post","link":"https:\/\/blogopara.com.br\/index.php\/2026\/01\/29\/ja-deu-pra-sentir-o-sabor-do-carnaval-ensaio-anima-folioes-na-orla-ii","title":{"rendered":"\u201cJ\u00e1 deu pra sentir o sabor do Carnaval\u201d: Ensaio anima foli\u00f5es na Orla II"},"content":{"rendered":"<p>J\u00e1 pude sentir o sabor do Carnaval, a estrutura est\u00e1 muito boa, os shows foram \u00f3timos. Estou ansiosa para curtir os quatro dias de festa\u201d. A fala da foli\u00e3 Candice Souza resume o clima vivido na noite desta quarta-feira (28), durante o Ensaio de Carnaval realizado na Orla II, em Juazeiro. Promovido pela Prefeitura de Juazeiro, por meio da Secretaria de Cultura, Turismo e Esportes (Seculte), o evento reuniu fam\u00edlias, amigos e visitantes em um momento de aquecimento para a maior festa popular do pa\u00eds.<\/p>\n<p>Ao lado da fam\u00edlia, Candice acompanhou uma programa\u00e7\u00e3o que transformou as margens do Velho Chico em um grande espa\u00e7o de celebra\u00e7\u00e3o. Assim como ela, o estudante Rafael Pereira aproveitou a noite com amigos e destacou a diversidade musical do ensaio. \u201c\u00c9 bom demais ver Juazeiro nesse clima, com bandas que representam a nossa cultura e j\u00e1 d\u00e3o vontade de sair atr\u00e1s do trio\u201d, comentou.<\/p>\n<p>A abertura do Ensaio ficou por conta da banda Os Carrancas, que levou ao palco marchinhas, sambas, frevos e cl\u00e1ssicos do ax\u00e9, resgatando mem\u00f3rias de antigos carnavais e convidando o p\u00fablico a cantar e dan\u00e7ar. Encerrando a noite, a banda Swing do Japa manteve a anima\u00e7\u00e3o em alta, com um repert\u00f3rio vibrante que aqueceu ainda mais os tamborins.<\/p>\n<p>O Ensaio de Carnaval marca o in\u00edcio do clima carnavalesco em Juazeiro e antecipa o que vem por a\u00ed: quatro dias de festa intensa, distribu\u00eddos em tr\u00eas circuitos, consolidando a cidade como um dos destinos mais animados do Carnaval brasileiro, com organiza\u00e7\u00e3o, diversidade musical e forte participa\u00e7\u00e3o popular.<br \/>\n___<br \/>\nTexto: Lucas Oliveira \u2013 Ascom\/PMJ<\/p>\n","protected":false},"excerpt":{"rendered":"<p>J\u00e1 pude sentir o sabor do Carnaval, a estrutura est\u00e1 muito boa, os shows foram \u00f3timos. Estou ansiosa para curtir os quatro dias de festa\u201d. A fala da foli\u00e3 Candice Souza resume o clima vivido na noite desta quarta-feira (28), durante o Ensaio de Carnaval realizado na Orla II, em Juazeiro. Promovido pela Prefeitura de [&hellip;]<\/p>\n","protected":false},"author":1,"featured_media":83115,"comment_status":"open","ping_status":"open","sticky":false,"template":"","format":"standard","meta":{"_uag_custom_page_level_css":"","_monsterinsights_skip_tracking":false,"_monsterinsights_sitenote_active":false,"_monsterinsights_sitenote_note":"","_monsterinsights_sitenote_category":0,"jetpack_post_was_ever_published":false,"_jetpack_newsletter_access":"","_jetpack_dont_email_post_to_subs":false,"_jetpack_newsletter_tier_id":0,"_jetpack_memberships_contains_paywalled_content":false,"_jetpack_memberships_contains_paid_content":false,"footnotes":"","jetpack_publicize_message":"","jetpack_publicize_feature_enabled":true,"jetpack_social_post_already_shared":true,"jetpack_social_options":{"image_generator_settings":{"template":"highway","default_image_id":0,"font":"","enabled":false},"version":2}},"categories":[203],"tags":[],"class_list":["post-83114","post","type-post","status-publish","format-standard","has-post-thumbnail","hentry","category-juazeiro"],"jetpack_publicize_connections":[],"jetpack_featured_media_url":"https:\/\/blogopara.com.br\/wp-content\/uploads\/2026\/01\/transferir-2-1.jpg","uagb_featured_image_src":{"full":["https:\/\/blogopara.com.br\/wp-content\/uploads\/2026\/01\/transferir-2-1.jpg",500,375,false],"thumbnail":["https:\/\/blogopara.com.br\/wp-content\/uploads\/2026\/01\/transferir-2-1-150x150.jpg",150,150,true],"medium":["https:\/\/blogopara.com.br\/wp-content\/uploads\/2026\/01\/transferir-2-1-300x225.jpg",300,225,true],"medium_large":["https:\/\/blogopara.com.br\/wp-content\/uploads\/2026\/01\/transferir-2-1.jpg",500,375,false],"large":["https:\/\/blogopara.com.br\/wp-content\/uploads\/2026\/01\/transferir-2-1.jpg",500,375,false],"1536x1536":["https:\/\/blogopara.com.br\/wp-content\/uploads\/2026\/01\/transferir-2-1.jpg",500,375,false],"2048x2048":["https:\/\/blogopara.com.br\/wp-content\/uploads\/2026\/01\/transferir-2-1.jpg",500,375,false],"mantranews-slider-large":["https:\/\/blogopara.com.br\/wp-content\/uploads\/2026\/01\/transferir-2-1.jpg",500,375,false],"mantranews-featured-medium":["https:\/\/blogopara.com.br\/wp-content\/uploads\/2026\/01\/transferir-2-1-420x307.jpg",420,307,true],"mantranews-featured-long":["https:\/\/blogopara.com.br\/wp-content\/uploads\/2026\/01\/transferir-2-1-300x375.jpg",300,375,true],"mantranews-block-medium":["https:\/\/blogopara.com.br\/wp-content\/uploads\/2026\/01\/transferir-2-1-464x290.jpg",464,290,true],"mantranews-carousel-image":["https:\/\/blogopara.com.br\/wp-content\/uploads\/2026\/01\/transferir-2-1.jpg",500,375,false],"mantranews-block-thumb":["https:\/\/blogopara.com.br\/wp-content\/uploads\/2026\/01\/transferir-2-1-322x230.jpg",322,230,true],"mantranews-single-large":["https:\/\/blogopara.com.br\/wp-content\/uploads\/2026\/01\/transferir-2-1.jpg",500,375,false]},"uagb_author_info":{"display_name":"Reda\u00e7\u00e3o geral","author_link":"https:\/\/blogopara.com.br\/index.php\/author\/blogopara"},"uagb_comment_info":0,"uagb_excerpt":"J\u00e1 pude sentir o sabor do Carnaval, a estrutura est\u00e1 muito boa, os shows foram \u00f3timos. Estou ansiosa para curtir os quatro dias de festa\u201d. A fala da foli\u00e3 Candice Souza resume o clima vivido na noite desta quarta-feira (28), durante o Ensaio de Carnaval realizado na Orla II, em Juazeiro. Promovido pela Prefeitura de&hellip;","jetpack_sharing_enabled":true,"jetpack_likes_enabled":true,"_links":{"self":[{"href":"https:\/\/blogopara.com.br\/index.php\/wp-json\/wp\/v2\/posts\/83114","targetHints":{"allow":["GET"]}}],"collection":[{"href":"https:\/\/blogopara.com.br\/index.php\/wp-json\/wp\/v2\/posts"}],"about":[{"href":"https:\/\/blogopara.com.br\/index.php\/wp-json\/wp\/v2\/types\/post"}],"author":[{"embeddable":true,"href":"https:\/\/blogopara.com.br\/index.php\/wp-json\/wp\/v2\/users\/1"}],"replies":[{"embeddable":true,"href":"https:\/\/blogopara.com.br\/index.php\/wp-json\/wp\/v2\/comments?post=83114"}],"version-history":[{"count":1,"href":"https:\/\/blogopara.com.br\/index.php\/wp-json\/wp\/v2\/posts\/83114\/revisions"}],"predecessor-version":[{"id":83116,"href":"https:\/\/blogopara.com.br\/index.php\/wp-json\/wp\/v2\/posts\/83114\/revisions\/83116"}],"wp:featuredmedia":[{"embeddable":true,"href":"https:\/\/blogopara.com.br\/index.php\/wp-json\/wp\/v2\/media\/83115"}],"wp:attachment":[{"href":"https:\/\/blogopara.com.br\/index.php\/wp-json\/wp\/v2\/media?parent=83114"}],"wp:term":[{"taxonomy":"category","embeddable":true,"href":"https:\/\/blogopara.com.br\/index.php\/wp-json\/wp\/v2\/categories?post=83114"},{"taxonomy":"post_tag","embeddable":true,"href":"https:\/\/blogopara.com.br\/index.php\/wp-json\/wp\/v2\/tags?post=83114"}],"curies":[{"name":"wp","href":"https:\/\/api.w.org\/{rel}","templated":true}]}}