{"id":8341,"date":"2020-03-19T10:54:00","date_gmt":"2020-03-19T13:54:00","guid":{"rendered":"http:\/\/blogopara.com.br\/?p=8341"},"modified":"2020-03-19T10:54:08","modified_gmt":"2020-03-19T13:54:08","slug":"rui-desloca-corpo-de-bombeiros-para-coibir-populacao-nas-praias-de-salvador","status":"publish","type":"post","link":"https:\/\/blogopara.com.br\/index.php\/2020\/03\/19\/rui-desloca-corpo-de-bombeiros-para-coibir-populacao-nas-praias-de-salvador","title":{"rendered":"Rui desloca Corpo de Bombeiros para coibir popula\u00e7\u00e3o nas praias de Salvador"},"content":{"rendered":"<p style=\"text-align: justify;\">O governador Rui Costa (PT) anunciou hoje (19) que ir\u00e1 deslocar contingente do Corpo de Bombeiros para fiscalizar as praias de Salvador durante o per\u00edodo de quarentena ocasionado pela pandemia de coronav\u00edrus. A medida, segundo o petista, visa coibir que as pessoas saiam de casa e se aglomerem em locais p\u00fablicos.<\/p>\n<p style=\"text-align: justify;\">Nesta semana, o prefeito ACM Neto (DEM) j\u00e1 havia anunciado a possibilidade de interditar as praias para atuar no combate \u00e0 prolifera\u00e7\u00e3o do v\u00edrus. Salvador j\u00e1 registrou 17 dos 27 casos de coronav\u00edrus na Bahia.<\/p>\n<p style=\"text-align: justify;\">&#8220;Estamos equipando viaturas do Corpo de Bombeiros com alto falantes para percorrer as praias e pedir as pessoas para que elas saiam das praias. As viaturas devem come\u00e7ar a circular hoje&#8221;, disse o governador, em entrevista \u00e0 TV Bahia.<\/p>\n<p style=\"text-align: justify;\">A medida tamb\u00e9m ser\u00e1 expandida para grandes aglomera\u00e7\u00f5es registradas Feira de Santana e Porto Seguro, cidades que registraram casos de Covid-19.<\/p>\n<div style=\"width: 640px;\" class=\"wp-video\"><!--[if lt IE 9]><script>document.createElement('video');<\/script><![endif]-->\n<video class=\"wp-video-shortcode\" id=\"video-8341-1\" width=\"640\" height=\"352\" preload=\"metadata\" controls=\"controls\"><source type=\"video\/mp4\" src=\"https:\/\/blogopara.com.br\/wp-content\/uploads\/2020\/03\/bombas.mp4?_=1\" \/><a href=\"https:\/\/blogopara.com.br\/wp-content\/uploads\/2020\/03\/bombas.mp4\">https:\/\/blogopara.com.br\/wp-content\/uploads\/2020\/03\/bombas.mp4<\/a><\/video><\/div>\n<pre>Fonte: Metro1<\/pre>\n","protected":false},"excerpt":{"rendered":"<p>O governador Rui Costa (PT) anunciou hoje (19) que ir\u00e1 deslocar contingente do Corpo de Bombeiros para fiscalizar as praias de Salvador durante o per\u00edodo de quarentena ocasionado pela pandemia de coronav\u00edrus. A medida, segundo o petista, visa coibir que as pessoas saiam de casa e se aglomerem em locais p\u00fablicos. Nesta semana, o prefeito [&hellip;]<\/p>\n","protected":false},"author":1,"featured_media":8343,"comment_status":"open","ping_status":"open","sticky":false,"template":"","format":"standard","meta":{"_uag_custom_page_level_css":"","_monsterinsights_skip_tracking":false,"_monsterinsights_sitenote_active":false,"_monsterinsights_sitenote_note":"","_monsterinsights_sitenote_category":0,"jetpack_post_was_ever_published":false,"_jetpack_newsletter_access":"","_jetpack_dont_email_post_to_subs":false,"_jetpack_newsletter_tier_id":0,"_jetpack_memberships_contains_paywalled_content":false,"_jetpack_memberships_contains_paid_content":false,"footnotes":"","jetpack_publicize_message":"","jetpack_publicize_feature_enabled":true,"jetpack_social_post_already_shared":true,"jetpack_social_options":{"image_generator_settings":{"template":"highway","default_image_id":0,"font":"","enabled":false},"version":2}},"categories":[199],"tags":[],"class_list":["post-8341","post","type-post","status-publish","format-standard","has-post-thumbnail","hentry","category-bahia"],"jetpack_publicize_connections":[],"jetpack_featured_media_url":"https:\/\/blogopara.com.br\/wp-content\/uploads\/2020\/03\/Sem-t\u00edtulo-1.jpg","uagb_featured_image_src":{"full":["https:\/\/blogopara.com.br\/wp-content\/uploads\/2020\/03\/Sem-t\u00edtulo-1.jpg",500,330,false],"thumbnail":["https:\/\/blogopara.com.br\/wp-content\/uploads\/2020\/03\/Sem-t\u00edtulo-1-150x150.jpg",150,150,true],"medium":["https:\/\/blogopara.com.br\/wp-content\/uploads\/2020\/03\/Sem-t\u00edtulo-1-300x198.jpg",300,198,true],"medium_large":["https:\/\/blogopara.com.br\/wp-content\/uploads\/2020\/03\/Sem-t\u00edtulo-1.jpg",500,330,false],"large":["https:\/\/blogopara.com.br\/wp-content\/uploads\/2020\/03\/Sem-t\u00edtulo-1.jpg",500,330,false],"1536x1536":["https:\/\/blogopara.com.br\/wp-content\/uploads\/2020\/03\/Sem-t\u00edtulo-1.jpg",500,330,false],"2048x2048":["https:\/\/blogopara.com.br\/wp-content\/uploads\/2020\/03\/Sem-t\u00edtulo-1.jpg",500,330,false],"mantranews-slider-large":["https:\/\/blogopara.com.br\/wp-content\/uploads\/2020\/03\/Sem-t\u00edtulo-1.jpg",500,330,false],"mantranews-featured-medium":["https:\/\/blogopara.com.br\/wp-content\/uploads\/2020\/03\/Sem-t\u00edtulo-1-420x307.jpg",420,307,true],"mantranews-featured-long":["https:\/\/blogopara.com.br\/wp-content\/uploads\/2020\/03\/Sem-t\u00edtulo-1-300x330.jpg",300,330,true],"mantranews-block-medium":["https:\/\/blogopara.com.br\/wp-content\/uploads\/2020\/03\/Sem-t\u00edtulo-1-464x290.jpg",464,290,true],"mantranews-carousel-image":["https:\/\/blogopara.com.br\/wp-content\/uploads\/2020\/03\/Sem-t\u00edtulo-1.jpg",500,330,false],"mantranews-block-thumb":["https:\/\/blogopara.com.br\/wp-content\/uploads\/2020\/03\/Sem-t\u00edtulo-1-322x230.jpg",322,230,true],"mantranews-single-large":["https:\/\/blogopara.com.br\/wp-content\/uploads\/2020\/03\/Sem-t\u00edtulo-1.jpg",500,330,false]},"uagb_author_info":{"display_name":"Reda\u00e7\u00e3o geral","author_link":"https:\/\/blogopara.com.br\/index.php\/author\/blogopara"},"uagb_comment_info":0,"uagb_excerpt":"O governador Rui Costa (PT) anunciou hoje (19) que ir\u00e1 deslocar contingente do Corpo de Bombeiros para fiscalizar as praias de Salvador durante o per\u00edodo de quarentena ocasionado pela pandemia de coronav\u00edrus. A medida, segundo o petista, visa coibir que as pessoas saiam de casa e se aglomerem em locais p\u00fablicos. Nesta semana, o prefeito&hellip;","jetpack_sharing_enabled":true,"jetpack_likes_enabled":true,"_links":{"self":[{"href":"https:\/\/blogopara.com.br\/index.php\/wp-json\/wp\/v2\/posts\/8341","targetHints":{"allow":["GET"]}}],"collection":[{"href":"https:\/\/blogopara.com.br\/index.php\/wp-json\/wp\/v2\/posts"}],"about":[{"href":"https:\/\/blogopara.com.br\/index.php\/wp-json\/wp\/v2\/types\/post"}],"author":[{"embeddable":true,"href":"https:\/\/blogopara.com.br\/index.php\/wp-json\/wp\/v2\/users\/1"}],"replies":[{"embeddable":true,"href":"https:\/\/blogopara.com.br\/index.php\/wp-json\/wp\/v2\/comments?post=8341"}],"version-history":[{"count":1,"href":"https:\/\/blogopara.com.br\/index.php\/wp-json\/wp\/v2\/posts\/8341\/revisions"}],"predecessor-version":[{"id":8344,"href":"https:\/\/blogopara.com.br\/index.php\/wp-json\/wp\/v2\/posts\/8341\/revisions\/8344"}],"wp:featuredmedia":[{"embeddable":true,"href":"https:\/\/blogopara.com.br\/index.php\/wp-json\/wp\/v2\/media\/8343"}],"wp:attachment":[{"href":"https:\/\/blogopara.com.br\/index.php\/wp-json\/wp\/v2\/media?parent=8341"}],"wp:term":[{"taxonomy":"category","embeddable":true,"href":"https:\/\/blogopara.com.br\/index.php\/wp-json\/wp\/v2\/categories?post=8341"},{"taxonomy":"post_tag","embeddable":true,"href":"https:\/\/blogopara.com.br\/index.php\/wp-json\/wp\/v2\/tags?post=8341"}],"curies":[{"name":"wp","href":"https:\/\/api.w.org\/{rel}","templated":true}]}}