{"id":83790,"date":"2026-03-14T11:14:47","date_gmt":"2026-03-14T14:14:47","guid":{"rendered":"https:\/\/blogopara.com.br\/?p=83790"},"modified":"2026-03-14T12:39:57","modified_gmt":"2026-03-14T15:39:57","slug":"vapor-saldanha-marinho-nosso-vaporzinho-no-dia-da-poesia-sim-14-de-marco-sempre-sera-dia-da-poesia","status":"publish","type":"post","link":"https:\/\/blogopara.com.br\/index.php\/2026\/03\/14\/vapor-saldanha-marinho-nosso-vaporzinho-no-dia-da-poesia-sim-14-de-marco-sempre-sera-dia-da-poesia","title":{"rendered":"Vapor Saldanha Marinho, nosso Vaporzinho, no dia da Poesia! (Sim, 14 de mar\u00e7o sempre ser\u00e1 dia da poesia)."},"content":{"rendered":"<div class=\"xdj266r x14z9mp xat24cr x1lziwak x1vvkbs x126k92a\">\n<div dir=\"auto\"><span style=\"font-size: 1rem;\">Em 1867, o presidente da Prov\u00edncia de Minas Gerais, conselheiro Joaquim Saldanha Marinho, firmou contrato com o eng\u00ba Henrique Dumont para que este constru\u00edsse ou adquirisse uma embarca\u00e7\u00e3o a vapor e a transportasse at\u00e9 Sabar\u00e1 (MG). Henrique Dumont adquiriu um navio, no Rio de Janeiro, que havia chegado da Europa, constru\u00eddo alguns anos antes, e que chegou a Sabar\u00e1 em 6 de mar\u00e7o de 1869.<\/span><\/div>\n<div dir=\"auto\"><\/div>\n<div dir=\"auto\"><span style=\"font-size: 1rem;\">Era o \u00fanico vapor, entre os demais, que possu\u00eda rodas laterais. Partiu ele de Sabar\u00e1 em 10 de janeiro de 1871, atingiu o rio S\u00e3o Francisco, pela primeira vez, em 3 de fevereiro de 18971, chegando a Boa Vista (PE).<\/span><\/div>\n<div dir=\"auto\"><\/div>\n<\/div>\n<div class=\"x14z9mp xat24cr x1lziwak x1vvkbs xtlvy1s x126k92a\">\n<div dir=\"auto\">Depois, em 1878, permaneceu no porto de S\u00e3o Francisco (MG), sob a responsabilidade da C\u00e2mara Municipal. Esta viagem inaugurou a navega\u00e7\u00e3o a vapor no m\u00e9dio e subm\u00e9dio S\u00e3o Francisco. A empresa Via\u00e7\u00e3o do Brasil adquiriu-o do governo de Minas. Mais tarde passou a pertencer ao estado da Bahia\/Via\u00e7\u00e3o Baiana do S\u00e3o Francisco.<\/div>\n<div dir=\"auto\"><\/div>\n<div dir=\"auto\">Em 1963, a empresa baiana foi encampada pela Franave. Durante muitos anos, a embarca\u00e7\u00e3o foi usada em numerosas viagens.<\/div>\n<div dir=\"auto\"><\/div>\n<div dir=\"auto\">O nome do vapor \u00e9 em homenagem ao conselheiro Joaquim Saldanha Marinho, presidente da Prov\u00edncia de Monas Gerais (1816-1895)&#8221;. Diniz, Domingos. Rio S\u00e3o Francisco: vapores e vaporeiros.<\/div>\n<div dir=\"auto\"><\/div>\n<\/div>\n<div class=\"x14z9mp xat24cr x1lziwak x1vvkbs xtlvy1s x126k92a\">\n<div dir=\"auto\">Em 02\/02\/1965, os oper\u00e1rios da FRANAVE fizeram o transporte e iniciaram a montagem do Vapor Saldanha Marinho no Jardim S\u00e3o Francisco, sendo entregue dia 20 do mesmo m\u00eas pelo ent\u00e3o prefeito Am\u00e9rico Tanuri. A mem\u00f3ria popular conta que em meados de 1965\/67, um casal de cariocas explorou pela primeira vez o servi\u00e7o de bar e restaurante; depois outros tantos se instalaram, principalmente como pizzaria.<\/div>\n<div dir=\"auto\"><\/div>\n<div dir=\"auto\">O ano de 1989 foi marcado por uma trag\u00e9dia: um inc\u00eandio destruiu parcialmente o Vapor Saldanha Marinho causando grande tristeza \u00e0 popula\u00e7\u00e3o. Era o \u00faltimo dia de carnaval.<\/div>\n<div dir=\"auto\"><\/div>\n<div dir=\"auto\">Foi reconstru\u00eddo na gest\u00e3o de Joseph Bandeira, por\u00e9m, com algumas modifica\u00e7\u00f5es. Durante os anos 2001\/2004, fez-se o Vaporzinho ponto de cultura onde aconteciam feiras de artesanato, lan\u00e7amento de livros, exposi\u00e7\u00f5es, apoio ao turista, etc&#8230;<\/div>\n<div dir=\"auto\"><\/div>\n<div dir=\"auto\">Em junho\/2007, gest\u00e3o Misael Aguilar, foi incorporado a um projeto de urbaniza\u00e7\u00e3o da chamada \u201cOrla Nova\u201d dando-lhe um novo endere\u00e7o. L\u00e1 o querido \u201cVaporzinho\u201d ganhou um espelho d\u00b4\u00e1gua, mais cuidados e visibilidade, se integrando \u00e0quele novo ponto tur\u00edstico e de lazer. Em 2013, na gest\u00e3o Isaac Carvalho, passou por uma nova revitaliza\u00e7\u00e3o, ganhando um Centro de informa\u00e7\u00f5es tur\u00edsticas e em 2015 a companhia do juazeirense Jo\u00e3o Gilberto &#8211; escultura em bronze assinada pelo artista pl\u00e1stico Leo Santana. Na atual gest\u00e3o Suzana Ramos, outra revitaliza\u00e7\u00e3o entregue em meio \u00e0s comemora\u00e7\u00f5es do anivers\u00e1rio da cidade (2022) com o resgate e reativa\u00e7\u00e3o do apito do vapor, fuma\u00e7a e nova ilumina\u00e7\u00e3o.<\/div>\n<div dir=\"auto\"><\/div>\n<div dir=\"auto\">Assim, com uma hist\u00f3ria cheia de reformas, &#8220;pinturas&#8221;, revitaliza\u00e7\u00f5es (e n\u00e3o restaura\u00e7\u00f5es) e alguns per\u00edodos de abandono, o Vaporzinho dialoga com Jo\u00e3o Gilberto e o monumento \u201cChama Navegante\u201d do artista pl\u00e1stico juazeirense Coelh\u00e3o, compondo um cen\u00e1rio po\u00e9tico que \u00e9 ponto de encontro de turistas e nativos, local instagram\u00e1vel e patrim\u00f4nio material e afetivo do nosso povo!<\/div>\n<div dir=\"auto\"><\/div>\n<\/div>\n<div class=\"x14z9mp xat24cr x1lziwak x1vvkbs xtlvy1s x126k92a\">\n<div dir=\"auto\">Pesquisa: La\u00eds Lino.<\/div>\n<div dir=\"auto\">Texto: La\u00eds Lino\/Suely Almeida<\/div>\n<div dir=\"auto\">Em colabora\u00e7\u00e3o ao perfil @Juavelho<\/div>\n<\/div>\n","protected":false},"excerpt":{"rendered":"<p>Em 1867, o presidente da Prov\u00edncia de Minas Gerais, conselheiro Joaquim Saldanha Marinho, firmou contrato com o eng\u00ba Henrique Dumont para que este constru\u00edsse ou adquirisse uma embarca\u00e7\u00e3o a vapor e a transportasse at\u00e9 Sabar\u00e1 (MG). Henrique Dumont adquiriu um navio, no Rio de Janeiro, que havia chegado da Europa, constru\u00eddo alguns anos antes, e [&hellip;]<\/p>\n","protected":false},"author":1,"featured_media":83791,"comment_status":"open","ping_status":"open","sticky":false,"template":"","format":"standard","meta":{"_uag_custom_page_level_css":"","_monsterinsights_skip_tracking":false,"_monsterinsights_sitenote_active":false,"_monsterinsights_sitenote_note":"","_monsterinsights_sitenote_category":0,"jetpack_post_was_ever_published":false,"_jetpack_newsletter_access":"","_jetpack_dont_email_post_to_subs":false,"_jetpack_newsletter_tier_id":0,"_jetpack_memberships_contains_paywalled_content":false,"_jetpack_memberships_contains_paid_content":false,"footnotes":"","jetpack_publicize_message":"","jetpack_publicize_feature_enabled":true,"jetpack_social_post_already_shared":true,"jetpack_social_options":{"image_generator_settings":{"template":"highway","default_image_id":0,"font":"","enabled":false},"version":2}},"categories":[203],"tags":[],"class_list":["post-83790","post","type-post","status-publish","format-standard","has-post-thumbnail","hentry","category-juazeiro"],"jetpack_publicize_connections":[],"jetpack_featured_media_url":"https:\/\/blogopara.com.br\/wp-content\/uploads\/2026\/02\/475365315_925978956318650_1016842539671781857_n.jpg","uagb_featured_image_src":{"full":["https:\/\/blogopara.com.br\/wp-content\/uploads\/2026\/02\/475365315_925978956318650_1016842539671781857_n.jpg",500,333,false],"thumbnail":["https:\/\/blogopara.com.br\/wp-content\/uploads\/2026\/02\/475365315_925978956318650_1016842539671781857_n-150x150.jpg",150,150,true],"medium":["https:\/\/blogopara.com.br\/wp-content\/uploads\/2026\/02\/475365315_925978956318650_1016842539671781857_n-300x200.jpg",300,200,true],"medium_large":["https:\/\/blogopara.com.br\/wp-content\/uploads\/2026\/02\/475365315_925978956318650_1016842539671781857_n.jpg",500,333,false],"large":["https:\/\/blogopara.com.br\/wp-content\/uploads\/2026\/02\/475365315_925978956318650_1016842539671781857_n.jpg",500,333,false],"1536x1536":["https:\/\/blogopara.com.br\/wp-content\/uploads\/2026\/02\/475365315_925978956318650_1016842539671781857_n.jpg",500,333,false],"2048x2048":["https:\/\/blogopara.com.br\/wp-content\/uploads\/2026\/02\/475365315_925978956318650_1016842539671781857_n.jpg",500,333,false],"mantranews-slider-large":["https:\/\/blogopara.com.br\/wp-content\/uploads\/2026\/02\/475365315_925978956318650_1016842539671781857_n.jpg",500,333,false],"mantranews-featured-medium":["https:\/\/blogopara.com.br\/wp-content\/uploads\/2026\/02\/475365315_925978956318650_1016842539671781857_n-420x307.jpg",420,307,true],"mantranews-featured-long":["https:\/\/blogopara.com.br\/wp-content\/uploads\/2026\/02\/475365315_925978956318650_1016842539671781857_n-300x333.jpg",300,333,true],"mantranews-block-medium":["https:\/\/blogopara.com.br\/wp-content\/uploads\/2026\/02\/475365315_925978956318650_1016842539671781857_n-464x290.jpg",464,290,true],"mantranews-carousel-image":["https:\/\/blogopara.com.br\/wp-content\/uploads\/2026\/02\/475365315_925978956318650_1016842539671781857_n.jpg",500,333,false],"mantranews-block-thumb":["https:\/\/blogopara.com.br\/wp-content\/uploads\/2026\/02\/475365315_925978956318650_1016842539671781857_n-322x230.jpg",322,230,true],"mantranews-single-large":["https:\/\/blogopara.com.br\/wp-content\/uploads\/2026\/02\/475365315_925978956318650_1016842539671781857_n.jpg",500,333,false]},"uagb_author_info":{"display_name":"Reda\u00e7\u00e3o geral","author_link":"https:\/\/blogopara.com.br\/index.php\/author\/blogopara"},"uagb_comment_info":0,"uagb_excerpt":"Em 1867, o presidente da Prov\u00edncia de Minas Gerais, conselheiro Joaquim Saldanha Marinho, firmou contrato com o eng\u00ba Henrique Dumont para que este constru\u00edsse ou adquirisse uma embarca\u00e7\u00e3o a vapor e a transportasse at\u00e9 Sabar\u00e1 (MG). Henrique Dumont adquiriu um navio, no Rio de Janeiro, que havia chegado da Europa, constru\u00eddo alguns anos antes, e&hellip;","jetpack_sharing_enabled":true,"jetpack_likes_enabled":true,"_links":{"self":[{"href":"https:\/\/blogopara.com.br\/index.php\/wp-json\/wp\/v2\/posts\/83790","targetHints":{"allow":["GET"]}}],"collection":[{"href":"https:\/\/blogopara.com.br\/index.php\/wp-json\/wp\/v2\/posts"}],"about":[{"href":"https:\/\/blogopara.com.br\/index.php\/wp-json\/wp\/v2\/types\/post"}],"author":[{"embeddable":true,"href":"https:\/\/blogopara.com.br\/index.php\/wp-json\/wp\/v2\/users\/1"}],"replies":[{"embeddable":true,"href":"https:\/\/blogopara.com.br\/index.php\/wp-json\/wp\/v2\/comments?post=83790"}],"version-history":[{"count":1,"href":"https:\/\/blogopara.com.br\/index.php\/wp-json\/wp\/v2\/posts\/83790\/revisions"}],"predecessor-version":[{"id":83792,"href":"https:\/\/blogopara.com.br\/index.php\/wp-json\/wp\/v2\/posts\/83790\/revisions\/83792"}],"wp:featuredmedia":[{"embeddable":true,"href":"https:\/\/blogopara.com.br\/index.php\/wp-json\/wp\/v2\/media\/83791"}],"wp:attachment":[{"href":"https:\/\/blogopara.com.br\/index.php\/wp-json\/wp\/v2\/media?parent=83790"}],"wp:term":[{"taxonomy":"category","embeddable":true,"href":"https:\/\/blogopara.com.br\/index.php\/wp-json\/wp\/v2\/categories?post=83790"},{"taxonomy":"post_tag","embeddable":true,"href":"https:\/\/blogopara.com.br\/index.php\/wp-json\/wp\/v2\/tags?post=83790"}],"curies":[{"name":"wp","href":"https:\/\/api.w.org\/{rel}","templated":true}]}}