{"id":8384,"date":"2020-03-20T10:23:56","date_gmt":"2020-03-20T13:23:56","guid":{"rendered":"http:\/\/blogopara.com.br\/?p=8384"},"modified":"2020-03-20T10:24:03","modified_gmt":"2020-03-20T13:24:03","slug":"o-professor-tem-razao","status":"publish","type":"post","link":"https:\/\/blogopara.com.br\/index.php\/2020\/03\/20\/o-professor-tem-razao","title":{"rendered":"O PROFESSOR TEM RAZ\u00c3O"},"content":{"rendered":"<p style=\"text-align: justify;\">H\u00e1 algum tempo, em Juazeiro, ap\u00f3s uma s\u00e9ries de desmandos para com seu povo, um guerreiro decidiu se erguer.<\/p>\n<p style=\"text-align: justify;\">Primeiro, amparado por um direito que \u00e9 de todo cidad\u00e3o, solicitou \u00e0 c\u00e2mara de vereadores, as informa\u00e7\u00f5es sobre os projetos dos vereadores para Juazeiro, al\u00e9m da frequ\u00eancia de cada um deles. Ao ter esse direito estranhamente negado, solicitou, onde foi prontamente atendido, essas informa\u00e7\u00f5es ao minist\u00e9rio p\u00fablico. Resultado: o que \u00e9 de direito do povo n\u00e3o est\u00e1 mais guardado a sete chaves.<\/p>\n<p style=\"text-align: justify;\">Em seguida, participou, junto das fam\u00edlias da Serra da Madeira, comunidade localizada no interior de Juazeiro, de uma manifesta\u00e7\u00e3o pelo o n\u00e3o fechamento da Escola Municipal Cora\u00e7\u00e3o de Jesus. Resultado: A escola n\u00e3o foi fechada e, al\u00e9m disso, j\u00e1 est\u00e1 sendo reformada.<\/p>\n<p style=\"text-align: justify;\">Posteriormente, fez mais uma den\u00fancia sobre o fato dos profissionais contratados da Educa\u00e7\u00e3o n\u00e3o receberem o m\u00eas completo de dezembro e as f\u00e9rias, todos esses direitos de qualquer trabalhador. O professor fez v\u00eddeos, foi \u00e0 imprensa, amea\u00e7ou ir \u00e0 justi\u00e7a. Resultado: Pela primeira vez na hist\u00f3ria, os profissionais de Educa\u00e7\u00e3o receberam as f\u00e9rias.<\/p>\n<p style=\"text-align: justify;\">Este pequeno hist\u00f3rico nos faz entender que as lutas que o professor tem travado s\u00e3o just\u00edssimas e dignas de nosso reconhecimento. Dito isto, \u00e9 mais que necess\u00e1rio que o professor encontre em n\u00f3s, juazeirenses preocupados com o futuro, o m\u00ednimo de apoio e os nossos sinceros agradecimentos.<\/p>\n<p style=\"text-align: justify;\">Esse singelo texto foi uma das formas de mostrar que o professor n\u00e3o est\u00e1 sozinho nessa caminhada. Portanto, se algu\u00e9m questionar o porqu\u00ea desse apoio, respondam: Estou em defesa daquele que, desde tempos atr\u00e1s, vem defendendo nossas fam\u00edlias e nosso povo contra as in\u00fameras injusti\u00e7as ocorridas na nossa terra.<\/p>\n<p style=\"text-align: justify;\">Assim, digo e reafirmo \u201co professor tem raz\u00e3o\u201d.<\/p>\n","protected":false},"excerpt":{"rendered":"<p>O professor est\u00e1 sendo perseguido pelo vereador Alex Tanuri e pela Secret\u00e1ria de Educa\u00e7\u00e3o de Juazeiro<\/p>\n","protected":false},"author":1,"featured_media":8385,"comment_status":"open","ping_status":"open","sticky":false,"template":"","format":"standard","meta":{"_uag_custom_page_level_css":"","_monsterinsights_skip_tracking":false,"_monsterinsights_sitenote_active":false,"_monsterinsights_sitenote_note":"","_monsterinsights_sitenote_category":0,"jetpack_post_was_ever_published":false,"_jetpack_newsletter_access":"","_jetpack_dont_email_post_to_subs":false,"_jetpack_newsletter_tier_id":0,"_jetpack_memberships_contains_paywalled_content":false,"_jetpack_memberships_contains_paid_content":false,"footnotes":"","jetpack_publicize_message":"","jetpack_publicize_feature_enabled":true,"jetpack_social_post_already_shared":true,"jetpack_social_options":{"image_generator_settings":{"template":"highway","default_image_id":0,"font":"","enabled":false},"version":2}},"categories":[203],"tags":[],"class_list":["post-8384","post","type-post","status-publish","format-standard","has-post-thumbnail","hentry","category-juazeiro"],"jetpack_publicize_connections":[],"jetpack_featured_media_url":"https:\/\/blogopara.com.br\/wp-content\/uploads\/2020\/03\/oioii.jpeg","uagb_featured_image_src":{"full":["https:\/\/blogopara.com.br\/wp-content\/uploads\/2020\/03\/oioii.jpeg",500,714,false],"thumbnail":["https:\/\/blogopara.com.br\/wp-content\/uploads\/2020\/03\/oioii-150x150.jpeg",150,150,true],"medium":["https:\/\/blogopara.com.br\/wp-content\/uploads\/2020\/03\/oioii-210x300.jpeg",210,300,true],"medium_large":["https:\/\/blogopara.com.br\/wp-content\/uploads\/2020\/03\/oioii.jpeg",500,714,false],"large":["https:\/\/blogopara.com.br\/wp-content\/uploads\/2020\/03\/oioii.jpeg",500,714,false],"1536x1536":["https:\/\/blogopara.com.br\/wp-content\/uploads\/2020\/03\/oioii.jpeg",500,714,false],"2048x2048":["https:\/\/blogopara.com.br\/wp-content\/uploads\/2020\/03\/oioii.jpeg",500,714,false],"mantranews-slider-large":["https:\/\/blogopara.com.br\/wp-content\/uploads\/2020\/03\/oioii.jpeg",500,714,false],"mantranews-featured-medium":["https:\/\/blogopara.com.br\/wp-content\/uploads\/2020\/03\/oioii-420x307.jpeg",420,307,true],"mantranews-featured-long":["https:\/\/blogopara.com.br\/wp-content\/uploads\/2020\/03\/oioii-300x443.jpeg",300,443,true],"mantranews-block-medium":["https:\/\/blogopara.com.br\/wp-content\/uploads\/2020\/03\/oioii-464x290.jpeg",464,290,true],"mantranews-carousel-image":["https:\/\/blogopara.com.br\/wp-content\/uploads\/2020\/03\/oioii-500x500.jpeg",500,500,true],"mantranews-block-thumb":["https:\/\/blogopara.com.br\/wp-content\/uploads\/2020\/03\/oioii-322x230.jpeg",322,230,true],"mantranews-single-large":["https:\/\/blogopara.com.br\/wp-content\/uploads\/2020\/03\/oioii-500x642.jpeg",500,642,true]},"uagb_author_info":{"display_name":"Reda\u00e7\u00e3o geral","author_link":"https:\/\/blogopara.com.br\/index.php\/author\/blogopara"},"uagb_comment_info":0,"uagb_excerpt":"O professor est\u00e1 sendo perseguido pelo vereador Alex Tanuri e pela Secret\u00e1ria de Educa\u00e7\u00e3o de Juazeiro","jetpack_sharing_enabled":true,"jetpack_likes_enabled":true,"_links":{"self":[{"href":"https:\/\/blogopara.com.br\/index.php\/wp-json\/wp\/v2\/posts\/8384","targetHints":{"allow":["GET"]}}],"collection":[{"href":"https:\/\/blogopara.com.br\/index.php\/wp-json\/wp\/v2\/posts"}],"about":[{"href":"https:\/\/blogopara.com.br\/index.php\/wp-json\/wp\/v2\/types\/post"}],"author":[{"embeddable":true,"href":"https:\/\/blogopara.com.br\/index.php\/wp-json\/wp\/v2\/users\/1"}],"replies":[{"embeddable":true,"href":"https:\/\/blogopara.com.br\/index.php\/wp-json\/wp\/v2\/comments?post=8384"}],"version-history":[{"count":1,"href":"https:\/\/blogopara.com.br\/index.php\/wp-json\/wp\/v2\/posts\/8384\/revisions"}],"predecessor-version":[{"id":8386,"href":"https:\/\/blogopara.com.br\/index.php\/wp-json\/wp\/v2\/posts\/8384\/revisions\/8386"}],"wp:featuredmedia":[{"embeddable":true,"href":"https:\/\/blogopara.com.br\/index.php\/wp-json\/wp\/v2\/media\/8385"}],"wp:attachment":[{"href":"https:\/\/blogopara.com.br\/index.php\/wp-json\/wp\/v2\/media?parent=8384"}],"wp:term":[{"taxonomy":"category","embeddable":true,"href":"https:\/\/blogopara.com.br\/index.php\/wp-json\/wp\/v2\/categories?post=8384"},{"taxonomy":"post_tag","embeddable":true,"href":"https:\/\/blogopara.com.br\/index.php\/wp-json\/wp\/v2\/tags?post=8384"}],"curies":[{"name":"wp","href":"https:\/\/api.w.org\/{rel}","templated":true}]}}