{"id":84143,"date":"2026-03-08T09:30:00","date_gmt":"2026-03-08T12:30:00","guid":{"rendered":"https:\/\/blogopara.com.br\/?p=84143"},"modified":"2026-03-08T09:30:00","modified_gmt":"2026-03-08T12:30:00","slug":"guarda-aposentado-e-flagrado-agredindo-cachorro-em-elevador-de-predio-de-luxo","status":"publish","type":"post","link":"https:\/\/blogopara.com.br\/index.php\/2026\/03\/08\/guarda-aposentado-e-flagrado-agredindo-cachorro-em-elevador-de-predio-de-luxo","title":{"rendered":"Guarda aposentado \u00e9 flagrado agredindo cachorro em elevador de pr\u00e9dio de luxo"},"content":{"rendered":"<div class=\"flex flex-col w-full font-normal text-[18px] leading-[30px] text-tw-theme-text-default\">\n<p id=\"paragrafo-wm66lerf98\">Um guarda civil aposentado foi flagrado agredindo um cachorro dentro do elevador do pr\u00e9dio de alto padr\u00e3o em que mora, no bairro Vila Cai\u00e7ara, em Praia Grande, no litoral de S\u00e3o Paulo. O animal foi retirado da tutela do homem nesta sexta-feira (6).<\/p>\n<\/div>\n<div class=\"flex flex-col w-full font-normal text-[18px] leading-[30px] text-tw-theme-text-default\">\n<p id=\"paragrafo-rqmzx2r8qu\">Nas imagens, o homem aparece no elevador com dois animais, que est\u00e3o presos \u00e0s respectivas coleiras. Poucos segundos ap\u00f3s entrar no local, ele se abaixa e come\u00e7a a agredir um dos c\u00e3es.<\/p>\n<\/div>\n<div class=\"flex flex-col w-full font-normal text-[18px] leading-[30px] text-tw-theme-text-default\">\n<p id=\"paragrafo-61xhu2m1vx\">Ele desfere chutes contra o pet e, na sequ\u00eancia, o levanta pela coleira, balan\u00e7ando o animal no ar, enquanto parece gritar com ele.\u00a0O bichinho acaba se desprendendo da coleira, cai no ch\u00e3o e \u00e9 agredido com o instrumento que ficou nas m\u00e3os do dono.<\/p>\n<\/div>\n<div class=\"flex flex-col w-full font-normal text-[18px] leading-[30px] text-tw-theme-text-default\">\n<p id=\"paragrafo-rglj84az4u\">O registro foi feito na manh\u00e3 do dia 27 de fevereiro. O caso foi denunciado de forma an\u00f4nima \u00e0 pol\u00edcia na \u00faltima ter\u00e7a-feira (3). Na sexta-feira, a Pol\u00edcia Civil cumpriu um mandado de busca e apreens\u00e3o e retirou o cachorro do homem.<\/p>\n<\/div>\n<div class=\"flex flex-col w-full font-normal text-[18px] leading-[30px] text-tw-theme-text-default\">\n<p id=\"paragrafo-yk6nxmuyzi\">Segundo informa\u00e7\u00f5es do portal g1, ele teria demonstrado surpresa com a den\u00fancia, que classificou como um &#8220;absurdo&#8221;. A esposa do suspeito ainda teria tentado trancar o animal em um dos quartos para que ele n\u00e3o fosse levado.<\/p>\n<\/div>\n<div class=\"flex flex-col w-full font-normal text-[18px] leading-[30px] text-tw-theme-text-default\">\n<p id=\"paragrafo-bqhcrtsx5r\">O homem \u00e9 investigado e deve ser ouvido nos pr\u00f3ximos dias.<\/p>\n<\/div>\n","protected":false},"excerpt":{"rendered":"<p>Um guarda civil aposentado foi flagrado agredindo um cachorro dentro do elevador do pr\u00e9dio de alto padr\u00e3o em que mora, no bairro Vila Cai\u00e7ara, em Praia Grande, no litoral de S\u00e3o Paulo. O animal foi retirado da tutela do homem nesta sexta-feira (6). Nas imagens, o homem aparece no elevador com dois animais, que est\u00e3o [&hellip;]<\/p>\n","protected":false},"author":1,"featured_media":84145,"comment_status":"open","ping_status":"open","sticky":false,"template":"","format":"standard","meta":{"_uag_custom_page_level_css":"","_monsterinsights_skip_tracking":false,"_monsterinsights_sitenote_active":false,"_monsterinsights_sitenote_note":"","_monsterinsights_sitenote_category":0,"jetpack_post_was_ever_published":false,"_jetpack_newsletter_access":"","_jetpack_dont_email_post_to_subs":false,"_jetpack_newsletter_tier_id":0,"_jetpack_memberships_contains_paywalled_content":false,"_jetpack_memberships_contains_paid_content":false,"footnotes":"","jetpack_publicize_message":"","jetpack_publicize_feature_enabled":true,"jetpack_social_post_already_shared":true,"jetpack_social_options":{"image_generator_settings":{"template":"highway","default_image_id":0,"font":"","enabled":false},"version":2}},"categories":[200],"tags":[],"class_list":["post-84143","post","type-post","status-publish","format-standard","has-post-thumbnail","hentry","category-brasil"],"jetpack_publicize_connections":[],"jetpack_featured_media_url":"https:\/\/blogopara.com.br\/wp-content\/uploads\/2026\/03\/Capturar-16.jpg","uagb_featured_image_src":{"full":["https:\/\/blogopara.com.br\/wp-content\/uploads\/2026\/03\/Capturar-16.jpg",500,335,false],"thumbnail":["https:\/\/blogopara.com.br\/wp-content\/uploads\/2026\/03\/Capturar-16-150x150.jpg",150,150,true],"medium":["https:\/\/blogopara.com.br\/wp-content\/uploads\/2026\/03\/Capturar-16-300x201.jpg",300,201,true],"medium_large":["https:\/\/blogopara.com.br\/wp-content\/uploads\/2026\/03\/Capturar-16.jpg",500,335,false],"large":["https:\/\/blogopara.com.br\/wp-content\/uploads\/2026\/03\/Capturar-16.jpg",500,335,false],"1536x1536":["https:\/\/blogopara.com.br\/wp-content\/uploads\/2026\/03\/Capturar-16.jpg",500,335,false],"2048x2048":["https:\/\/blogopara.com.br\/wp-content\/uploads\/2026\/03\/Capturar-16.jpg",500,335,false],"mantranews-slider-large":["https:\/\/blogopara.com.br\/wp-content\/uploads\/2026\/03\/Capturar-16.jpg",500,335,false],"mantranews-featured-medium":["https:\/\/blogopara.com.br\/wp-content\/uploads\/2026\/03\/Capturar-16-420x307.jpg",420,307,true],"mantranews-featured-long":["https:\/\/blogopara.com.br\/wp-content\/uploads\/2026\/03\/Capturar-16-300x335.jpg",300,335,true],"mantranews-block-medium":["https:\/\/blogopara.com.br\/wp-content\/uploads\/2026\/03\/Capturar-16-464x290.jpg",464,290,true],"mantranews-carousel-image":["https:\/\/blogopara.com.br\/wp-content\/uploads\/2026\/03\/Capturar-16.jpg",500,335,false],"mantranews-block-thumb":["https:\/\/blogopara.com.br\/wp-content\/uploads\/2026\/03\/Capturar-16-322x230.jpg",322,230,true],"mantranews-single-large":["https:\/\/blogopara.com.br\/wp-content\/uploads\/2026\/03\/Capturar-16.jpg",500,335,false]},"uagb_author_info":{"display_name":"Reda\u00e7\u00e3o geral","author_link":"https:\/\/blogopara.com.br\/index.php\/author\/blogopara"},"uagb_comment_info":0,"uagb_excerpt":"Um guarda civil aposentado foi flagrado agredindo um cachorro dentro do elevador do pr\u00e9dio de alto padr\u00e3o em que mora, no bairro Vila Cai\u00e7ara, em Praia Grande, no litoral de S\u00e3o Paulo. O animal foi retirado da tutela do homem nesta sexta-feira (6). Nas imagens, o homem aparece no elevador com dois animais, que est\u00e3o&hellip;","jetpack_sharing_enabled":true,"jetpack_likes_enabled":true,"_links":{"self":[{"href":"https:\/\/blogopara.com.br\/index.php\/wp-json\/wp\/v2\/posts\/84143","targetHints":{"allow":["GET"]}}],"collection":[{"href":"https:\/\/blogopara.com.br\/index.php\/wp-json\/wp\/v2\/posts"}],"about":[{"href":"https:\/\/blogopara.com.br\/index.php\/wp-json\/wp\/v2\/types\/post"}],"author":[{"embeddable":true,"href":"https:\/\/blogopara.com.br\/index.php\/wp-json\/wp\/v2\/users\/1"}],"replies":[{"embeddable":true,"href":"https:\/\/blogopara.com.br\/index.php\/wp-json\/wp\/v2\/comments?post=84143"}],"version-history":[{"count":1,"href":"https:\/\/blogopara.com.br\/index.php\/wp-json\/wp\/v2\/posts\/84143\/revisions"}],"predecessor-version":[{"id":84146,"href":"https:\/\/blogopara.com.br\/index.php\/wp-json\/wp\/v2\/posts\/84143\/revisions\/84146"}],"wp:featuredmedia":[{"embeddable":true,"href":"https:\/\/blogopara.com.br\/index.php\/wp-json\/wp\/v2\/media\/84145"}],"wp:attachment":[{"href":"https:\/\/blogopara.com.br\/index.php\/wp-json\/wp\/v2\/media?parent=84143"}],"wp:term":[{"taxonomy":"category","embeddable":true,"href":"https:\/\/blogopara.com.br\/index.php\/wp-json\/wp\/v2\/categories?post=84143"},{"taxonomy":"post_tag","embeddable":true,"href":"https:\/\/blogopara.com.br\/index.php\/wp-json\/wp\/v2\/tags?post=84143"}],"curies":[{"name":"wp","href":"https:\/\/api.w.org\/{rel}","templated":true}]}}