{"id":84159,"date":"2026-03-09T19:16:33","date_gmt":"2026-03-09T22:16:33","guid":{"rendered":"https:\/\/blogopara.com.br\/?p=84159"},"modified":"2026-03-09T19:16:33","modified_gmt":"2026-03-09T22:16:33","slug":"senador-obtem-numero-minimo-de-27-assinaturas-para-abrir-cpi-contra-moraes-e-toffoli-por-caso-master","status":"publish","type":"post","link":"https:\/\/blogopara.com.br\/index.php\/2026\/03\/09\/senador-obtem-numero-minimo-de-27-assinaturas-para-abrir-cpi-contra-moraes-e-toffoli-por-caso-master","title":{"rendered":"Senador obt\u00e9m n\u00famero m\u00ednimo de 27 assinaturas para abrir CPI contra Moraes e Toffoli por caso Master"},"content":{"rendered":"<p>O senador Alessandro Vieira (MDB-SE) disse que reuniu, nesta segunda-feira, 9, o n\u00famero m\u00ednimo de assinaturas para protocolar uma Comiss\u00e3o Parlamentar de Inqu\u00e9rito (CPI) para apurar as condutas dos ministros do Supremo Tribunal Federal (STF) Alexandre de Moraes e Dias Toffoli no esc\u00e2ndalo do Banco Master. S\u00e3o necess\u00e1rios 27 apoiamentos para protocolar o texto e, at\u00e9 a tarde desta segunda, j\u00e1 eram 29 assinaturas.<\/p>\n<p>Mensagens obtidas no celular do banqueiro Daniel Vorcaro mostram que ele mantinha conversas com Moraes. O jornal o Estado de S\u00e3o Paulo mostrou a liga\u00e7\u00e3o de um empreendimento de familiares de Dias Toffoli com fundos ligados ao Master, de Vorcaro.<\/p>\n<p>O senador diz que continuar\u00e1 a coleta dos apoios para protocolar o pedido quando tiver um \u201cn\u00famero mais seguro\u201d.<\/p>\n<p>\u201cSem condena\u00e7\u00e3o antecipada, mas com muita firmeza, vamos realizar uma investiga\u00e7\u00e3o absolutamente necess\u00e1ria para resgatar a confian\u00e7a dos brasileiros nas institui\u00e7\u00f5es\u201d, disse Vieira. \u201cO Brasil s\u00f3 ser\u00e1 uma verdadeira Rep\u00fablica democr\u00e1tica quando todos estiverem submetidos ao mesmo rigor da lei.\u201d<\/p>\n<p>A oposi\u00e7\u00e3o no Senado Federal \u00e9 quem move a linha de frente contra os dois ministros do Supremo. Apesar disso, o senador Fl\u00e1vio Bolsonaro (PL-RJ), pr\u00e9-candidato \u00e0 Presid\u00eancia da Rep\u00fablica, s\u00f3 assinou o requerimento depois que os 27 apoiamentos m\u00ednimos j\u00e1 haviam sido obtidos. A assinatura de Fl\u00e1vio foi a 29\u00aa da lista. Fl\u00e1vio vinha sendo cobrado, sobretudo nas redes sociais, para que prestasse seu apoio ao requerimento.<\/p>\n<p>Nesta mesma segunda-feira, o governador de Minas Gerais, Romeu Zema (Novo) ir\u00e1 protocolar pedido de impeachment contra Moraes.<\/p>\n<p>Ser\u00e1 o d\u00e9cimo pedido de impeachment de ministro do STF protocolado no Senado apenas neste ano. Moraes j\u00e1 foi alvo de um desses requerimentos, baseado na revela\u00e7\u00e3o do jornal O Globo sobre a exist\u00eancia de um contrato de R$ 129 milh\u00f5es entre o Banco Master e o escrit\u00f3rio da advogada Viviane Barci, mulher de Alexandre de Moraes.<\/p>\n<p>No dia seguinte dever\u00e1 haver o d\u00e9cimo primeiro. O l\u00edder da oposi\u00e7\u00e3o na C\u00e2mara dos Deputados, Cabo Gilberto Silva (PL-PB), disse que ir\u00e1 protocolar outro pedido na ter\u00e7a-feira, 10.<\/p>\n<p>Os outros oito pedidos j\u00e1 protocolados no per\u00edodo pedem o impeachment de Dias Toffoli, tamb\u00e9m com acusa\u00e7\u00f5es sobre a proximidade do ministro e o banco de Vorcaro.<\/p>\n<p>Segundo a lei brasileira, os pedidos de impeachments de ministros s\u00e3o analisados pelo Senado. Cabe ao presidente da Casa, Davi Alcolumbre (Uni\u00e3o-AP), determinar a abertura ou n\u00e3o do processo.<\/p>\n<p>Dados extra\u00eddos do celular de Vorcaro revelam que ele prestava contas a Moraes sobre as negocia\u00e7\u00f5es de venda do banco e sugerem di\u00e1logos a respeito do inqu\u00e9rito sigiloso que tramitava na Justi\u00e7a Federal de Bras\u00edlia.<\/p>\n<p>Outras mensagens mostram que Vorcaro consultou Moraes sobre a lista de convidados para um f\u00f3rum jur\u00eddico realizado em Londres, em abril de 2024. O magistrado determinou que o empres\u00e1rio Joesley Batista, da J&amp;F, fosse \u201cbloqueado\u201d do evento, e Vorcaro levou o tema \u00e0 organiza\u00e7\u00e3o do f\u00f3rum.<\/p>\n<p>Para manter o sigilo, Vorcaro e Moraes usavam o recurso de visualiza\u00e7\u00e3o \u00fanica. Por essa raz\u00e3o, as respostas do ministro n\u00e3o est\u00e3o dispon\u00edveis, mas as notas do dono do Master permaneceram acess\u00edveis no hist\u00f3rico do aparelho celular do banqueiro.<\/p>\n<p><strong>Veja quem assinou a lista pedindo a CPI<\/strong>:<\/p>\n<p>Alessandro Vieira (MDB-SE)<\/p>\n<p>Astronauta Marcos Pontes (PL-SP)<\/p>\n<p><span style=\"font-size: 1rem;\">Eduardo Gir\u00e3o (Novo-CE)<\/span><\/p>\n<p><span style=\"font-size: 1rem;\">Magno Malta (PL-ES)<\/span><\/p>\n<p><span style=\"font-size: 1rem;\">Luis Carlos Heinze (PP-RS)<\/span><\/p>\n<p><span style=\"font-size: 1rem;\">Sergio Moro (Uni\u00e3o-PR)<\/span><\/p>\n<p><span style=\"font-size: 1rem;\">Esperidi\u00e3o Amin (PP-SC)<\/span><\/p>\n<p><span style=\"font-size: 1rem;\">Carlos portinho (PL-RJ)<\/span><\/p>\n<p><span style=\"font-size: 1rem;\">Styvenson Valentim (PSDB-RN)<\/span><\/p>\n<p><span style=\"font-size: 1rem;\">Marcio Bittar (PL-AC)<\/span><\/p>\n<p><span style=\"font-size: 1rem;\">Pl\u00ednio Val\u00e9rio (PSDB-AM)<\/span><\/p>\n<p><span style=\"font-size: 1rem;\">Jaime Bagattoli (PL-RO)<\/span><\/p>\n<p><span style=\"font-size: 1rem;\">Oriovisto Guimar\u00e3es (PSDB-PR)<\/span><\/p>\n<p><span style=\"font-size: 1rem;\">Damares Alves (Republicanos-DF)<\/span><\/p>\n<p><span style=\"font-size: 1rem;\">Cleitinho (Republicanos-MG)<\/span><\/p>\n<p><span style=\"font-size: 1rem;\">Hamilton Mour\u00e3o (Republicanos-RS)<\/span><\/p>\n<p><span style=\"font-size: 1rem;\">Vanderlan Cardoso (PSD-GO)<\/span><\/p>\n<p><span style=\"font-size: 1rem;\">Jorge Kajuru (PSB-GO)<\/span><\/p>\n<p><span style=\"font-size: 1rem;\">Margareth BUzetti (PP-MT)<\/span><\/p>\n<p><span style=\"font-size: 1rem;\">Alan Rick (Republicanos-AC)<\/span><\/p>\n<p><span style=\"font-size: 1rem;\">Wilder Morais (PL-GO)<\/span><\/p>\n<p><span style=\"font-size: 1rem;\">Izalci Lucas (PL-DF)<\/span><\/p>\n<p><span style=\"font-size: 1rem;\">Mara Gabrilli (PSD-SP)<\/span><\/p>\n<p><span style=\"font-size: 1rem;\">Marcos do Val (Podemos-ES)<\/span><\/p>\n<p><span style=\"font-size: 1rem;\">Rog\u00e9rio Marinho (PL-RN)<\/span><\/p>\n<p><span style=\"font-size: 1rem;\">Fl\u00e1vio Arns (PSB-PR)<\/span><\/p>\n<p><span style=\"font-size: 1rem;\">La\u00e9rcio Oliveira (PP-SE)<\/span><\/p>\n<p><span style=\"font-size: 1rem;\">Dr. Hian (PP-RR)<\/span><\/p>\n<p><span style=\"font-size: 1rem;\">Fl\u00e1vio Bolsonaro (PL-RJ)<\/span><\/p>\n","protected":false},"excerpt":{"rendered":"<p>O senador Alessandro Vieira (MDB-SE) disse que reuniu, nesta segunda-feira, 9, o n\u00famero m\u00ednimo de assinaturas para protocolar uma Comiss\u00e3o Parlamentar de Inqu\u00e9rito (CPI) para apurar as condutas dos ministros do Supremo Tribunal Federal (STF) Alexandre de Moraes e Dias Toffoli no esc\u00e2ndalo do Banco Master. S\u00e3o necess\u00e1rios 27 apoiamentos para protocolar o texto e, [&hellip;]<\/p>\n","protected":false},"author":1,"featured_media":84163,"comment_status":"open","ping_status":"open","sticky":false,"template":"","format":"standard","meta":{"_uag_custom_page_level_css":"","_monsterinsights_skip_tracking":false,"_monsterinsights_sitenote_active":false,"_monsterinsights_sitenote_note":"","_monsterinsights_sitenote_category":0,"jetpack_post_was_ever_published":false,"_jetpack_newsletter_access":"","_jetpack_dont_email_post_to_subs":false,"_jetpack_newsletter_tier_id":0,"_jetpack_memberships_contains_paywalled_content":false,"_jetpack_memberships_contains_paid_content":false,"footnotes":"","jetpack_publicize_message":"","jetpack_publicize_feature_enabled":true,"jetpack_social_post_already_shared":true,"jetpack_social_options":{"image_generator_settings":{"template":"highway","default_image_id":0,"font":"","enabled":false},"version":2}},"categories":[200],"tags":[],"class_list":["post-84159","post","type-post","status-publish","format-standard","has-post-thumbnail","hentry","category-brasil"],"jetpack_publicize_connections":[],"jetpack_featured_media_url":"https:\/\/blogopara.com.br\/wp-content\/uploads\/2026\/03\/Capturar-17.jpg","uagb_featured_image_src":{"full":["https:\/\/blogopara.com.br\/wp-content\/uploads\/2026\/03\/Capturar-17.jpg",500,319,false],"thumbnail":["https:\/\/blogopara.com.br\/wp-content\/uploads\/2026\/03\/Capturar-17-150x150.jpg",150,150,true],"medium":["https:\/\/blogopara.com.br\/wp-content\/uploads\/2026\/03\/Capturar-17-300x191.jpg",300,191,true],"medium_large":["https:\/\/blogopara.com.br\/wp-content\/uploads\/2026\/03\/Capturar-17.jpg",500,319,false],"large":["https:\/\/blogopara.com.br\/wp-content\/uploads\/2026\/03\/Capturar-17.jpg",500,319,false],"1536x1536":["https:\/\/blogopara.com.br\/wp-content\/uploads\/2026\/03\/Capturar-17.jpg",500,319,false],"2048x2048":["https:\/\/blogopara.com.br\/wp-content\/uploads\/2026\/03\/Capturar-17.jpg",500,319,false],"mantranews-slider-large":["https:\/\/blogopara.com.br\/wp-content\/uploads\/2026\/03\/Capturar-17.jpg",500,319,false],"mantranews-featured-medium":["https:\/\/blogopara.com.br\/wp-content\/uploads\/2026\/03\/Capturar-17-420x307.jpg",420,307,true],"mantranews-featured-long":["https:\/\/blogopara.com.br\/wp-content\/uploads\/2026\/03\/Capturar-17-300x319.jpg",300,319,true],"mantranews-block-medium":["https:\/\/blogopara.com.br\/wp-content\/uploads\/2026\/03\/Capturar-17-464x290.jpg",464,290,true],"mantranews-carousel-image":["https:\/\/blogopara.com.br\/wp-content\/uploads\/2026\/03\/Capturar-17.jpg",500,319,false],"mantranews-block-thumb":["https:\/\/blogopara.com.br\/wp-content\/uploads\/2026\/03\/Capturar-17-322x230.jpg",322,230,true],"mantranews-single-large":["https:\/\/blogopara.com.br\/wp-content\/uploads\/2026\/03\/Capturar-17.jpg",500,319,false]},"uagb_author_info":{"display_name":"Reda\u00e7\u00e3o geral","author_link":"https:\/\/blogopara.com.br\/index.php\/author\/blogopara"},"uagb_comment_info":0,"uagb_excerpt":"O senador Alessandro Vieira (MDB-SE) disse que reuniu, nesta segunda-feira, 9, o n\u00famero m\u00ednimo de assinaturas para protocolar uma Comiss\u00e3o Parlamentar de Inqu\u00e9rito (CPI) para apurar as condutas dos ministros do Supremo Tribunal Federal (STF) Alexandre de Moraes e Dias Toffoli no esc\u00e2ndalo do Banco Master. S\u00e3o necess\u00e1rios 27 apoiamentos para protocolar o texto e,&hellip;","jetpack_sharing_enabled":true,"jetpack_likes_enabled":true,"_links":{"self":[{"href":"https:\/\/blogopara.com.br\/index.php\/wp-json\/wp\/v2\/posts\/84159","targetHints":{"allow":["GET"]}}],"collection":[{"href":"https:\/\/blogopara.com.br\/index.php\/wp-json\/wp\/v2\/posts"}],"about":[{"href":"https:\/\/blogopara.com.br\/index.php\/wp-json\/wp\/v2\/types\/post"}],"author":[{"embeddable":true,"href":"https:\/\/blogopara.com.br\/index.php\/wp-json\/wp\/v2\/users\/1"}],"replies":[{"embeddable":true,"href":"https:\/\/blogopara.com.br\/index.php\/wp-json\/wp\/v2\/comments?post=84159"}],"version-history":[{"count":1,"href":"https:\/\/blogopara.com.br\/index.php\/wp-json\/wp\/v2\/posts\/84159\/revisions"}],"predecessor-version":[{"id":84164,"href":"https:\/\/blogopara.com.br\/index.php\/wp-json\/wp\/v2\/posts\/84159\/revisions\/84164"}],"wp:featuredmedia":[{"embeddable":true,"href":"https:\/\/blogopara.com.br\/index.php\/wp-json\/wp\/v2\/media\/84163"}],"wp:attachment":[{"href":"https:\/\/blogopara.com.br\/index.php\/wp-json\/wp\/v2\/media?parent=84159"}],"wp:term":[{"taxonomy":"category","embeddable":true,"href":"https:\/\/blogopara.com.br\/index.php\/wp-json\/wp\/v2\/categories?post=84159"},{"taxonomy":"post_tag","embeddable":true,"href":"https:\/\/blogopara.com.br\/index.php\/wp-json\/wp\/v2\/tags?post=84159"}],"curies":[{"name":"wp","href":"https:\/\/api.w.org\/{rel}","templated":true}]}}