{"id":84160,"date":"2026-03-09T19:15:30","date_gmt":"2026-03-09T22:15:30","guid":{"rendered":"https:\/\/blogopara.com.br\/?p=84160"},"modified":"2026-03-09T19:15:30","modified_gmt":"2026-03-09T22:15:30","slug":"prefeitura-de-senhor-do-bonfim-publica-mais-uma-convocacao-de-aprovados-no-processo-seletivo-001-2025","status":"publish","type":"post","link":"https:\/\/blogopara.com.br\/index.php\/2026\/03\/09\/prefeitura-de-senhor-do-bonfim-publica-mais-uma-convocacao-de-aprovados-no-processo-seletivo-001-2025","title":{"rendered":"Prefeitura de Senhor do Bonfim publica mais uma convoca\u00e7\u00e3o de aprovados no processo seletivo 001\/2025"},"content":{"rendered":"<p class=\"x_MsoNormal\">A Prefeitura de Senhor do Bonfim publicou no Di\u00e1rio Oficial uma nova convoca\u00e7\u00e3o de candidatos aprovados no Processo Seletivo Simplificado n\u00ba 001\/2025 para apresenta\u00e7\u00e3o de documenta\u00e7\u00e3o.<\/p>\n<p class=\"x_MsoNormal\">A medida foi oficializada por meio do Decreto n\u00ba 148\/2026, que convoca os aprovados para comparecerem \u00e0 sala de reuni\u00e3o da Prefeitura, localizada na Pra\u00e7a Nova do Congresso, n\u00ba 01, no Central Shopping, 2\u00ba andar, nos dias 11 e 12 de mar\u00e7o, das 8h \u00e0s 12h e das 14h \u00e0s 17h, munidos da documenta\u00e7\u00e3o prevista no edital.<\/p>\n<p class=\"x_MsoNormal\">Esta \u00e9 a terceira convoca\u00e7\u00e3o publicada pela gest\u00e3o municipal nos \u00faltimos dias. \u201cCom essa nova publica\u00e7\u00e3o j\u00e1 s\u00e3o tr\u00eas convoca\u00e7\u00f5es feitas nos \u00faltimos dias. Fiquem atentos \u00e0s datas. Seguimos avan\u00e7ando na recomposi\u00e7\u00e3o das equipes e garantindo que os aprovados possam assumir suas fun\u00e7\u00f5es e contribuir com o atendimento \u00e0 popula\u00e7\u00e3o\u201d, afirmou.<\/p>\n<p class=\"x_MsoNormal\">A lista completa de convocados e demais orienta\u00e7\u00f5es podem ser conferidas no Di\u00e1rio Oficial do Munic\u00edpio ou clicando AQUI.<\/p>\n<p class=\"x_MsoNormal\">Texto: Ascom PMSB<\/p>\n<p class=\"x_MsoNormal\">\n","protected":false},"excerpt":{"rendered":"<p>A Prefeitura de Senhor do Bonfim publicou no Di\u00e1rio Oficial uma nova convoca\u00e7\u00e3o de candidatos aprovados no Processo Seletivo Simplificado n\u00ba 001\/2025 para apresenta\u00e7\u00e3o de documenta\u00e7\u00e3o. A medida foi oficializada por meio do Decreto n\u00ba 148\/2026, que convoca os aprovados para comparecerem \u00e0 sala de reuni\u00e3o da Prefeitura, localizada na Pra\u00e7a Nova do Congresso, n\u00ba [&hellip;]<\/p>\n","protected":false},"author":1,"featured_media":84161,"comment_status":"open","ping_status":"open","sticky":false,"template":"","format":"standard","meta":{"_uag_custom_page_level_css":"","_monsterinsights_skip_tracking":false,"_monsterinsights_sitenote_active":false,"_monsterinsights_sitenote_note":"","_monsterinsights_sitenote_category":0,"jetpack_post_was_ever_published":false,"_jetpack_newsletter_access":"","_jetpack_dont_email_post_to_subs":false,"_jetpack_newsletter_tier_id":0,"_jetpack_memberships_contains_paywalled_content":false,"_jetpack_memberships_contains_paid_content":false,"footnotes":"","jetpack_publicize_message":"","jetpack_publicize_feature_enabled":true,"jetpack_social_post_already_shared":true,"jetpack_social_options":{"image_generator_settings":{"template":"highway","default_image_id":0,"font":"","enabled":false},"version":2}},"categories":[199],"tags":[],"class_list":["post-84160","post","type-post","status-publish","format-standard","has-post-thumbnail","hentry","category-bahia"],"jetpack_publicize_connections":[],"jetpack_featured_media_url":"https:\/\/blogopara.com.br\/wp-content\/uploads\/2026\/03\/fd687fd1-c73d-4dc7-b927-bf60969d925c.jpg","uagb_featured_image_src":{"full":["https:\/\/blogopara.com.br\/wp-content\/uploads\/2026\/03\/fd687fd1-c73d-4dc7-b927-bf60969d925c.jpg",501,491,false],"thumbnail":["https:\/\/blogopara.com.br\/wp-content\/uploads\/2026\/03\/fd687fd1-c73d-4dc7-b927-bf60969d925c-150x150.jpg",150,150,true],"medium":["https:\/\/blogopara.com.br\/wp-content\/uploads\/2026\/03\/fd687fd1-c73d-4dc7-b927-bf60969d925c-300x294.jpg",300,294,true],"medium_large":["https:\/\/blogopara.com.br\/wp-content\/uploads\/2026\/03\/fd687fd1-c73d-4dc7-b927-bf60969d925c.jpg",501,491,false],"large":["https:\/\/blogopara.com.br\/wp-content\/uploads\/2026\/03\/fd687fd1-c73d-4dc7-b927-bf60969d925c.jpg",501,491,false],"1536x1536":["https:\/\/blogopara.com.br\/wp-content\/uploads\/2026\/03\/fd687fd1-c73d-4dc7-b927-bf60969d925c.jpg",501,491,false],"2048x2048":["https:\/\/blogopara.com.br\/wp-content\/uploads\/2026\/03\/fd687fd1-c73d-4dc7-b927-bf60969d925c.jpg",501,491,false],"mantranews-slider-large":["https:\/\/blogopara.com.br\/wp-content\/uploads\/2026\/03\/fd687fd1-c73d-4dc7-b927-bf60969d925c.jpg",501,491,false],"mantranews-featured-medium":["https:\/\/blogopara.com.br\/wp-content\/uploads\/2026\/03\/fd687fd1-c73d-4dc7-b927-bf60969d925c-420x307.jpg",420,307,true],"mantranews-featured-long":["https:\/\/blogopara.com.br\/wp-content\/uploads\/2026\/03\/fd687fd1-c73d-4dc7-b927-bf60969d925c-300x443.jpg",300,443,true],"mantranews-block-medium":["https:\/\/blogopara.com.br\/wp-content\/uploads\/2026\/03\/fd687fd1-c73d-4dc7-b927-bf60969d925c-464x290.jpg",464,290,true],"mantranews-carousel-image":["https:\/\/blogopara.com.br\/wp-content\/uploads\/2026\/03\/fd687fd1-c73d-4dc7-b927-bf60969d925c.jpg",501,491,false],"mantranews-block-thumb":["https:\/\/blogopara.com.br\/wp-content\/uploads\/2026\/03\/fd687fd1-c73d-4dc7-b927-bf60969d925c-322x230.jpg",322,230,true],"mantranews-single-large":["https:\/\/blogopara.com.br\/wp-content\/uploads\/2026\/03\/fd687fd1-c73d-4dc7-b927-bf60969d925c.jpg",501,491,false]},"uagb_author_info":{"display_name":"Reda\u00e7\u00e3o geral","author_link":"https:\/\/blogopara.com.br\/index.php\/author\/blogopara"},"uagb_comment_info":0,"uagb_excerpt":"A Prefeitura de Senhor do Bonfim publicou no Di\u00e1rio Oficial uma nova convoca\u00e7\u00e3o de candidatos aprovados no Processo Seletivo Simplificado n\u00ba 001\/2025 para apresenta\u00e7\u00e3o de documenta\u00e7\u00e3o. A medida foi oficializada por meio do Decreto n\u00ba 148\/2026, que convoca os aprovados para comparecerem \u00e0 sala de reuni\u00e3o da Prefeitura, localizada na Pra\u00e7a Nova do Congresso, n\u00ba&hellip;","jetpack_sharing_enabled":true,"jetpack_likes_enabled":true,"_links":{"self":[{"href":"https:\/\/blogopara.com.br\/index.php\/wp-json\/wp\/v2\/posts\/84160","targetHints":{"allow":["GET"]}}],"collection":[{"href":"https:\/\/blogopara.com.br\/index.php\/wp-json\/wp\/v2\/posts"}],"about":[{"href":"https:\/\/blogopara.com.br\/index.php\/wp-json\/wp\/v2\/types\/post"}],"author":[{"embeddable":true,"href":"https:\/\/blogopara.com.br\/index.php\/wp-json\/wp\/v2\/users\/1"}],"replies":[{"embeddable":true,"href":"https:\/\/blogopara.com.br\/index.php\/wp-json\/wp\/v2\/comments?post=84160"}],"version-history":[{"count":1,"href":"https:\/\/blogopara.com.br\/index.php\/wp-json\/wp\/v2\/posts\/84160\/revisions"}],"predecessor-version":[{"id":84162,"href":"https:\/\/blogopara.com.br\/index.php\/wp-json\/wp\/v2\/posts\/84160\/revisions\/84162"}],"wp:featuredmedia":[{"embeddable":true,"href":"https:\/\/blogopara.com.br\/index.php\/wp-json\/wp\/v2\/media\/84161"}],"wp:attachment":[{"href":"https:\/\/blogopara.com.br\/index.php\/wp-json\/wp\/v2\/media?parent=84160"}],"wp:term":[{"taxonomy":"category","embeddable":true,"href":"https:\/\/blogopara.com.br\/index.php\/wp-json\/wp\/v2\/categories?post=84160"},{"taxonomy":"post_tag","embeddable":true,"href":"https:\/\/blogopara.com.br\/index.php\/wp-json\/wp\/v2\/tags?post=84160"}],"curies":[{"name":"wp","href":"https:\/\/api.w.org\/{rel}","templated":true}]}}