{"id":84183,"date":"2026-03-11T09:12:41","date_gmt":"2026-03-11T12:12:41","guid":{"rendered":"https:\/\/blogopara.com.br\/?p=84183"},"modified":"2026-03-11T09:12:41","modified_gmt":"2026-03-11T12:12:41","slug":"projeto-que-exige-atestado-medico-para-corridas-de-rua-gera-polemica-em-salvador","status":"publish","type":"post","link":"https:\/\/blogopara.com.br\/index.php\/2026\/03\/11\/projeto-que-exige-atestado-medico-para-corridas-de-rua-gera-polemica-em-salvador","title":{"rendered":"Projeto que exige atestado m\u00e9dico para corridas de rua gera pol\u00eamica em Salvador"},"content":{"rendered":"<div class=\"flex flex-col w-full font-normal text-[18px] leading-[30px] text-tw-theme-text-default\">\n<p id=\"paragrafo-610jxu7gos\">O\u00a0n\u00famero de corridas de rua cresce a cada ano em Salvador e em toda a Bahia. Mas uma proposta apresentada na C\u00e2mara Municipal da capital baiana, que prev\u00ea a obrigatoriedade de atestado m\u00e9dico para participar das corridas, tem causado pol\u00eamica.<\/p>\n<\/div>\n<div class=\"flex flex-col w-full font-normal text-[18px] leading-[30px] text-tw-theme-text-default\">\n<p id=\"paragrafo-crd43z3f07\">O Projeto de Lei n\u00ba 8\/2026, apresentado pelo vereador Randerson Leal (Podemos), prop\u00f5e tornar obrigat\u00f3ria a apresenta\u00e7\u00e3o de atestado m\u00e9dico cardiol\u00f3gico para corredores inscritos em provas realizadas em Salvador. Segundo o parlamentar, a medida busca ampliar a seguran\u00e7a dos participantes e evitar epis\u00f3dios de mal s\u00fabito durante eventos esportivos. Em novembro do ano passado\u00a0, por exemplo,\u00a0um homem de 36 anos passou mal e morreu durante a s\u00e9tima edi\u00e7\u00e3o da Corrida Colorida, realizada na capital.<\/p>\n<\/div>\n<div class=\"flex flex-col w-full font-normal text-[18px] leading-[30px] text-tw-theme-text-default\">\n<p id=\"paragrafo-xjjb8wwrzk\">\u201cN\u00f3s n\u00e3o podemos continuar assistindo pessoas morrerem em eventos esportivos por falta de uma medida simples, acess\u00edvel e comprovadamente eficaz. O atestado cardiol\u00f3gico n\u00e3o \u00e9 burocracia, \u00e9 o m\u00ednimo de respeito pela vida de quem cal\u00e7a um t\u00eanis e vai \u00e0s ruas correr\u201d, justificou o vereador.<\/p>\n<\/div>\n<div class=\"flex flex-col w-full\">\n<div id=\"galeria-simples-r73wiuhd7o\" class=\"component--galeria simples\">\n<div class=\"wrapper\">\n<div class=\"gallery-header\">\n<p>Conhe\u00e7a algumas das provas de rua que fazem parte do calend\u00e1rio de corridas da Bahia<\/p>\n<\/div>\n<\/div>\n<\/div>\n<\/div>\n<div class=\"flex flex-col w-full font-normal text-[18px] leading-[30px] text-tw-theme-text-default\">\n<p id=\"paragrafo-8mva9p3txr\">Pela proposta, todos os atletas inscritos em corridas promovidas por entidades p\u00fablicas ou privadas no munic\u00edpio teriam que apresentar um atestado emitido por m\u00e9dico registrado no Conselho Regional de Medicina (CRM), com declara\u00e7\u00e3o de aptid\u00e3o f\u00edsica e cardiol\u00f3gica para a pr\u00e1tica da modalidade. O documento teria validade de 12 meses.<\/p>\n<\/div>\n<div class=\"flex flex-col w-full\">\n<h2 id=\"intertitulo-e00usd2xhi\" class=\"font-family-secondary text-tw-theme-box-titulo-default text-[26px] leading-[38px] font-bold md:text-[31px]\">Rea\u00e7\u00e3o<\/h2>\n<\/div>\n<div class=\"flex flex-col w-full font-normal text-[18px] leading-[30px] text-tw-theme-text-default\">\n<p id=\"paragrafo-uccinrf91d\">A proposta, no entanto, gerou rea\u00e7\u00e3o entre organizadores de corridas. A Associa\u00e7\u00e3o Brasileira dos Organizadores de Corrida de Rua (Abraceo) encaminhou um of\u00edcio ao vereador pedindo a retirada ou reformula\u00e7\u00e3o do projeto. Segundo a entidade, a exig\u00eancia de atestado m\u00e9dico obrigat\u00f3rio j\u00e1 foi abandonada por diversas entidades m\u00e9dicas e esportivas por n\u00e3o se mostrar eficaz na redu\u00e7\u00e3o de riscos.<\/p>\n<\/div>\n<div class=\"flex flex-col w-full font-normal text-[18px] leading-[30px] text-tw-theme-text-default\">\n<p id=\"paragrafo-uhtpff3zg0\">Para o presidente da entidade, Guilherme Celso, a medida pode acabar afastando pessoas da pr\u00e1tica esportiva. \u201cHoje, o que mais mata no Brasil e no mundo n\u00e3o s\u00e3o as provas esportivas, mas o sedentarismo e as doen\u00e7as cr\u00f4nicas decorrentes da inatividade f\u00edsica, como obesidade, hipertens\u00e3o e diabetes. Impor mais uma barreira para a pr\u00e1tica da corrida contribui para afastar a popula\u00e7\u00e3o do esporte, e n\u00e3o para proteg\u00ea-la\u201d, afirmou.<\/p>\n<\/div>\n","protected":false},"excerpt":{"rendered":"<p>O\u00a0n\u00famero de corridas de rua cresce a cada ano em Salvador e em toda a Bahia. Mas uma proposta apresentada na C\u00e2mara Municipal da capital baiana, que prev\u00ea a obrigatoriedade de atestado m\u00e9dico para participar das corridas, tem causado pol\u00eamica. O Projeto de Lei n\u00ba 8\/2026, apresentado pelo vereador Randerson Leal (Podemos), prop\u00f5e tornar obrigat\u00f3ria [&hellip;]<\/p>\n","protected":false},"author":1,"featured_media":84184,"comment_status":"open","ping_status":"open","sticky":false,"template":"","format":"standard","meta":{"_uag_custom_page_level_css":"","_monsterinsights_skip_tracking":false,"_monsterinsights_sitenote_active":false,"_monsterinsights_sitenote_note":"","_monsterinsights_sitenote_category":0,"jetpack_post_was_ever_published":false,"_jetpack_newsletter_access":"","_jetpack_dont_email_post_to_subs":false,"_jetpack_newsletter_tier_id":0,"_jetpack_memberships_contains_paywalled_content":false,"_jetpack_memberships_contains_paid_content":false,"footnotes":"","jetpack_publicize_message":"","jetpack_publicize_feature_enabled":true,"jetpack_social_post_already_shared":true,"jetpack_social_options":{"image_generator_settings":{"template":"highway","default_image_id":0,"font":"","enabled":false},"version":2}},"categories":[199],"tags":[],"class_list":["post-84183","post","type-post","status-publish","format-standard","has-post-thumbnail","hentry","category-bahia"],"jetpack_publicize_connections":[],"jetpack_featured_media_url":"https:\/\/blogopara.com.br\/wp-content\/uploads\/2026\/03\/Captura-de-tela-2026-03-11-091152.png","uagb_featured_image_src":{"full":["https:\/\/blogopara.com.br\/wp-content\/uploads\/2026\/03\/Captura-de-tela-2026-03-11-091152.png",500,330,false],"thumbnail":["https:\/\/blogopara.com.br\/wp-content\/uploads\/2026\/03\/Captura-de-tela-2026-03-11-091152-150x150.png",150,150,true],"medium":["https:\/\/blogopara.com.br\/wp-content\/uploads\/2026\/03\/Captura-de-tela-2026-03-11-091152-300x198.png",300,198,true],"medium_large":["https:\/\/blogopara.com.br\/wp-content\/uploads\/2026\/03\/Captura-de-tela-2026-03-11-091152.png",500,330,false],"large":["https:\/\/blogopara.com.br\/wp-content\/uploads\/2026\/03\/Captura-de-tela-2026-03-11-091152.png",500,330,false],"1536x1536":["https:\/\/blogopara.com.br\/wp-content\/uploads\/2026\/03\/Captura-de-tela-2026-03-11-091152.png",500,330,false],"2048x2048":["https:\/\/blogopara.com.br\/wp-content\/uploads\/2026\/03\/Captura-de-tela-2026-03-11-091152.png",500,330,false],"mantranews-slider-large":["https:\/\/blogopara.com.br\/wp-content\/uploads\/2026\/03\/Captura-de-tela-2026-03-11-091152.png",500,330,false],"mantranews-featured-medium":["https:\/\/blogopara.com.br\/wp-content\/uploads\/2026\/03\/Captura-de-tela-2026-03-11-091152-420x307.png",420,307,true],"mantranews-featured-long":["https:\/\/blogopara.com.br\/wp-content\/uploads\/2026\/03\/Captura-de-tela-2026-03-11-091152-300x330.png",300,330,true],"mantranews-block-medium":["https:\/\/blogopara.com.br\/wp-content\/uploads\/2026\/03\/Captura-de-tela-2026-03-11-091152-464x290.png",464,290,true],"mantranews-carousel-image":["https:\/\/blogopara.com.br\/wp-content\/uploads\/2026\/03\/Captura-de-tela-2026-03-11-091152.png",500,330,false],"mantranews-block-thumb":["https:\/\/blogopara.com.br\/wp-content\/uploads\/2026\/03\/Captura-de-tela-2026-03-11-091152-322x230.png",322,230,true],"mantranews-single-large":["https:\/\/blogopara.com.br\/wp-content\/uploads\/2026\/03\/Captura-de-tela-2026-03-11-091152.png",500,330,false]},"uagb_author_info":{"display_name":"Reda\u00e7\u00e3o geral","author_link":"https:\/\/blogopara.com.br\/index.php\/author\/blogopara"},"uagb_comment_info":0,"uagb_excerpt":"O\u00a0n\u00famero de corridas de rua cresce a cada ano em Salvador e em toda a Bahia. Mas uma proposta apresentada na C\u00e2mara Municipal da capital baiana, que prev\u00ea a obrigatoriedade de atestado m\u00e9dico para participar das corridas, tem causado pol\u00eamica. O Projeto de Lei n\u00ba 8\/2026, apresentado pelo vereador Randerson Leal (Podemos), prop\u00f5e tornar obrigat\u00f3ria&hellip;","jetpack_sharing_enabled":true,"jetpack_likes_enabled":true,"_links":{"self":[{"href":"https:\/\/blogopara.com.br\/index.php\/wp-json\/wp\/v2\/posts\/84183","targetHints":{"allow":["GET"]}}],"collection":[{"href":"https:\/\/blogopara.com.br\/index.php\/wp-json\/wp\/v2\/posts"}],"about":[{"href":"https:\/\/blogopara.com.br\/index.php\/wp-json\/wp\/v2\/types\/post"}],"author":[{"embeddable":true,"href":"https:\/\/blogopara.com.br\/index.php\/wp-json\/wp\/v2\/users\/1"}],"replies":[{"embeddable":true,"href":"https:\/\/blogopara.com.br\/index.php\/wp-json\/wp\/v2\/comments?post=84183"}],"version-history":[{"count":1,"href":"https:\/\/blogopara.com.br\/index.php\/wp-json\/wp\/v2\/posts\/84183\/revisions"}],"predecessor-version":[{"id":84185,"href":"https:\/\/blogopara.com.br\/index.php\/wp-json\/wp\/v2\/posts\/84183\/revisions\/84185"}],"wp:featuredmedia":[{"embeddable":true,"href":"https:\/\/blogopara.com.br\/index.php\/wp-json\/wp\/v2\/media\/84184"}],"wp:attachment":[{"href":"https:\/\/blogopara.com.br\/index.php\/wp-json\/wp\/v2\/media?parent=84183"}],"wp:term":[{"taxonomy":"category","embeddable":true,"href":"https:\/\/blogopara.com.br\/index.php\/wp-json\/wp\/v2\/categories?post=84183"},{"taxonomy":"post_tag","embeddable":true,"href":"https:\/\/blogopara.com.br\/index.php\/wp-json\/wp\/v2\/tags?post=84183"}],"curies":[{"name":"wp","href":"https:\/\/api.w.org\/{rel}","templated":true}]}}