{"id":84187,"date":"2026-03-11T14:10:09","date_gmt":"2026-03-11T17:10:09","guid":{"rendered":"https:\/\/blogopara.com.br\/?p=84187"},"modified":"2026-03-11T14:10:09","modified_gmt":"2026-03-11T17:10:09","slug":"prefeitura-de-sento-se-participa-de-encontro-territorial-do-movimento-bahia-pela-educacao-em-juazeiro","status":"publish","type":"post","link":"https:\/\/blogopara.com.br\/index.php\/2026\/03\/11\/prefeitura-de-sento-se-participa-de-encontro-territorial-do-movimento-bahia-pela-educacao-em-juazeiro","title":{"rendered":"Prefeitura de Sento-S\u00e9 participa de Encontro Territorial do Movimento Bahia pela Educa\u00e7\u00e3o em Juazeiro"},"content":{"rendered":"<div class=\"post-header-area\"><\/div>\n<div class=\"post-content-area\">\n<p>A Prefeitura de Sento-S\u00e9 marcou presen\u00e7a, nesta ter\u00e7a-feira (10), no Encontro Territorial do Movimento Bahia pela Educa\u00e7\u00e3o, realizado no Audit\u00f3rio ACM, no campus da UNEB, em Juazeiro.<\/p>\n<p>Representaram o munic\u00edpio no evento o secret\u00e1rio municipal de Educa\u00e7\u00e3o, Jeorge Ribeiro; a diretora pedag\u00f3gica e Articuladora Municipal CNCA RENALFA NTE -10 Adriana de S\u00e1; a coordenadora t\u00e9cnica da Educa\u00e7\u00e3o Infantil, Lindiane Ribeiro; e a coordenadora t\u00e9cnica dos Anos Iniciais do Ensino Fundamental, Thiara Pereira Ribeiro.<\/p>\n<p>Voltado para prefeitos, secret\u00e1rios municipais de educa\u00e7\u00e3o, diretores e coordenadores escolares, o encontro proporcionou um espa\u00e7o de di\u00e1logo e troca de experi\u00eancias sobre alfabetiza\u00e7\u00e3o, com a participa\u00e7\u00e3o de especialistas reconhecidos na \u00e1rea. A iniciativa integra uma mobiliza\u00e7\u00e3o em rede com o Sebrae Bahia, SESI e a Uni\u00e3o dos Munic\u00edpios da Bahia (UPB), fortalecendo a agenda educacional nos territ\u00f3rios.<\/p>\n<p>Durante o evento, o secret\u00e1rio municipal de Educa\u00e7\u00e3o, Jeorge Ribeiro, destacou a import\u00e2ncia da participa\u00e7\u00e3o do munic\u00edpio em espa\u00e7os de constru\u00e7\u00e3o coletiva. &#8220;Momentos como este s\u00e3o fundamentais para fortalecer o compromisso com a alfabetiza\u00e7\u00e3o na idade certa, al\u00e9m de permitir a troca de experi\u00eancias e estrat\u00e9gias que contribuem para avan\u00e7armos cada vez mais na qualidade da educa\u00e7\u00e3o em Sento-S\u00e9&#8221;, afirmou.<\/p>\n<p>O evento marca a primeira etapa dos Encontros Territoriais 2026, promovidos pelo Movimento Bahia pela Educa\u00e7\u00e3o, que tem a UPB como uma das institui\u00e7\u00f5es fundadoras. A mobiliza\u00e7\u00e3o integra a agenda &#8220;A Bahia aprende com a Bahia: o desafio de alfabetizar 80% das crian\u00e7as at\u00e9 2030&#8221;, incentivando a coopera\u00e7\u00e3o entre Estado e munic\u00edpios e valorizando boas pr\u00e1ticas j\u00e1 desenvolvidas na educa\u00e7\u00e3o baiana.<\/p>\n<p>A diretora pedag\u00f3gica Adriana de S\u00e1 tamb\u00e9m ressaltou a relev\u00e2ncia da iniciativa. &#8220;\u00c9 um encontro que amplia nosso olhar sobre as pr\u00e1ticas educacionais e refor\u00e7a a import\u00e2ncia do trabalho conjunto entre os munic\u00edpios e as institui\u00e7\u00f5es parceiras para garantir melhores resultados no processo de alfabetiza\u00e7\u00e3o das nossas crian\u00e7as&#8221;, pontuou.<\/p>\n<p>&nbsp;<\/p>\n<p>Gardennia Garibalde &#8211; Ascom PMSSE<\/p><\/div>\n","protected":false},"excerpt":{"rendered":"<p>A Prefeitura de Sento-S\u00e9 marcou presen\u00e7a, nesta ter\u00e7a-feira (10), no Encontro Territorial do Movimento Bahia pela Educa\u00e7\u00e3o, realizado no Audit\u00f3rio ACM, no campus da UNEB, em Juazeiro. Representaram o munic\u00edpio no evento o secret\u00e1rio municipal de Educa\u00e7\u00e3o, Jeorge Ribeiro; a diretora pedag\u00f3gica e Articuladora Municipal CNCA RENALFA NTE -10 Adriana de S\u00e1; a coordenadora t\u00e9cnica [&hellip;]<\/p>\n","protected":false},"author":1,"featured_media":84188,"comment_status":"open","ping_status":"open","sticky":false,"template":"","format":"standard","meta":{"_uag_custom_page_level_css":"","_monsterinsights_skip_tracking":false,"_monsterinsights_sitenote_active":false,"_monsterinsights_sitenote_note":"","_monsterinsights_sitenote_category":0,"jetpack_post_was_ever_published":false,"_jetpack_newsletter_access":"","_jetpack_dont_email_post_to_subs":false,"_jetpack_newsletter_tier_id":0,"_jetpack_memberships_contains_paywalled_content":false,"_jetpack_memberships_contains_paid_content":false,"footnotes":"","jetpack_publicize_message":"","jetpack_publicize_feature_enabled":true,"jetpack_social_post_already_shared":true,"jetpack_social_options":{"image_generator_settings":{"template":"highway","default_image_id":0,"font":"","enabled":false},"version":2}},"categories":[209,197],"tags":[],"class_list":["post-84187","post","type-post","status-publish","format-standard","has-post-thumbnail","hentry","category-educacao","category-politica"],"jetpack_publicize_connections":[],"jetpack_featured_media_url":"https:\/\/blogopara.com.br\/wp-content\/uploads\/2026\/03\/asentoSe15.jpeg","uagb_featured_image_src":{"full":["https:\/\/blogopara.com.br\/wp-content\/uploads\/2026\/03\/asentoSe15.jpeg",500,365,false],"thumbnail":["https:\/\/blogopara.com.br\/wp-content\/uploads\/2026\/03\/asentoSe15-150x150.jpeg",150,150,true],"medium":["https:\/\/blogopara.com.br\/wp-content\/uploads\/2026\/03\/asentoSe15-300x219.jpeg",300,219,true],"medium_large":["https:\/\/blogopara.com.br\/wp-content\/uploads\/2026\/03\/asentoSe15.jpeg",500,365,false],"large":["https:\/\/blogopara.com.br\/wp-content\/uploads\/2026\/03\/asentoSe15.jpeg",500,365,false],"1536x1536":["https:\/\/blogopara.com.br\/wp-content\/uploads\/2026\/03\/asentoSe15.jpeg",500,365,false],"2048x2048":["https:\/\/blogopara.com.br\/wp-content\/uploads\/2026\/03\/asentoSe15.jpeg",500,365,false],"mantranews-slider-large":["https:\/\/blogopara.com.br\/wp-content\/uploads\/2026\/03\/asentoSe15.jpeg",500,365,false],"mantranews-featured-medium":["https:\/\/blogopara.com.br\/wp-content\/uploads\/2026\/03\/asentoSe15-420x307.jpeg",420,307,true],"mantranews-featured-long":["https:\/\/blogopara.com.br\/wp-content\/uploads\/2026\/03\/asentoSe15-300x365.jpeg",300,365,true],"mantranews-block-medium":["https:\/\/blogopara.com.br\/wp-content\/uploads\/2026\/03\/asentoSe15-464x290.jpeg",464,290,true],"mantranews-carousel-image":["https:\/\/blogopara.com.br\/wp-content\/uploads\/2026\/03\/asentoSe15.jpeg",500,365,false],"mantranews-block-thumb":["https:\/\/blogopara.com.br\/wp-content\/uploads\/2026\/03\/asentoSe15-322x230.jpeg",322,230,true],"mantranews-single-large":["https:\/\/blogopara.com.br\/wp-content\/uploads\/2026\/03\/asentoSe15.jpeg",500,365,false]},"uagb_author_info":{"display_name":"Reda\u00e7\u00e3o geral","author_link":"https:\/\/blogopara.com.br\/index.php\/author\/blogopara"},"uagb_comment_info":0,"uagb_excerpt":"A Prefeitura de Sento-S\u00e9 marcou presen\u00e7a, nesta ter\u00e7a-feira (10), no Encontro Territorial do Movimento Bahia pela Educa\u00e7\u00e3o, realizado no Audit\u00f3rio ACM, no campus da UNEB, em Juazeiro. Representaram o munic\u00edpio no evento o secret\u00e1rio municipal de Educa\u00e7\u00e3o, Jeorge Ribeiro; a diretora pedag\u00f3gica e Articuladora Municipal CNCA RENALFA NTE -10 Adriana de S\u00e1; a coordenadora t\u00e9cnica&hellip;","jetpack_sharing_enabled":true,"jetpack_likes_enabled":true,"_links":{"self":[{"href":"https:\/\/blogopara.com.br\/index.php\/wp-json\/wp\/v2\/posts\/84187","targetHints":{"allow":["GET"]}}],"collection":[{"href":"https:\/\/blogopara.com.br\/index.php\/wp-json\/wp\/v2\/posts"}],"about":[{"href":"https:\/\/blogopara.com.br\/index.php\/wp-json\/wp\/v2\/types\/post"}],"author":[{"embeddable":true,"href":"https:\/\/blogopara.com.br\/index.php\/wp-json\/wp\/v2\/users\/1"}],"replies":[{"embeddable":true,"href":"https:\/\/blogopara.com.br\/index.php\/wp-json\/wp\/v2\/comments?post=84187"}],"version-history":[{"count":1,"href":"https:\/\/blogopara.com.br\/index.php\/wp-json\/wp\/v2\/posts\/84187\/revisions"}],"predecessor-version":[{"id":84189,"href":"https:\/\/blogopara.com.br\/index.php\/wp-json\/wp\/v2\/posts\/84187\/revisions\/84189"}],"wp:featuredmedia":[{"embeddable":true,"href":"https:\/\/blogopara.com.br\/index.php\/wp-json\/wp\/v2\/media\/84188"}],"wp:attachment":[{"href":"https:\/\/blogopara.com.br\/index.php\/wp-json\/wp\/v2\/media?parent=84187"}],"wp:term":[{"taxonomy":"category","embeddable":true,"href":"https:\/\/blogopara.com.br\/index.php\/wp-json\/wp\/v2\/categories?post=84187"},{"taxonomy":"post_tag","embeddable":true,"href":"https:\/\/blogopara.com.br\/index.php\/wp-json\/wp\/v2\/tags?post=84187"}],"curies":[{"name":"wp","href":"https:\/\/api.w.org\/{rel}","templated":true}]}}