{"id":84191,"date":"2026-03-11T14:12:58","date_gmt":"2026-03-11T17:12:58","guid":{"rendered":"https:\/\/blogopara.com.br\/?p=84191"},"modified":"2026-03-11T14:12:58","modified_gmt":"2026-03-11T17:12:58","slug":"exposicao-e-sarau-celebram-o-dia-municipal-da-cultura-e-da-poesia-manuca-almeida-em-juazeiro","status":"publish","type":"post","link":"https:\/\/blogopara.com.br\/index.php\/2026\/03\/11\/exposicao-e-sarau-celebram-o-dia-municipal-da-cultura-e-da-poesia-manuca-almeida-em-juazeiro","title":{"rendered":"Exposi\u00e7\u00e3o e sarau celebram o Dia Municipal da Cultura e da Poesia Manuca Almeida em Juazeiro"},"content":{"rendered":"<p>A poesia e a arte ganham espa\u00e7o em Juazeiro neste s\u00e1bado (14), com a realiza\u00e7\u00e3o da exposi\u00e7\u00e3o &#8220;Poesia Al\u00e9m do Papel&#8221; e do Sarau Po\u00e9tico Musical, a partir das 19h30, no Quintal do Poeta.<\/p>\n<p>A atividade celebra o Dia Municipal da Cultura e da Poesia Manuca Almeida, institu\u00eddo pela Lei n\u00ba 3.336\/2022, e conta com o apoio da Prefeitura de Juazeiro, por meio da Secretaria de Cultura, Turismo e Esportes (Seculte).<\/p>\n<p>A programa\u00e7\u00e3o destaca a for\u00e7a da poesia como express\u00e3o da identidade, da mem\u00f3ria e da resist\u00eancia cultural. O evento re\u00fane artistas, poetas, m\u00fasicos e o p\u00fablico em um encontro que valoriza a produ\u00e7\u00e3o art\u00edstica da regi\u00e3o e abre espa\u00e7o para apresenta\u00e7\u00f5es em formato de sarau, com palco aberto para talentos locais.<\/p>\n<p>Entre os destaques est\u00e3o os &#8220;P\u00e9s de Poemas&#8221;, interven\u00e7\u00f5es po\u00e9ticas que convidam o p\u00fablico a caminhar entre versos e sentimentos, al\u00e9m da exposi\u00e7\u00e3o &#8220;Poesia Al\u00e9m do Papel&#8221;, que apresenta produtos po\u00e9ticos que v\u00e3o al\u00e9m das p\u00e1ginas dos livros. A mostra inclui camisas, ecobags, quadros e publica\u00e7\u00f5es, refor\u00e7ando a presen\u00e7a da poesia no cotidiano e nos diferentes espa\u00e7os da vida.<\/p>\n<p>Ao celebrar o Dia Municipal da Cultura e da Poesia Manuca Almeida, o evento refor\u00e7a a import\u00e2ncia da arte como for\u00e7a que aproxima pessoas, ocupa espa\u00e7os e mant\u00e9m vivos os sonhos, valorizando o legado cultural e a produ\u00e7\u00e3o po\u00e9tica que marca a hist\u00f3ria de Juazeiro.<\/p>\n<p>A realiza\u00e7\u00e3o conta com apoio da ArcelorMittal, da P&amp;A Solu\u00e7\u00f5es para Limpeza e da Secretaria de Cultura, Turismo e Esportes de Juazeiro, fortalecendo iniciativas que valorizam a cultura e os artistas locais.<\/p>\n<p>&nbsp;<\/p>\n<p>Lucas Oliveira \u2013 Ascom\/PMJ<\/p>\n","protected":false},"excerpt":{"rendered":"<p>A poesia e a arte ganham espa\u00e7o em Juazeiro neste s\u00e1bado (14), com a realiza\u00e7\u00e3o da exposi\u00e7\u00e3o &#8220;Poesia Al\u00e9m do Papel&#8221; e do Sarau Po\u00e9tico Musical, a partir das 19h30, no Quintal do Poeta. A atividade celebra o Dia Municipal da Cultura e da Poesia Manuca Almeida, institu\u00eddo pela Lei n\u00ba 3.336\/2022, e conta com [&hellip;]<\/p>\n","protected":false},"author":1,"featured_media":84192,"comment_status":"open","ping_status":"open","sticky":false,"template":"","format":"standard","meta":{"_uag_custom_page_level_css":"","_monsterinsights_skip_tracking":false,"_monsterinsights_sitenote_active":false,"_monsterinsights_sitenote_note":"","_monsterinsights_sitenote_category":0,"jetpack_post_was_ever_published":false,"_jetpack_newsletter_access":"","_jetpack_dont_email_post_to_subs":false,"_jetpack_newsletter_tier_id":0,"_jetpack_memberships_contains_paywalled_content":false,"_jetpack_memberships_contains_paid_content":false,"footnotes":"","jetpack_publicize_message":"","jetpack_publicize_feature_enabled":true,"jetpack_social_post_already_shared":true,"jetpack_social_options":{"image_generator_settings":{"template":"highway","default_image_id":0,"font":"","enabled":false},"version":2}},"categories":[203],"tags":[],"class_list":["post-84191","post","type-post","status-publish","format-standard","has-post-thumbnail","hentry","category-juazeiro"],"jetpack_publicize_connections":[],"jetpack_featured_media_url":"https:\/\/blogopara.com.br\/wp-content\/uploads\/2026\/03\/aseculte-6.jpeg","uagb_featured_image_src":{"full":["https:\/\/blogopara.com.br\/wp-content\/uploads\/2026\/03\/aseculte-6.jpeg",502,479,false],"thumbnail":["https:\/\/blogopara.com.br\/wp-content\/uploads\/2026\/03\/aseculte-6-150x150.jpeg",150,150,true],"medium":["https:\/\/blogopara.com.br\/wp-content\/uploads\/2026\/03\/aseculte-6-300x286.jpeg",300,286,true],"medium_large":["https:\/\/blogopara.com.br\/wp-content\/uploads\/2026\/03\/aseculte-6.jpeg",502,479,false],"large":["https:\/\/blogopara.com.br\/wp-content\/uploads\/2026\/03\/aseculte-6.jpeg",502,479,false],"1536x1536":["https:\/\/blogopara.com.br\/wp-content\/uploads\/2026\/03\/aseculte-6.jpeg",502,479,false],"2048x2048":["https:\/\/blogopara.com.br\/wp-content\/uploads\/2026\/03\/aseculte-6.jpeg",502,479,false],"mantranews-slider-large":["https:\/\/blogopara.com.br\/wp-content\/uploads\/2026\/03\/aseculte-6.jpeg",502,479,false],"mantranews-featured-medium":["https:\/\/blogopara.com.br\/wp-content\/uploads\/2026\/03\/aseculte-6-420x307.jpeg",420,307,true],"mantranews-featured-long":["https:\/\/blogopara.com.br\/wp-content\/uploads\/2026\/03\/aseculte-6-300x443.jpeg",300,443,true],"mantranews-block-medium":["https:\/\/blogopara.com.br\/wp-content\/uploads\/2026\/03\/aseculte-6-464x290.jpeg",464,290,true],"mantranews-carousel-image":["https:\/\/blogopara.com.br\/wp-content\/uploads\/2026\/03\/aseculte-6.jpeg",502,479,false],"mantranews-block-thumb":["https:\/\/blogopara.com.br\/wp-content\/uploads\/2026\/03\/aseculte-6-322x230.jpeg",322,230,true],"mantranews-single-large":["https:\/\/blogopara.com.br\/wp-content\/uploads\/2026\/03\/aseculte-6.jpeg",502,479,false]},"uagb_author_info":{"display_name":"Reda\u00e7\u00e3o geral","author_link":"https:\/\/blogopara.com.br\/index.php\/author\/blogopara"},"uagb_comment_info":0,"uagb_excerpt":"A poesia e a arte ganham espa\u00e7o em Juazeiro neste s\u00e1bado (14), com a realiza\u00e7\u00e3o da exposi\u00e7\u00e3o &#8220;Poesia Al\u00e9m do Papel&#8221; e do Sarau Po\u00e9tico Musical, a partir das 19h30, no Quintal do Poeta. A atividade celebra o Dia Municipal da Cultura e da Poesia Manuca Almeida, institu\u00eddo pela Lei n\u00ba 3.336\/2022, e conta com&hellip;","jetpack_sharing_enabled":true,"jetpack_likes_enabled":true,"_links":{"self":[{"href":"https:\/\/blogopara.com.br\/index.php\/wp-json\/wp\/v2\/posts\/84191","targetHints":{"allow":["GET"]}}],"collection":[{"href":"https:\/\/blogopara.com.br\/index.php\/wp-json\/wp\/v2\/posts"}],"about":[{"href":"https:\/\/blogopara.com.br\/index.php\/wp-json\/wp\/v2\/types\/post"}],"author":[{"embeddable":true,"href":"https:\/\/blogopara.com.br\/index.php\/wp-json\/wp\/v2\/users\/1"}],"replies":[{"embeddable":true,"href":"https:\/\/blogopara.com.br\/index.php\/wp-json\/wp\/v2\/comments?post=84191"}],"version-history":[{"count":1,"href":"https:\/\/blogopara.com.br\/index.php\/wp-json\/wp\/v2\/posts\/84191\/revisions"}],"predecessor-version":[{"id":84193,"href":"https:\/\/blogopara.com.br\/index.php\/wp-json\/wp\/v2\/posts\/84191\/revisions\/84193"}],"wp:featuredmedia":[{"embeddable":true,"href":"https:\/\/blogopara.com.br\/index.php\/wp-json\/wp\/v2\/media\/84192"}],"wp:attachment":[{"href":"https:\/\/blogopara.com.br\/index.php\/wp-json\/wp\/v2\/media?parent=84191"}],"wp:term":[{"taxonomy":"category","embeddable":true,"href":"https:\/\/blogopara.com.br\/index.php\/wp-json\/wp\/v2\/categories?post=84191"},{"taxonomy":"post_tag","embeddable":true,"href":"https:\/\/blogopara.com.br\/index.php\/wp-json\/wp\/v2\/tags?post=84191"}],"curies":[{"name":"wp","href":"https:\/\/api.w.org\/{rel}","templated":true}]}}