{"id":84198,"date":"2026-03-11T14:28:17","date_gmt":"2026-03-11T17:28:17","guid":{"rendered":"https:\/\/blogopara.com.br\/?p=84198"},"modified":"2026-03-11T14:28:17","modified_gmt":"2026-03-11T17:28:17","slug":"presidente-do-sintraf-petrolina-debate-ampliacao-do-passe-estudantil-com-a-ammpla","status":"publish","type":"post","link":"https:\/\/blogopara.com.br\/index.php\/2026\/03\/11\/presidente-do-sintraf-petrolina-debate-ampliacao-do-passe-estudantil-com-a-ammpla","title":{"rendered":"Presidente do Sintraf-Petrolina debate amplia\u00e7\u00e3o do passe estudantil com a AMMPLA"},"content":{"rendered":"<p>A presidente do Sindicato da Agricultura Familiar de Petrolina (Sintraf-Petrolina), Isalia Damacena, provocou uma reuni\u00e3o, na manh\u00e3 desta quarta-feira (11), na sede da Autarquia Municipal de Mobilidade de Petrolina (AMMPLA) para discutir a aplica\u00e7\u00e3o da lei municipal que garante o direito \u00e0 meia passagem no transporte coletivo para estudantes de Petrolina.<\/p>\n<p>Durante o encontro, Is\u00e1lia prop\u00f4s a amplia\u00e7\u00e3o do benef\u00edcio para estudantes que moram em Petrolina- PE e estudam em Juazeiro- BA, considerando a forte integra\u00e7\u00e3o entre os dois munic\u00edpios do Vale do S\u00e3o Francisco.<\/p>\n<p>Segundo Isalia Damacena, muitos estudantes, especialmente os que vivem nos per\u00edmetros irrigados e na zona rural, dependem desse apoio para garantir a continuidade dos estudos. \u201cOs estudantes, principalmente dos per\u00edmetros irrigados, enfrentam dist\u00e2ncias maiores e custos de deslocamento. Discutir alternativas que ampliem esse acesso \u00e9 fundamental para garantir o direito \u00e0 educa\u00e7\u00e3o\u201d, destacou.<\/p>\n<p>A reuni\u00e3o contou ainda com a presen\u00e7a do diretor-presidente da AMMPLA, Edilson Leite, do assessor especial Paulo Valgueiro e de It\u00e1lo Lucena, membro da equipe jur\u00eddica do \u00f3rg\u00e3o. O encontro teve como objetivo avaliar caminhos legais e institucionais para avan\u00e7ar no debate sobre o benef\u00edcio aos estudantes da regi\u00e3o.<\/p>\n<p>Uma reuni\u00e3o com o Procurador-Geral ser\u00e1 agendada para an\u00e1lise legal para a concess\u00e3o do benef\u00edcio.<\/p>\n<p>M\u00f4nia Ramos -Jornalista<br \/>\nAscom Sintraf-Petrolina<\/p>\n","protected":false},"excerpt":{"rendered":"<p>A presidente do Sindicato da Agricultura Familiar de Petrolina (Sintraf-Petrolina), Isalia Damacena, provocou uma reuni\u00e3o, na manh\u00e3 desta quarta-feira (11), na sede da Autarquia Municipal de Mobilidade de Petrolina (AMMPLA) para discutir a aplica\u00e7\u00e3o da lei municipal que garante o direito \u00e0 meia passagem no transporte coletivo para estudantes de Petrolina. Durante o encontro, Is\u00e1lia [&hellip;]<\/p>\n","protected":false},"author":1,"featured_media":84199,"comment_status":"open","ping_status":"open","sticky":false,"template":"","format":"standard","meta":{"_uag_custom_page_level_css":"","_monsterinsights_skip_tracking":false,"_monsterinsights_sitenote_active":false,"_monsterinsights_sitenote_note":"","_monsterinsights_sitenote_category":0,"jetpack_post_was_ever_published":false,"_jetpack_newsletter_access":"","_jetpack_dont_email_post_to_subs":false,"_jetpack_newsletter_tier_id":0,"_jetpack_memberships_contains_paywalled_content":false,"_jetpack_memberships_contains_paid_content":false,"footnotes":"","jetpack_publicize_message":"","jetpack_publicize_feature_enabled":true,"jetpack_social_post_already_shared":true,"jetpack_social_options":{"image_generator_settings":{"template":"highway","default_image_id":0,"font":"","enabled":false},"version":2}},"categories":[851],"tags":[],"class_list":["post-84198","post","type-post","status-publish","format-standard","has-post-thumbnail","hentry","category-petrolina"],"jetpack_publicize_connections":[],"jetpack_featured_media_url":"https:\/\/blogopara.com.br\/wp-content\/uploads\/2026\/03\/Sem-titulo-1.png","uagb_featured_image_src":{"full":["https:\/\/blogopara.com.br\/wp-content\/uploads\/2026\/03\/Sem-titulo-1.png",491,523,false],"thumbnail":["https:\/\/blogopara.com.br\/wp-content\/uploads\/2026\/03\/Sem-titulo-1-150x150.png",150,150,true],"medium":["https:\/\/blogopara.com.br\/wp-content\/uploads\/2026\/03\/Sem-titulo-1-282x300.png",282,300,true],"medium_large":["https:\/\/blogopara.com.br\/wp-content\/uploads\/2026\/03\/Sem-titulo-1.png",491,523,false],"large":["https:\/\/blogopara.com.br\/wp-content\/uploads\/2026\/03\/Sem-titulo-1.png",491,523,false],"1536x1536":["https:\/\/blogopara.com.br\/wp-content\/uploads\/2026\/03\/Sem-titulo-1.png",491,523,false],"2048x2048":["https:\/\/blogopara.com.br\/wp-content\/uploads\/2026\/03\/Sem-titulo-1.png",491,523,false],"mantranews-slider-large":["https:\/\/blogopara.com.br\/wp-content\/uploads\/2026\/03\/Sem-titulo-1.png",491,523,false],"mantranews-featured-medium":["https:\/\/blogopara.com.br\/wp-content\/uploads\/2026\/03\/Sem-titulo-1-420x307.png",420,307,true],"mantranews-featured-long":["https:\/\/blogopara.com.br\/wp-content\/uploads\/2026\/03\/Sem-titulo-1-300x443.png",300,443,true],"mantranews-block-medium":["https:\/\/blogopara.com.br\/wp-content\/uploads\/2026\/03\/Sem-titulo-1-464x290.png",464,290,true],"mantranews-carousel-image":["https:\/\/blogopara.com.br\/wp-content\/uploads\/2026\/03\/Sem-titulo-1-491x500.png",491,500,true],"mantranews-block-thumb":["https:\/\/blogopara.com.br\/wp-content\/uploads\/2026\/03\/Sem-titulo-1-322x230.png",322,230,true],"mantranews-single-large":["https:\/\/blogopara.com.br\/wp-content\/uploads\/2026\/03\/Sem-titulo-1.png",491,523,false]},"uagb_author_info":{"display_name":"Reda\u00e7\u00e3o geral","author_link":"https:\/\/blogopara.com.br\/index.php\/author\/blogopara"},"uagb_comment_info":0,"uagb_excerpt":"A presidente do Sindicato da Agricultura Familiar de Petrolina (Sintraf-Petrolina), Isalia Damacena, provocou uma reuni\u00e3o, na manh\u00e3 desta quarta-feira (11), na sede da Autarquia Municipal de Mobilidade de Petrolina (AMMPLA) para discutir a aplica\u00e7\u00e3o da lei municipal que garante o direito \u00e0 meia passagem no transporte coletivo para estudantes de Petrolina. Durante o encontro, Is\u00e1lia&hellip;","jetpack_sharing_enabled":true,"jetpack_likes_enabled":true,"_links":{"self":[{"href":"https:\/\/blogopara.com.br\/index.php\/wp-json\/wp\/v2\/posts\/84198","targetHints":{"allow":["GET"]}}],"collection":[{"href":"https:\/\/blogopara.com.br\/index.php\/wp-json\/wp\/v2\/posts"}],"about":[{"href":"https:\/\/blogopara.com.br\/index.php\/wp-json\/wp\/v2\/types\/post"}],"author":[{"embeddable":true,"href":"https:\/\/blogopara.com.br\/index.php\/wp-json\/wp\/v2\/users\/1"}],"replies":[{"embeddable":true,"href":"https:\/\/blogopara.com.br\/index.php\/wp-json\/wp\/v2\/comments?post=84198"}],"version-history":[{"count":1,"href":"https:\/\/blogopara.com.br\/index.php\/wp-json\/wp\/v2\/posts\/84198\/revisions"}],"predecessor-version":[{"id":84200,"href":"https:\/\/blogopara.com.br\/index.php\/wp-json\/wp\/v2\/posts\/84198\/revisions\/84200"}],"wp:featuredmedia":[{"embeddable":true,"href":"https:\/\/blogopara.com.br\/index.php\/wp-json\/wp\/v2\/media\/84199"}],"wp:attachment":[{"href":"https:\/\/blogopara.com.br\/index.php\/wp-json\/wp\/v2\/media?parent=84198"}],"wp:term":[{"taxonomy":"category","embeddable":true,"href":"https:\/\/blogopara.com.br\/index.php\/wp-json\/wp\/v2\/categories?post=84198"},{"taxonomy":"post_tag","embeddable":true,"href":"https:\/\/blogopara.com.br\/index.php\/wp-json\/wp\/v2\/tags?post=84198"}],"curies":[{"name":"wp","href":"https:\/\/api.w.org\/{rel}","templated":true}]}}