{"id":84201,"date":"2026-03-11T14:29:24","date_gmt":"2026-03-11T17:29:24","guid":{"rendered":"https:\/\/blogopara.com.br\/?p=84201"},"modified":"2026-03-11T14:29:24","modified_gmt":"2026-03-11T17:29:24","slug":"juazeiropen-se-prepara-para-reunir-empresas-instituicoes-e-empreendedores-do-vale-do-sao-francisco","status":"publish","type":"post","link":"https:\/\/blogopara.com.br\/index.php\/2026\/03\/11\/juazeiropen-se-prepara-para-reunir-empresas-instituicoes-e-empreendedores-do-vale-do-sao-francisco","title":{"rendered":"JuazeirOpen se prepara para reunir empresas, institui\u00e7\u00f5es e empreendedores do Vale do S\u00e3o Francisco"},"content":{"rendered":"<p>O Vale do S\u00e3o Francisco se prepara para receber um dos mais importantes encontros de neg\u00f3cios da regi\u00e3o. Entre os dias 23 e 25 de abril, acontece a JuazeirOpen \u2013 1\u00aa Feira de Neg\u00f3cios do Vale do S\u00e3o Francisco, iniciativa que promete reunir empresas, institui\u00e7\u00f5es financeiras, empreendedores e representantes do poder p\u00fablico em um ambiente voltado \u00e0 gera\u00e7\u00e3o de oportunidades, parcerias e fortalecimento da economia regional.<\/p>\n<p>O evento ser\u00e1 realizado na Orla II de Juazeiro, em uma estrutura de 4 mil metros quadrados, especialmente montada para receber expositores e visitantes durante os tr\u00eas dias de programa\u00e7\u00e3o. A proposta \u00e9 oferecer um espa\u00e7o amplo, organizado e estrat\u00e9gico para promover neg\u00f3cios, ampliar conex\u00f5es e dar visibilidade \u00e0s potencialidades econ\u00f4micas do Vale do S\u00e3o Francisco.<\/p>\n<p>A JuazeirOpen contar\u00e1 com estandes de empresas e institui\u00e7\u00f5es, espa\u00e7os para exposi\u00e7\u00e3o de produtos e servi\u00e7os, \u00e1reas de networking e ambientes voltados ao di\u00e1logo entre empreendedores e parceiros estrat\u00e9gicos, criando um cen\u00e1rio favor\u00e1vel para a gera\u00e7\u00e3o de neg\u00f3cios e novos investimentos na regi\u00e3o.<\/p>\n<p>A feira nasce com o objetivo de consolidar um novo espa\u00e7o de integra\u00e7\u00e3o entre os diversos setores produtivos do territ\u00f3rio, reunindo representantes do com\u00e9rcio, da ind\u00fastria, do agroneg\u00f3cio e do setor de servi\u00e7os. A expectativa da organiza\u00e7\u00e3o \u00e9 atrair um grande p\u00fablico e transformar o evento em um marco no calend\u00e1rio econ\u00f4mico regional.<\/p>\n<p>A realiza\u00e7\u00e3o da JuazeirOpen \u2013 1\u00aa Feira de Neg\u00f3cios do Vale do S\u00e3o Francisco refor\u00e7a o potencial de desenvolvimento do territ\u00f3rio e destaca a import\u00e2ncia da coopera\u00e7\u00e3o entre empres\u00e1rios, institui\u00e7\u00f5es e lideran\u00e7as para impulsionar o crescimento sustent\u00e1vel da regi\u00e3o.<\/p>\n<p>Nos pr\u00f3ximos dias, a organiza\u00e7\u00e3o dever\u00e1 divulgar a programa\u00e7\u00e3o completa, al\u00e9m da confirma\u00e7\u00e3o de expositores e parceiros que ir\u00e3o participar da primeira edi\u00e7\u00e3o do evento.<\/p>\n<p>M\u00f4nia Ramos &#8211; Jornalista<br \/>\nAscom Aciaj Juazeiro<\/p>\n","protected":false},"excerpt":{"rendered":"<p>O Vale do S\u00e3o Francisco se prepara para receber um dos mais importantes encontros de neg\u00f3cios da regi\u00e3o. Entre os dias 23 e 25 de abril, acontece a JuazeirOpen \u2013 1\u00aa Feira de Neg\u00f3cios do Vale do S\u00e3o Francisco, iniciativa que promete reunir empresas, institui\u00e7\u00f5es financeiras, empreendedores e representantes do poder p\u00fablico em um ambiente [&hellip;]<\/p>\n","protected":false},"author":1,"featured_media":84202,"comment_status":"open","ping_status":"open","sticky":false,"template":"","format":"standard","meta":{"_uag_custom_page_level_css":"","_monsterinsights_skip_tracking":false,"_monsterinsights_sitenote_active":false,"_monsterinsights_sitenote_note":"","_monsterinsights_sitenote_category":0,"jetpack_post_was_ever_published":false,"_jetpack_newsletter_access":"","_jetpack_dont_email_post_to_subs":false,"_jetpack_newsletter_tier_id":0,"_jetpack_memberships_contains_paywalled_content":false,"_jetpack_memberships_contains_paid_content":false,"footnotes":"","jetpack_publicize_message":"","jetpack_publicize_feature_enabled":true,"jetpack_social_post_already_shared":true,"jetpack_social_options":{"image_generator_settings":{"template":"highway","default_image_id":0,"font":"","enabled":false},"version":2}},"categories":[203],"tags":[],"class_list":["post-84201","post","type-post","status-publish","format-standard","has-post-thumbnail","hentry","category-juazeiro"],"jetpack_publicize_connections":[],"jetpack_featured_media_url":"https:\/\/blogopara.com.br\/wp-content\/uploads\/2026\/03\/WhatsApp-Image-2026-03-10-at-17.15.07.jpeg","uagb_featured_image_src":{"full":["https:\/\/blogopara.com.br\/wp-content\/uploads\/2026\/03\/WhatsApp-Image-2026-03-10-at-17.15.07.jpeg",500,333,false],"thumbnail":["https:\/\/blogopara.com.br\/wp-content\/uploads\/2026\/03\/WhatsApp-Image-2026-03-10-at-17.15.07-150x150.jpeg",150,150,true],"medium":["https:\/\/blogopara.com.br\/wp-content\/uploads\/2026\/03\/WhatsApp-Image-2026-03-10-at-17.15.07-300x200.jpeg",300,200,true],"medium_large":["https:\/\/blogopara.com.br\/wp-content\/uploads\/2026\/03\/WhatsApp-Image-2026-03-10-at-17.15.07.jpeg",500,333,false],"large":["https:\/\/blogopara.com.br\/wp-content\/uploads\/2026\/03\/WhatsApp-Image-2026-03-10-at-17.15.07.jpeg",500,333,false],"1536x1536":["https:\/\/blogopara.com.br\/wp-content\/uploads\/2026\/03\/WhatsApp-Image-2026-03-10-at-17.15.07.jpeg",500,333,false],"2048x2048":["https:\/\/blogopara.com.br\/wp-content\/uploads\/2026\/03\/WhatsApp-Image-2026-03-10-at-17.15.07.jpeg",500,333,false],"mantranews-slider-large":["https:\/\/blogopara.com.br\/wp-content\/uploads\/2026\/03\/WhatsApp-Image-2026-03-10-at-17.15.07.jpeg",500,333,false],"mantranews-featured-medium":["https:\/\/blogopara.com.br\/wp-content\/uploads\/2026\/03\/WhatsApp-Image-2026-03-10-at-17.15.07-420x307.jpeg",420,307,true],"mantranews-featured-long":["https:\/\/blogopara.com.br\/wp-content\/uploads\/2026\/03\/WhatsApp-Image-2026-03-10-at-17.15.07-300x333.jpeg",300,333,true],"mantranews-block-medium":["https:\/\/blogopara.com.br\/wp-content\/uploads\/2026\/03\/WhatsApp-Image-2026-03-10-at-17.15.07-464x290.jpeg",464,290,true],"mantranews-carousel-image":["https:\/\/blogopara.com.br\/wp-content\/uploads\/2026\/03\/WhatsApp-Image-2026-03-10-at-17.15.07.jpeg",500,333,false],"mantranews-block-thumb":["https:\/\/blogopara.com.br\/wp-content\/uploads\/2026\/03\/WhatsApp-Image-2026-03-10-at-17.15.07-322x230.jpeg",322,230,true],"mantranews-single-large":["https:\/\/blogopara.com.br\/wp-content\/uploads\/2026\/03\/WhatsApp-Image-2026-03-10-at-17.15.07.jpeg",500,333,false]},"uagb_author_info":{"display_name":"Reda\u00e7\u00e3o geral","author_link":"https:\/\/blogopara.com.br\/index.php\/author\/blogopara"},"uagb_comment_info":0,"uagb_excerpt":"O Vale do S\u00e3o Francisco se prepara para receber um dos mais importantes encontros de neg\u00f3cios da regi\u00e3o. Entre os dias 23 e 25 de abril, acontece a JuazeirOpen \u2013 1\u00aa Feira de Neg\u00f3cios do Vale do S\u00e3o Francisco, iniciativa que promete reunir empresas, institui\u00e7\u00f5es financeiras, empreendedores e representantes do poder p\u00fablico em um ambiente&hellip;","jetpack_sharing_enabled":true,"jetpack_likes_enabled":true,"_links":{"self":[{"href":"https:\/\/blogopara.com.br\/index.php\/wp-json\/wp\/v2\/posts\/84201","targetHints":{"allow":["GET"]}}],"collection":[{"href":"https:\/\/blogopara.com.br\/index.php\/wp-json\/wp\/v2\/posts"}],"about":[{"href":"https:\/\/blogopara.com.br\/index.php\/wp-json\/wp\/v2\/types\/post"}],"author":[{"embeddable":true,"href":"https:\/\/blogopara.com.br\/index.php\/wp-json\/wp\/v2\/users\/1"}],"replies":[{"embeddable":true,"href":"https:\/\/blogopara.com.br\/index.php\/wp-json\/wp\/v2\/comments?post=84201"}],"version-history":[{"count":1,"href":"https:\/\/blogopara.com.br\/index.php\/wp-json\/wp\/v2\/posts\/84201\/revisions"}],"predecessor-version":[{"id":84203,"href":"https:\/\/blogopara.com.br\/index.php\/wp-json\/wp\/v2\/posts\/84201\/revisions\/84203"}],"wp:featuredmedia":[{"embeddable":true,"href":"https:\/\/blogopara.com.br\/index.php\/wp-json\/wp\/v2\/media\/84202"}],"wp:attachment":[{"href":"https:\/\/blogopara.com.br\/index.php\/wp-json\/wp\/v2\/media?parent=84201"}],"wp:term":[{"taxonomy":"category","embeddable":true,"href":"https:\/\/blogopara.com.br\/index.php\/wp-json\/wp\/v2\/categories?post=84201"},{"taxonomy":"post_tag","embeddable":true,"href":"https:\/\/blogopara.com.br\/index.php\/wp-json\/wp\/v2\/tags?post=84201"}],"curies":[{"name":"wp","href":"https:\/\/api.w.org\/{rel}","templated":true}]}}