{"id":84204,"date":"2026-03-11T17:30:04","date_gmt":"2026-03-11T20:30:04","guid":{"rendered":"https:\/\/blogopara.com.br\/?p=84204"},"modified":"2026-03-11T14:33:09","modified_gmt":"2026-03-11T17:33:09","slug":"sintraf-petrolina-empossa-nova-diretoria-e-reforca-compromisso-com-agricultores-familiares","status":"publish","type":"post","link":"https:\/\/blogopara.com.br\/index.php\/2026\/03\/11\/sintraf-petrolina-empossa-nova-diretoria-e-reforca-compromisso-com-agricultores-familiares","title":{"rendered":"Sintraf-Petrolina empossa nova diretoria e refor\u00e7a compromisso com agricultores familiares"},"content":{"rendered":"<p>Diretoria assume com o compromisso de fortalecer a agricultura familiar e ampliar o debate de pol\u00edticas p\u00fablicas para o campo<\/p>\n<p>J\u00e1 na ativa. Nova diretoria do Sindicato da Agricultura Familiar de Petrolina (Sintraf-Petrolina) tomou posse para a gest\u00e3o 2026\u20132030, assumindo o compromisso de dar continuidade \u00e0s a\u00e7\u00f5es em defesa da agricultura familiar e da valoriza\u00e7\u00e3o do homem e da mulher do campo.<\/p>\n<p>A elei\u00e7\u00e3o da categoria ocorreu no dia 30 de janeiro, com in\u00edcio oficial da nova gest\u00e3o no dia 5 de mar\u00e7o. A cerim\u00f4nia de posse e confraterniza\u00e7\u00e3o foi realizada na manh\u00e3 desta segunda-feira (09), na nova sede da entidade, reunindo agricultores familiares, membros do Conselho Municipal de Desenvolvimento Rural Sustent\u00e1vel (CMDRS), o vereador Gilmar Santos, representando o IPA, Guilherme Coelho, a Embrapa L\u00edcia Marinho; Ionara Barbosa, representando a Secretaria Municipal de A\u00e7\u00e3o Social; o secret\u00e1rio de Desenvolvimento Rural, Darcilio Almeida e integrantes da diretoria eleita.<\/p>\n<p>\u00c0 frente do sindicato est\u00e1 a presidente Is\u00e1lia Alves Damacena, que destacou a import\u00e2ncia da uni\u00e3o da categoria para avan\u00e7ar o debate em pol\u00edticas p\u00fablicas que fortale\u00e7am a produ\u00e7\u00e3o, melhorem as condi\u00e7\u00f5es de trabalho no campo e ampliem oportunidades para as fam\u00edlias agricultoras do munic\u00edpio.<br \/>\n\u201cAssumimos essa miss\u00e3o com muita responsabilidade e compromisso com cada agricultor e agricultora familiar. Nosso objetivo \u00e9 fortalecer o sindicato, ampliar o debate e o acesso \u00e0s pol\u00edticas p\u00fablicas e continuar lutando por melhores condi\u00e7\u00f5es de produ\u00e7\u00e3o e qualidade de vida no campo\u201d, destaca a presidente do Sintraf-Petrolina, Is\u00e1lia Alves Damacena.<\/p>\n<p>A nova gest\u00e3o tamb\u00e9m refor\u00e7a o compromisso de ampliar o di\u00e1logo com institui\u00e7\u00f5es p\u00fablicas e privadas, buscando fortalecer a organiza\u00e7\u00e3o da agricultura familiar e garantir melhores condi\u00e7\u00f5es para o desenvolvimento sustent\u00e1vel das comunidades rurais.<\/p>\n<p>Diretoria do Sintraf-Petrolina \u2013 Gest\u00e3o 2026\u20132030<\/p>\n<p>Presidente: Is\u00e1lia Alves Damacena<br \/>\nVice-presidente: Thaysa Felix Neto<\/p>\n<p>Secret\u00e1ria Geral: Eliete Ferreira Souza<\/p>\n<p>Tesoureira: Cicera Pereira de Souza<br \/>\n1\u00ba Tesoureiro: Natalicio Luiz de S\u00e1<\/p>\n<p>Secretaria de Pol\u00edticas Agr\u00e1rias, Agr\u00edcola e Meio Ambiente: Cleiton Alves Medeiros<\/p>\n<p>Secretaria de Pol\u00edticas de G\u00eanero, Juventude, Terceira Idade, Ra\u00e7a e Comunica\u00e7\u00e3o: Maria Aldeneuza Damasceno Amorim<\/p>\n<p>Secretaria de Pol\u00edticas Sindicais: George Caitano do Nascimento<\/p>\n<p>Secret\u00e1rio Volante: Abel Amorim Filho<\/p>\n<p>Conselho Fiscal \u2013 Titulares<\/p>\n<p>Valdivino Augusto de Souza<br \/>\nRita de C\u00e1ssia Alves da Silva<br \/>\nTania Daiane Martins Olinda<\/p>\n<p>Suplentes da Diretoria<\/p>\n<p>Agustinho de Oliveira<br \/>\nArisvaldo da Silva Diniz<\/p>\n<p>M\u00f4nia Ramos<br \/>\nJornalista \u2013 Ascom Sintraf-Petrolina<\/p>\n","protected":false},"excerpt":{"rendered":"<p>Diretoria assume com o compromisso de fortalecer a agricultura familiar e ampliar o debate de pol\u00edticas p\u00fablicas para o campo J\u00e1 na ativa. Nova diretoria do Sindicato da Agricultura Familiar de Petrolina (Sintraf-Petrolina) tomou posse para a gest\u00e3o 2026\u20132030, assumindo o compromisso de dar continuidade \u00e0s a\u00e7\u00f5es em defesa da agricultura familiar e da valoriza\u00e7\u00e3o [&hellip;]<\/p>\n","protected":false},"author":1,"featured_media":84205,"comment_status":"open","ping_status":"open","sticky":false,"template":"","format":"standard","meta":{"_uag_custom_page_level_css":"","_monsterinsights_skip_tracking":false,"_monsterinsights_sitenote_active":false,"_monsterinsights_sitenote_note":"","_monsterinsights_sitenote_category":0,"jetpack_post_was_ever_published":false,"_jetpack_newsletter_access":"","_jetpack_dont_email_post_to_subs":false,"_jetpack_newsletter_tier_id":0,"_jetpack_memberships_contains_paywalled_content":false,"_jetpack_memberships_contains_paid_content":false,"footnotes":"","jetpack_publicize_message":"","jetpack_publicize_feature_enabled":true,"jetpack_social_post_already_shared":true,"jetpack_social_options":{"image_generator_settings":{"template":"highway","default_image_id":0,"font":"","enabled":false},"version":2}},"categories":[851],"tags":[],"class_list":["post-84204","post","type-post","status-publish","format-standard","has-post-thumbnail","hentry","category-petrolina"],"jetpack_publicize_connections":[],"jetpack_featured_media_url":"https:\/\/blogopara.com.br\/wp-content\/uploads\/2026\/03\/WhatsApp-Image-2026-03-09-at-14.45.51.jpeg","uagb_featured_image_src":{"full":["https:\/\/blogopara.com.br\/wp-content\/uploads\/2026\/03\/WhatsApp-Image-2026-03-09-at-14.45.51.jpeg",500,375,false],"thumbnail":["https:\/\/blogopara.com.br\/wp-content\/uploads\/2026\/03\/WhatsApp-Image-2026-03-09-at-14.45.51-150x150.jpeg",150,150,true],"medium":["https:\/\/blogopara.com.br\/wp-content\/uploads\/2026\/03\/WhatsApp-Image-2026-03-09-at-14.45.51-300x225.jpeg",300,225,true],"medium_large":["https:\/\/blogopara.com.br\/wp-content\/uploads\/2026\/03\/WhatsApp-Image-2026-03-09-at-14.45.51.jpeg",500,375,false],"large":["https:\/\/blogopara.com.br\/wp-content\/uploads\/2026\/03\/WhatsApp-Image-2026-03-09-at-14.45.51.jpeg",500,375,false],"1536x1536":["https:\/\/blogopara.com.br\/wp-content\/uploads\/2026\/03\/WhatsApp-Image-2026-03-09-at-14.45.51.jpeg",500,375,false],"2048x2048":["https:\/\/blogopara.com.br\/wp-content\/uploads\/2026\/03\/WhatsApp-Image-2026-03-09-at-14.45.51.jpeg",500,375,false],"mantranews-slider-large":["https:\/\/blogopara.com.br\/wp-content\/uploads\/2026\/03\/WhatsApp-Image-2026-03-09-at-14.45.51.jpeg",500,375,false],"mantranews-featured-medium":["https:\/\/blogopara.com.br\/wp-content\/uploads\/2026\/03\/WhatsApp-Image-2026-03-09-at-14.45.51-420x307.jpeg",420,307,true],"mantranews-featured-long":["https:\/\/blogopara.com.br\/wp-content\/uploads\/2026\/03\/WhatsApp-Image-2026-03-09-at-14.45.51-300x375.jpeg",300,375,true],"mantranews-block-medium":["https:\/\/blogopara.com.br\/wp-content\/uploads\/2026\/03\/WhatsApp-Image-2026-03-09-at-14.45.51-464x290.jpeg",464,290,true],"mantranews-carousel-image":["https:\/\/blogopara.com.br\/wp-content\/uploads\/2026\/03\/WhatsApp-Image-2026-03-09-at-14.45.51.jpeg",500,375,false],"mantranews-block-thumb":["https:\/\/blogopara.com.br\/wp-content\/uploads\/2026\/03\/WhatsApp-Image-2026-03-09-at-14.45.51-322x230.jpeg",322,230,true],"mantranews-single-large":["https:\/\/blogopara.com.br\/wp-content\/uploads\/2026\/03\/WhatsApp-Image-2026-03-09-at-14.45.51.jpeg",500,375,false]},"uagb_author_info":{"display_name":"Reda\u00e7\u00e3o geral","author_link":"https:\/\/blogopara.com.br\/index.php\/author\/blogopara"},"uagb_comment_info":0,"uagb_excerpt":"Diretoria assume com o compromisso de fortalecer a agricultura familiar e ampliar o debate de pol\u00edticas p\u00fablicas para o campo J\u00e1 na ativa. Nova diretoria do Sindicato da Agricultura Familiar de Petrolina (Sintraf-Petrolina) tomou posse para a gest\u00e3o 2026\u20132030, assumindo o compromisso de dar continuidade \u00e0s a\u00e7\u00f5es em defesa da agricultura familiar e da valoriza\u00e7\u00e3o&hellip;","jetpack_sharing_enabled":true,"jetpack_likes_enabled":true,"_links":{"self":[{"href":"https:\/\/blogopara.com.br\/index.php\/wp-json\/wp\/v2\/posts\/84204","targetHints":{"allow":["GET"]}}],"collection":[{"href":"https:\/\/blogopara.com.br\/index.php\/wp-json\/wp\/v2\/posts"}],"about":[{"href":"https:\/\/blogopara.com.br\/index.php\/wp-json\/wp\/v2\/types\/post"}],"author":[{"embeddable":true,"href":"https:\/\/blogopara.com.br\/index.php\/wp-json\/wp\/v2\/users\/1"}],"replies":[{"embeddable":true,"href":"https:\/\/blogopara.com.br\/index.php\/wp-json\/wp\/v2\/comments?post=84204"}],"version-history":[{"count":1,"href":"https:\/\/blogopara.com.br\/index.php\/wp-json\/wp\/v2\/posts\/84204\/revisions"}],"predecessor-version":[{"id":84206,"href":"https:\/\/blogopara.com.br\/index.php\/wp-json\/wp\/v2\/posts\/84204\/revisions\/84206"}],"wp:featuredmedia":[{"embeddable":true,"href":"https:\/\/blogopara.com.br\/index.php\/wp-json\/wp\/v2\/media\/84205"}],"wp:attachment":[{"href":"https:\/\/blogopara.com.br\/index.php\/wp-json\/wp\/v2\/media?parent=84204"}],"wp:term":[{"taxonomy":"category","embeddable":true,"href":"https:\/\/blogopara.com.br\/index.php\/wp-json\/wp\/v2\/categories?post=84204"},{"taxonomy":"post_tag","embeddable":true,"href":"https:\/\/blogopara.com.br\/index.php\/wp-json\/wp\/v2\/tags?post=84204"}],"curies":[{"name":"wp","href":"https:\/\/api.w.org\/{rel}","templated":true}]}}