{"id":84207,"date":"2026-03-11T14:34:14","date_gmt":"2026-03-11T17:34:14","guid":{"rendered":"https:\/\/blogopara.com.br\/?p=84207"},"modified":"2026-03-11T14:34:14","modified_gmt":"2026-03-11T17:34:14","slug":"juazeiro-enfrenta-grande-crise-de-agua-e-o-prefeito-continua-omisso-dispara-isaac-carvalho","status":"publish","type":"post","link":"https:\/\/blogopara.com.br\/index.php\/2026\/03\/11\/juazeiro-enfrenta-grande-crise-de-agua-e-o-prefeito-continua-omisso-dispara-isaac-carvalho","title":{"rendered":"\u201cJuazeiro enfrenta grande crise de \u00e1gua e o prefeito continua omisso\u201d, dispara Isaac Carvalho"},"content":{"rendered":"<p>O ex-prefeito de Juazeiro, Isaac Carvalho, criticou a atual gest\u00e3o municipal ao comentar a situa\u00e7\u00e3o do abastecimento de \u00e1gua no munic\u00edpio. As declara\u00e7\u00f5es foram feitas por meio de um \u00e1udio enviado ao programa Geraldo Jos\u00e9, veiculado na manh\u00e3 desta ter\u00e7a-feira (10) na R\u00e1dio Juazeiro.<\/p>\n<p>No \u00e1udio, Isaac afirmou que a cidade enfrenta uma grave crise h\u00eddrica e cobrou provid\u00eancias do governo municipal. \u201cJuazeiro enfrenta uma grande crise da \u00e1gua e o prefeito continua omisso. O que me preocupa \u00e9 ver um prefeito que age como se o problema n\u00e3o fosse dele\u201d, declarou.<\/p>\n<p>O ex-prefeito tamb\u00e9m criticou a condu\u00e7\u00e3o da gest\u00e3o diante da situa\u00e7\u00e3o e afirmou que falta responsabilidade para enfrentar o problema. \u201cFalta responsabilidade e falta atitude. O povo sofre sem \u00e1gua. Quando chega, \u00e9 de p\u00e9ssima qualidade. Isso \u00e9 fruto da incompet\u00eancia e da falta de responsabilidade com as pessoas\u201d, afirmou.<\/p>\n<p>Durante a fala, Isaac Carvalho relembrou a\u00e7\u00f5es realizadas em sua gest\u00e3o e disse que priorizou o abastecimento de \u00e1gua no munic\u00edpio. \u201cPeguei Juazeiro numa situa\u00e7\u00e3o muito pior, mas tratamos com prioridade. Resolvi da \u00e1rea urbana e coloquei \u00e1gua nas torneiras de mais de cinco mil resid\u00eancias no interior\u201d, destacou.<\/p>\n<p>Para o ex-prefeito, a atual administra\u00e7\u00e3o estaria focada em discursos, sem apresentar solu\u00e7\u00f5es pr\u00e1ticas para a crise. \u201cO atual governo vive de dar desculpas e n\u00e3o age para resolver o problema. Dessa forma, a crise s\u00f3 se agrava\u201d, pontuou.<\/p>\n<p>Isaac concluiu cobrando uma postura mais firme do gestor municipal diante da situa\u00e7\u00e3o. \u201c\u00c9 hora do prefeito assumir o papel de gestor e enfrentar essa realidade. Juazeiro n\u00e3o pode viver ref\u00e9m da falta d\u2019\u00e1gua e de uma m\u00e1 gest\u00e3o\u201d, finalizou.<\/p>\n<p>Vale destacar que a atual diretora do Servi\u00e7o de \u00c1gua e Saneamento Ambiental, Fabiana Poss\u00eddio, j\u00e1 integrou a gest\u00e3o do pr\u00f3prio Isaac Carvalho em administra\u00e7\u00f5es anteriores.<\/p>\n","protected":false},"excerpt":{"rendered":"<p>O ex-prefeito de Juazeiro, Isaac Carvalho, criticou a atual gest\u00e3o municipal ao comentar a situa\u00e7\u00e3o do abastecimento de \u00e1gua no munic\u00edpio. As declara\u00e7\u00f5es foram feitas por meio de um \u00e1udio enviado ao programa Geraldo Jos\u00e9, veiculado na manh\u00e3 desta ter\u00e7a-feira (10) na R\u00e1dio Juazeiro. No \u00e1udio, Isaac afirmou que a cidade enfrenta uma grave crise [&hellip;]<\/p>\n","protected":false},"author":1,"featured_media":40763,"comment_status":"open","ping_status":"open","sticky":false,"template":"","format":"standard","meta":{"_uag_custom_page_level_css":"","_monsterinsights_skip_tracking":false,"_monsterinsights_sitenote_active":false,"_monsterinsights_sitenote_note":"","_monsterinsights_sitenote_category":0,"jetpack_post_was_ever_published":false,"_jetpack_newsletter_access":"","_jetpack_dont_email_post_to_subs":false,"_jetpack_newsletter_tier_id":0,"_jetpack_memberships_contains_paywalled_content":false,"_jetpack_memberships_contains_paid_content":false,"footnotes":"","jetpack_publicize_message":"","jetpack_publicize_feature_enabled":true,"jetpack_social_post_already_shared":true,"jetpack_social_options":{"image_generator_settings":{"template":"highway","default_image_id":0,"font":"","enabled":false},"version":2}},"categories":[197],"tags":[],"class_list":["post-84207","post","type-post","status-publish","format-standard","has-post-thumbnail","hentry","category-politica"],"jetpack_publicize_connections":[],"jetpack_featured_media_url":"https:\/\/blogopara.com.br\/wp-content\/uploads\/2022\/08\/isaac-carvalho-dedo-1-620x428-1.jpg","uagb_featured_image_src":{"full":["https:\/\/blogopara.com.br\/wp-content\/uploads\/2022\/08\/isaac-carvalho-dedo-1-620x428-1.jpg",500,345,false],"thumbnail":["https:\/\/blogopara.com.br\/wp-content\/uploads\/2022\/08\/isaac-carvalho-dedo-1-620x428-1-150x150.jpg",150,150,true],"medium":["https:\/\/blogopara.com.br\/wp-content\/uploads\/2022\/08\/isaac-carvalho-dedo-1-620x428-1-300x207.jpg",300,207,true],"medium_large":["https:\/\/blogopara.com.br\/wp-content\/uploads\/2022\/08\/isaac-carvalho-dedo-1-620x428-1.jpg",500,345,false],"large":["https:\/\/blogopara.com.br\/wp-content\/uploads\/2022\/08\/isaac-carvalho-dedo-1-620x428-1.jpg",500,345,false],"1536x1536":["https:\/\/blogopara.com.br\/wp-content\/uploads\/2022\/08\/isaac-carvalho-dedo-1-620x428-1.jpg",500,345,false],"2048x2048":["https:\/\/blogopara.com.br\/wp-content\/uploads\/2022\/08\/isaac-carvalho-dedo-1-620x428-1.jpg",500,345,false],"mantranews-slider-large":["https:\/\/blogopara.com.br\/wp-content\/uploads\/2022\/08\/isaac-carvalho-dedo-1-620x428-1.jpg",500,345,false],"mantranews-featured-medium":["https:\/\/blogopara.com.br\/wp-content\/uploads\/2022\/08\/isaac-carvalho-dedo-1-620x428-1-420x307.jpg",420,307,true],"mantranews-featured-long":["https:\/\/blogopara.com.br\/wp-content\/uploads\/2022\/08\/isaac-carvalho-dedo-1-620x428-1-300x345.jpg",300,345,true],"mantranews-block-medium":["https:\/\/blogopara.com.br\/wp-content\/uploads\/2022\/08\/isaac-carvalho-dedo-1-620x428-1-464x290.jpg",464,290,true],"mantranews-carousel-image":["https:\/\/blogopara.com.br\/wp-content\/uploads\/2022\/08\/isaac-carvalho-dedo-1-620x428-1.jpg",500,345,false],"mantranews-block-thumb":["https:\/\/blogopara.com.br\/wp-content\/uploads\/2022\/08\/isaac-carvalho-dedo-1-620x428-1-322x230.jpg",322,230,true],"mantranews-single-large":["https:\/\/blogopara.com.br\/wp-content\/uploads\/2022\/08\/isaac-carvalho-dedo-1-620x428-1.jpg",500,345,false]},"uagb_author_info":{"display_name":"Reda\u00e7\u00e3o geral","author_link":"https:\/\/blogopara.com.br\/index.php\/author\/blogopara"},"uagb_comment_info":0,"uagb_excerpt":"O ex-prefeito de Juazeiro, Isaac Carvalho, criticou a atual gest\u00e3o municipal ao comentar a situa\u00e7\u00e3o do abastecimento de \u00e1gua no munic\u00edpio. As declara\u00e7\u00f5es foram feitas por meio de um \u00e1udio enviado ao programa Geraldo Jos\u00e9, veiculado na manh\u00e3 desta ter\u00e7a-feira (10) na R\u00e1dio Juazeiro. No \u00e1udio, Isaac afirmou que a cidade enfrenta uma grave crise&hellip;","jetpack_sharing_enabled":true,"jetpack_likes_enabled":true,"_links":{"self":[{"href":"https:\/\/blogopara.com.br\/index.php\/wp-json\/wp\/v2\/posts\/84207","targetHints":{"allow":["GET"]}}],"collection":[{"href":"https:\/\/blogopara.com.br\/index.php\/wp-json\/wp\/v2\/posts"}],"about":[{"href":"https:\/\/blogopara.com.br\/index.php\/wp-json\/wp\/v2\/types\/post"}],"author":[{"embeddable":true,"href":"https:\/\/blogopara.com.br\/index.php\/wp-json\/wp\/v2\/users\/1"}],"replies":[{"embeddable":true,"href":"https:\/\/blogopara.com.br\/index.php\/wp-json\/wp\/v2\/comments?post=84207"}],"version-history":[{"count":1,"href":"https:\/\/blogopara.com.br\/index.php\/wp-json\/wp\/v2\/posts\/84207\/revisions"}],"predecessor-version":[{"id":84208,"href":"https:\/\/blogopara.com.br\/index.php\/wp-json\/wp\/v2\/posts\/84207\/revisions\/84208"}],"wp:featuredmedia":[{"embeddable":true,"href":"https:\/\/blogopara.com.br\/index.php\/wp-json\/wp\/v2\/media\/40763"}],"wp:attachment":[{"href":"https:\/\/blogopara.com.br\/index.php\/wp-json\/wp\/v2\/media?parent=84207"}],"wp:term":[{"taxonomy":"category","embeddable":true,"href":"https:\/\/blogopara.com.br\/index.php\/wp-json\/wp\/v2\/categories?post=84207"},{"taxonomy":"post_tag","embeddable":true,"href":"https:\/\/blogopara.com.br\/index.php\/wp-json\/wp\/v2\/tags?post=84207"}],"curies":[{"name":"wp","href":"https:\/\/api.w.org\/{rel}","templated":true}]}}